{"id":642338,"date":"2026-01-05T11:19:13","date_gmt":"2026-01-05T11:19:13","guid":{"rendered":"https:\/\/www.europesays.com\/fr\/642338\/"},"modified":"2026-01-05T11:19:13","modified_gmt":"2026-01-05T11:19:13","slug":"nouvelles-tetes-au-pole-mer-mediterranee","status":"publish","type":"post","link":"https:\/\/www.europesays.com\/fr\/642338\/","title":{"rendered":"Nouvelles t\u00eates au P\u00f4le Mer M\u00e9diterran\u00e9e"},"content":{"rendered":"<p>Le P\u00f4le Mer M\u00e9diterran\u00e9e bas\u00e9 \u00e0 La Seyne-sur-Mer a annonc\u00e9 en d\u00e9cembre une s\u00e9rie de nominations dans ses \u00e9quipes. Au sein du service administratif plac\u00e9 sous la nouvelle responsabilit\u00e9 de B\u00e9rang\u00e8re Landi, deux nouvelles recrues int\u00e8grent l\u2019\u00e9quipe : Karine Giraud-Sauveur, en tant que secr\u00e9taire, et Laetitia Goossens au poste d\u2019assistante comptable. Dans le service Littoral\u2026<\/p>\n<p><a data-no-instant=\"1\" href=\"https:\/\/my.weezevent.com\/barometre-regional-des-levees-de-fonds-le-bilan-de-2025\" rel=\"noopener nofollow\" class=\"a2t-link\" target=\"_blank\" aria-label=\"V1 Widespread 7e Barome\u0300tre\"><img loading=\"lazy\" decoding=\"async\" src=\"data:image\/svg+xml,%3Csvg%20xmlns=\" http:=\"\" alt=\"\" data-lazy- data-lazy- width=\"1950\" height=\"241\" style=\"display: inline-block;\" data-lazy-src=\"https:\/\/www.europesays.com\/fr\/wp-content\/uploads\/2025\/12\/v1-widespread-7e-barometre.png\"\/><\/a><\/p>\n","protected":false},"excerpt":{"rendered":"Le P\u00f4le Mer M\u00e9diterran\u00e9e bas\u00e9 \u00e0 La Seyne-sur-Mer a annonc\u00e9 en d\u00e9cembre une s\u00e9rie de nominations dans ses&hellip;\n","protected":false},"author":2,"featured_media":642339,"comment_status":"","ping_status":"","sticky":false,"template":"","format":"standard","meta":{"footnotes":""},"categories":[9619],"tags":[1111,11,1777,674,1011,27,12,882,25,2310],"class_list":{"0":"post-642338","1":"post","2":"type-post","3":"status-publish","4":"format-standard","5":"has-post-thumbnail","7":"category-toulon","8":"tag-actu","9":"tag-actualites","10":"tag-eu","11":"tag-europe","12":"tag-fr","13":"tag-france","14":"tag-news","15":"tag-provence-alpes-cote-dazur","16":"tag-republique-francaise","17":"tag-toulon"},"share_on_mastodon":{"url":"https:\/\/pubeurope.com\/@fr\/115842224397908250","error":""},"_links":{"self":[{"href":"https:\/\/www.europesays.com\/fr\/wp-json\/wp\/v2\/posts\/642338","targetHints":{"allow":["GET"]}}],"collection":[{"href":"https:\/\/www.europesays.com\/fr\/wp-json\/wp\/v2\/posts"}],"about":[{"href":"https:\/\/www.europesays.com\/fr\/wp-json\/wp\/v2\/types\/post"}],"author":[{"embeddable":true,"href":"https:\/\/www.europesays.com\/fr\/wp-json\/wp\/v2\/users\/2"}],"replies":[{"embeddable":true,"href":"https:\/\/www.europesays.com\/fr\/wp-json\/wp\/v2\/comments?post=642338"}],"version-history":[{"count":0,"href":"https:\/\/www.europesays.com\/fr\/wp-json\/wp\/v2\/posts\/642338\/revisions"}],"wp:featuredmedia":[{"embeddable":true,"href":"https:\/\/www.europesays.com\/fr\/wp-json\/wp\/v2\/media\/642339"}],"wp:attachment":[{"href":"https:\/\/www.europesays.com\/fr\/wp-json\/wp\/v2\/media?parent=642338"}],"wp:term":[{"taxonomy":"category","embeddable":true,"href":"https:\/\/www.europesays.com\/fr\/wp-json\/wp\/v2\/categories?post=642338"},{"taxonomy":"post_tag","embeddable":true,"href":"https:\/\/www.europesays.com\/fr\/wp-json\/wp\/v2\/tags?post=642338"}],"curies":[{"name":"wp","href":"https:\/\/api.w.org\/{rel}","templated":true}]}}