{"id":64234,"date":"2025-04-30T11:20:09","date_gmt":"2025-04-30T11:20:09","guid":{"rendered":"https:\/\/www.europesays.com\/fr\/64234\/"},"modified":"2025-04-30T11:20:09","modified_gmt":"2025-04-30T11:20:09","slug":"resultats-connus-le-16-juin","status":"publish","type":"post","link":"https:\/\/www.europesays.com\/fr\/64234\/","title":{"rendered":"r\u00e9sultats connus le 16 juin"},"content":{"rendered":"<p>Impuls\u00e9e par le Cr\u00e9dit Mutuel, sa Fondation pour la lecture et la Ville de Nancy, la 16 e \u00e9dition du concours La Nouvelle de la classe a \u00e9t\u00e9 lanc\u00e9e dans le cadre du Livre sur la place, en septembre dernier. Elle s\u2019est ouverte sur une nouvelle formule\u00a0: le concours est d\u00e9sormais port\u00e9 par un pr\u00e9sident issu du monde litt\u00e9raire, qui sera renouvel\u00e9 chaque ann\u00e9e. Pour cette \u00e9dition, le grand romancier Timoth\u00e9e de Fombelle a accept\u00e9 de participer \u00e0 l\u2019aventure. Il a confi\u00e9 aux \u00e9l\u00e8ves quelques conseils d\u2019\u00e9criture \u00e0 travers une courte vid\u00e9o. Il a \u00e9galement particip\u00e9 \u00e0 la d\u00e9lib\u00e9ration et sera pr\u00e9sent \u00e0 Nancy le lundi 16\u00a0juin, jour de la remise des prix.<\/p>\n<p>Cette 16 e \u00e9dition a propos\u00e9 aux \u00e9l\u00e8ves de s\u2019inspirer de la premi\u00e8re phrase de chacun des trois tomes de Alma (Gallimard jeunesse), la trilogie de Timoth\u00e9e de Fombelle, pour imaginer une nouvelle. Ils ont \u00e9galement d\u00fb inventer un mot-valise, lui trouver une d\u00e9finition et l\u2019illustrer. Vingt-huit classes de CM1-CM2 de la r\u00e9gion Grand Est ont particip\u00e9 au concours.<\/p>\n<p>  Remise des prix le 16\u00a0juin<\/p>\n<p>Ce vendredi 25\u00a0avril, les membres du jury se sont r\u00e9unis pour choisir les dix meilleures productions, parmi les nouvelles re\u00e7ues, ainsi que le meilleur mot-valise et son illustration. Apr\u00e8s avoir partag\u00e9 leurs coups de c\u0153ur, ce qui les a touch\u00e9s ou fait rire, ils ont \u00e9lu les classes laur\u00e9ates. Le pr\u00e9sident avait transmis ses notations \u00e0 l\u2019organisation du Livre sur la place, et a valid\u00e9 la s\u00e9lection.<\/p>\n<p>Les 11 classes s\u00e9lectionn\u00e9es seront invit\u00e9es \u00e0 la remise des prix le lundi 16\u00a0juin dans le grand salon de l\u2019h\u00f4tel de ville de Nancy. En compagnie de Timoth\u00e9e de Fombelle, elles d\u00e9couvriront le palmar\u00e8s\u00a0:<\/p>\n<p>&#8211; Le premier prix de la meilleure nouvelle offrira \u00e0 la classe concern\u00e9e une journ\u00e9e exceptionnelle \u00e0 Paris avec une visite \u00e0 la Biblioth\u00e8que nationale de France,<\/p>\n<p>&#8211; Les deuxi\u00e8me et troisi\u00e8me prix de la meilleure nouvelle emm\u00e8neront les \u00e9l\u00e8ves \u00e0 une visite du laboratoire de l\u2019ATILF\/CNRS, sp\u00e9cialiste des sciences du langage. Des jeux autour de la langue leur seront propos\u00e9s.<\/p>\n<p>&#8211; Le quatri\u00e8me prix r\u00e9compensera le meilleur mot-valise et son illustration par une visite privil\u00e9gi\u00e9e de la Villa Majorelle.<\/p>\n","protected":false},"excerpt":{"rendered":"Impuls\u00e9e par le Cr\u00e9dit Mutuel, sa Fondation pour la lecture et la Ville de Nancy, la 16 e&hellip;\n","protected":false},"author":2,"featured_media":64235,"comment_status":"","ping_status":"","sticky":false,"template":"","format":"standard","meta":{"footnotes":""},"categories":[9635],"tags":[1111,11,1687,1704,1777,674,1011,27,775,2410,1702,1703,12,25],"class_list":{"0":"post-64234","1":"post","2":"type-post","3":"status-publish","4":"format-standard","5":"has-post-thumbnail","7":"category-nancy","8":"tag-actu","9":"tag-actualites","10":"tag-culture-loisirs","11":"tag-edition-nancy-et-agglomeration","12":"tag-eu","13":"tag-europe","14":"tag-fr","15":"tag-france","16":"tag-grand-est","17":"tag-livres-bd","18":"tag-nancy","19":"tag-nancy-ville-54b","20":"tag-news","21":"tag-republique-francaise"},"share_on_mastodon":{"url":"https:\/\/pubeurope.com\/@fr\/114426650481127858","error":""},"_links":{"self":[{"href":"https:\/\/www.europesays.com\/fr\/wp-json\/wp\/v2\/posts\/64234","targetHints":{"allow":["GET"]}}],"collection":[{"href":"https:\/\/www.europesays.com\/fr\/wp-json\/wp\/v2\/posts"}],"about":[{"href":"https:\/\/www.europesays.com\/fr\/wp-json\/wp\/v2\/types\/post"}],"author":[{"embeddable":true,"href":"https:\/\/www.europesays.com\/fr\/wp-json\/wp\/v2\/users\/2"}],"replies":[{"embeddable":true,"href":"https:\/\/www.europesays.com\/fr\/wp-json\/wp\/v2\/comments?post=64234"}],"version-history":[{"count":0,"href":"https:\/\/www.europesays.com\/fr\/wp-json\/wp\/v2\/posts\/64234\/revisions"}],"wp:featuredmedia":[{"embeddable":true,"href":"https:\/\/www.europesays.com\/fr\/wp-json\/wp\/v2\/media\/64235"}],"wp:attachment":[{"href":"https:\/\/www.europesays.com\/fr\/wp-json\/wp\/v2\/media?parent=64234"}],"wp:term":[{"taxonomy":"category","embeddable":true,"href":"https:\/\/www.europesays.com\/fr\/wp-json\/wp\/v2\/categories?post=64234"},{"taxonomy":"post_tag","embeddable":true,"href":"https:\/\/www.europesays.com\/fr\/wp-json\/wp\/v2\/tags?post=64234"}],"curies":[{"name":"wp","href":"https:\/\/api.w.org\/{rel}","templated":true}]}}