{"id":642340,"date":"2026-01-05T11:20:19","date_gmt":"2026-01-05T11:20:19","guid":{"rendered":"https:\/\/www.europesays.com\/fr\/642340\/"},"modified":"2026-01-05T11:20:19","modified_gmt":"2026-01-05T11:20:19","slug":"on-nest-pas-des-robots-pierre-mignoni-assume-lenvoi-des-jeunes","status":"publish","type":"post","link":"https:\/\/www.europesays.com\/fr\/642340\/","title":{"rendered":"\u00ab On n\u2019est pas des robots \u00bb, Pierre Mignoni assume l\u2019envoi des jeunes"},"content":{"rendered":"<p>Lourde d\u00e9faite \u00e0 Marcel-Deflandre, effectif d\u00e9cim\u00e9 et \u00e9quipe rajeunie : Pierre Mignoni a pris la parole apr\u00e8s La Rochelle \u2013 Toulon pour remettre du contexte.<\/p>\n<p><img loading=\"lazy\" data-recalc-dims=\"1\" decoding=\"async\" width=\"696\" height=\"406\" alt=\"Pierre Mignoni\" class=\"wp-image-9212 lazyload\" style=\"width:1200px\" src=\"https:\/\/www.europesays.com\/fr\/wp-content\/uploads\/2026\/01\/Pierre-Mignoni.jpg\"  data- data-eio-rwidth=\"696\" data-eio-rheight=\"406\"\/><br \/>Pierre Mignoni a point\u00e9 du doigt un syst\u00e8me qui commence \u00e0 montrer ses limites \u2013 \u00a9 <a href=\"https:\/\/www.youtube.com\/watch?v=449G9jlCAZI\" target=\"_blank\" rel=\"noreferrer noopener\">Youtube, RCT Officiel<\/a><\/p>\n<p>La claque est s\u00e9v\u00e8re, presque irr\u00e9elle au tableau d\u2019affichage. Battu 66-0 \u00e0 La Rochelle en cl\u00f4ture de la 14e journ\u00e9e, Toulon est reparti de Marcel-Deflandre sans points, mais avec un message clair d\u00e9livr\u00e9 par son manager, Pierre Mignoni. Pas question de se cacher derri\u00e8re le score. Pas question non plus de s\u2019excuser d\u2019avoir align\u00e9 une \u00e9quipe tr\u00e8s rajeunie.<\/p>\n<p>D\u00e8s l\u2019analyse \u00e0 chaud, le technicien varois a reconnu la difficult\u00e9 du contexte. \u00ab On savait que \u00e7a allait \u00eatre compliqu\u00e9, on avait peu de chances de gagner, il faut \u00eatre honn\u00eate \u00bb, a-t-il expliqu\u00e9, des propos rapport\u00e9s par Rugbyrama, en rappelant la sup\u00e9riorit\u00e9 rochelaise et la pression constante impos\u00e9e pendant 80 minutes. Ce qui lui laisse le plus d\u2019amertume, c\u2019est surtout de ne pas avoir r\u00e9ussi \u00e0 marquer le moindre essai. \u00ab C\u2019est tr\u00e8s difficile ce soir, mais il faut passer par des matchs comme \u00e7a pour grandir et apprendre. \u00bb<\/p>\n<p>Un apprentissage brutal, mais assum\u00e9<\/p>\n<p>Mignoni ne s\u2019est pas r\u00e9fugi\u00e9 derri\u00e8re l\u2019excuse de la surprise. Au contraire. \u00ab Je m\u2019attendais \u00e0 ce que ce soit dur \u00bb, a-t-il insist\u00e9, soulignant qu\u2019encaisser 60 points, aussi violent soit-il, n\u2019est pas une situation in\u00e9dite en Top 14. Pour lui, cette soir\u00e9e fait partie du parcours, surtout pour des jeunes propuls\u00e9s dans le grand bain. \u00ab Il faut passer par l\u00e0 pour qu\u2019ils apprennent aussi ce que c\u2019est le tr\u00e8s haut niveau. C\u2019est formateur. \u00bb<\/p>\n<p><a href=\"https:\/\/www.rugbyscope.fr\/la-rochelle-toulon-les-maritimes-ont-logiquement-triomphe-de-jeunes-toulonnais\/\" target=\"_blank\" rel=\"noreferrer noopener\"><strong>\u2022 LIRE AUSSI : La Rochelle a largement surclass\u00e9 Toulon \u00e0 Deflandre<\/strong><\/a><\/p>\n<p>Le choix d\u2019envoyer autant de novices au Stade Rochelais n\u2019a rien d\u2019un pari gratuit. Le manager toulonnais l\u2019a rappel\u00e9 : dix-neuf absents, entre blessures et cong\u00e9s obligatoires, et une s\u00e9rie de matchs importants \u00e0 venir. \u00ab On \u00e9tait oblig\u00e9s de faire des choix. Je les assume \u00bb, a-t-il tranch\u00e9, tout en d\u00e9fendant l\u2019\u00e9tat d\u2019esprit affich\u00e9 par ses jeunes. \u00ab S\u2019ils sont l\u00e0, c\u2019est qu\u2019on mise sur eux. Aujourd\u2019hui c\u2019\u00e9tait difficile, mais ils vont progresser. \u00bb<\/p>\n<p>\u00ab\u00a0Si \u00e7a ne pla\u00eet pas, qu\u2019on me donne du salary-cap et des moyens pour avoir trois \u00e9quipes. Aujourd\u2019hui, on ne les a pas.\u00a0\u00bb<\/p>\n<p>  \u2014 Pierre Mignoni en conf\u00e9rence de presse\n<\/p>\n<p>Tr\u00e8s vite, le discours a d\u00e9pass\u00e9 le simple cadre du match. Face \u00e0 ceux qui estiment que ce type de score nuit au spectacle du Top 14, Mignoni a r\u00e9pondu sans d\u00e9tour. \u00ab Nos jeunes n\u2019ont pas le droit de se former ? \u00bb a-t-il lanc\u00e9, avant d\u2019\u00e9largir le d\u00e9bat. Salary-cap resserr\u00e9, jokers limit\u00e9s, calendrier surcharg\u00e9 : selon lui, les clubs sont pouss\u00e9s dans leurs retranchements. \u00ab On nous presse comme des citrons. Vous voulez qu\u2019on fasse comment ? \u00bb<\/p>\n<p>Le manager du RCT a insist\u00e9 sur la r\u00e9alit\u00e9 d\u2019un championnat long et \u00e9prouvant. \u00ab On n\u2019est pas des robots. On nous demande de jouer onze mois par saison \u00bb, a-t-il rappel\u00e9, pr\u00e9cisant qu\u2019il parlait autant pour Toulon que pour l\u2019ensemble des clubs. Sans se poser en victime : \u00ab je connais le syst\u00e8me \u00bb, a-t-il gliss\u00e9, fort de ses ann\u00e9es de joueur et d\u2019entra\u00eeneur. Mignoni a surtout voulu poser une limite claire : sans moyens suppl\u00e9mentaires, il est illusoire d\u2019exiger des effectifs capables d\u2019aligner plusieurs \u00e9quipes comp\u00e9titives. \u00ab Si \u00e7a ne pla\u00eet pas, qu\u2019on me donne du salary-cap et des moyens pour avoir trois \u00e9quipes. Aujourd\u2019hui, on ne les a pas. \u00bb<\/p>\n<p>Se projeter malgr\u00e9 tout<\/p>\n<p>Dans cette soir\u00e9e difficile, une note positive subsiste c\u00f4t\u00e9 toulonnais : aucune blessure suppl\u00e9mentaire \u00e0 d\u00e9plorer. Un soulagement \u00e0 l\u2019approche d\u2019un calendrier encore charg\u00e9, avec la Coupe d\u2019Europe qui arrive. \u00ab C\u2019est la tr\u00e8s bonne nouvelle \u00bb, a reconnu Mignoni, conscient que la priorit\u00e9 reste d\u00e9sormais de r\u00e9cup\u00e9rer quelques joueurs parmi les nombreux absents.<\/p>\n<p>\u00c0 La Rochelle, Toulon a pris un mur. Mais dans le discours de son manager, le message est limpide : ce 66-0 n\u2019est pas une renonciation, encore moins un abandon. C\u2019est le reflet brut d\u2019un effectif sous contrainte et d\u2019un syst\u00e8me qui, selon lui, arrive parfois \u00e0 ses limites.<\/p>\n","protected":false},"excerpt":{"rendered":"Lourde d\u00e9faite \u00e0 Marcel-Deflandre, effectif d\u00e9cim\u00e9 et \u00e9quipe rajeunie : Pierre Mignoni a pris la parole apr\u00e8s La&hellip;\n","protected":false},"author":2,"featured_media":642341,"comment_status":"","ping_status":"","sticky":false,"template":"","format":"standard","meta":{"footnotes":""},"categories":[9619],"tags":[1111,11,1777,674,1011,27,12,882,25,2310],"class_list":{"0":"post-642340","1":"post","2":"type-post","3":"status-publish","4":"format-standard","5":"has-post-thumbnail","7":"category-toulon","8":"tag-actu","9":"tag-actualites","10":"tag-eu","11":"tag-europe","12":"tag-fr","13":"tag-france","14":"tag-news","15":"tag-provence-alpes-cote-dazur","16":"tag-republique-francaise","17":"tag-toulon"},"share_on_mastodon":{"url":"https:\/\/pubeurope.com\/@fr\/115842228227359584","error":""},"_links":{"self":[{"href":"https:\/\/www.europesays.com\/fr\/wp-json\/wp\/v2\/posts\/642340","targetHints":{"allow":["GET"]}}],"collection":[{"href":"https:\/\/www.europesays.com\/fr\/wp-json\/wp\/v2\/posts"}],"about":[{"href":"https:\/\/www.europesays.com\/fr\/wp-json\/wp\/v2\/types\/post"}],"author":[{"embeddable":true,"href":"https:\/\/www.europesays.com\/fr\/wp-json\/wp\/v2\/users\/2"}],"replies":[{"embeddable":true,"href":"https:\/\/www.europesays.com\/fr\/wp-json\/wp\/v2\/comments?post=642340"}],"version-history":[{"count":0,"href":"https:\/\/www.europesays.com\/fr\/wp-json\/wp\/v2\/posts\/642340\/revisions"}],"wp:featuredmedia":[{"embeddable":true,"href":"https:\/\/www.europesays.com\/fr\/wp-json\/wp\/v2\/media\/642341"}],"wp:attachment":[{"href":"https:\/\/www.europesays.com\/fr\/wp-json\/wp\/v2\/media?parent=642340"}],"wp:term":[{"taxonomy":"category","embeddable":true,"href":"https:\/\/www.europesays.com\/fr\/wp-json\/wp\/v2\/categories?post=642340"},{"taxonomy":"post_tag","embeddable":true,"href":"https:\/\/www.europesays.com\/fr\/wp-json\/wp\/v2\/tags?post=642340"}],"curies":[{"name":"wp","href":"https:\/\/api.w.org\/{rel}","templated":true}]}}