{"id":642358,"date":"2026-01-05T11:31:12","date_gmt":"2026-01-05T11:31:12","guid":{"rendered":"https:\/\/www.europesays.com\/fr\/642358\/"},"modified":"2026-01-05T11:31:12","modified_gmt":"2026-01-05T11:31:12","slug":"deux-coureurs-de-20-et-19-ans-dominent-la-26e-promclassic-devant-les-favoris-a-nice","status":"publish","type":"post","link":"https:\/\/www.europesays.com\/fr\/642358\/","title":{"rendered":"Deux coureurs de 20\u00a0et 19\u00a0ans dominent la 26e Prom\u2019Classic devant les favoris \u00e0 Nice"},"content":{"rendered":"<p class=\"fs-5 \">Il se r\u00eave un destin olympique, s\u2019est choisi pour mod\u00e8le un certain Jimmy Gressier, mais a aussi la t\u00eate bien viss\u00e9e sur les \u00e9paules.<\/p>\n<p class=\"fs-5 \">Avec, en prime, quelques solides r\u00e9f\u00e9rences d\u00e9j\u00e0 accroch\u00e9es au dossard (il a, \u00e0 de multiples reprises, \u00e9t\u00e9 sacr\u00e9 chez les jeunes, champion de France sur route, comme en cross). Et pourtant\u2026<\/p>\n<p class=\"fs-5 \"><strong>Gaston Rohmer<\/strong>, du c\u00f4t\u00e9 des <strong>bookmakers<\/strong>, c\u2019\u00e9tait plut\u00f4t la grosse cote. L\u2019outsider sur qui miser pour esp\u00e9rer toucher le pactole. Le costard de favori semblait en effet taill\u00e9 encore un peu trop large pour ses \u00e9paules\u2026<\/p>\n<p class=\"fs-5 \">C\u2019eut donc \u00e9t\u00e9 plus qu\u2019audacieux, et m\u00eame culott\u00e9, de parier sur le gar\u00e7on. Mais l\u2019Alsacien, du haut de ses 20 piges (il a f\u00eat\u00e9 son anniversaire le 27 d\u00e9cembre) ne manque ni de talent, ni de caract\u00e8re.<\/p>\n<p class=\"fs-5 \">Et sa foul\u00e9e s\u2019est av\u00e9r\u00e9e aussi d\u00e9vastatrice pour la concurrence que le <strong>kougelhopf<\/strong> est promesse de damnation pour les gourmands condamn\u00e9s au r\u00e9gime\u2026<\/p>\n<p class=\"fs-5 \">Pourtant, apr\u00e8s avoir \u00e9t\u00e9 point\u00e9 en t\u00eate \u00e0 mi-parcours (les 5 premiers km aval\u00e9s en 14\u201901), il lui a surtout fallu batailler contre ce vent de face qui, finalement, aura raison de ses espoirs chronom\u00e9triques.<\/p>\n<p class=\"fs-5 \">Il ne s\u2019est toutefois jamais d\u00e9suni dans l\u2019effort, a su maintenir la bonne cadence pour continuer \u00e0 creuser les \u00e9carts sur la petite meute l\u00e2ch\u00e9e alors \u00e0 ses trousses\u2026<\/p>\n<p>                                                                                Le vent pour ennemi\u2026<\/p>\n<p class=\"fs-5 \">Le natif d\u2019Obernai (Bas-Rhin), licenci\u00e9 au Vendenheim Athl\u00e9tisme et peintre en b\u00e2timent dans la vie de tous les jours, s\u2019est donc impos\u00e9 en costaud (28\u201928\u2019\u2019), hier. Mais presqu\u2019\u00e0 l\u2019insu de son plein gr\u00e9\u2026<\/p>\n<p class=\"fs-5 \">\u00ab\u00a0Je ne m\u2019y attendais franchement pas. Je suis content, \u00e9videmment, mais j\u2019\u00e9tais venu \u00e0 Nice avant tout pour travailler en intensit\u00e9, en vitesse, avant de basculer sur la saison des cross. C\u2019est donc comme une cerise sur le g\u00e2teau, m\u00eame si, encore une fois, le temps que j\u2019ai r\u00e9ussi n\u2019est pas celui que j\u2019esp\u00e9rais\u2026 \u00a0\u00bb<\/p>\n<p>                                                                                Pas dans un bon jour<\/p>\n<p class=\"fs-5 \">Dans l\u2019ombre du vainqueur, c\u2019est la silhouette d\u2019un autre \u00ab\u00a0gamin\u00a0\u00bb (19 ans), qui s\u2019est sobrement dessin\u00e9e. Et lui, en revanche, est bien connu des sp\u00e9cialistes, puisque <strong>Martin Hubner<\/strong>, l\u2019an pass\u00e9, avait battu sur cette m\u00eame <strong>Promenade des Anglais<\/strong>, le record de France juniors (29\u201901\u2019\u2019).<\/p>\n<p class=\"fs-5 \">Un an apr\u00e8s, le triathl\u00e8te bisontin n\u2019a certes pas autant affol\u00e9 les chronos, mais s\u2019empare n\u00e9anmoins de la 2e place sur le podium. Ce qui semblait d\u2019ailleurs parfaitement lui convenir. M\u00eame si\u2026<\/p>\n<p class=\"fs-5 \">\u00ab\u00a0J\u2019avais de grosses ambitions. Je m\u2019\u00e9tais fix\u00e9 28\u201915\u2019\u2019 (soit 15 secondes qu\u2019il comptait raboter sur le temps \u00e9tabli, il y a deux semaines, \u00e0 la Corrida de Houilles, NDLR), mais aujourd\u2019hui, avec ce vent, j\u2019ai vite compris que ce serait compliqu\u00e9. Mais bon, je suis malgr\u00e9 tout satisfait, d\u2019autant qu\u2019il y avait de la densit\u00e9 sur cette course. Alors finir deuxi\u00e8me, \u00e7a reste une belle surprise\u2026 \u00a0\u00bb<\/p>\n<p class=\"fs-5 \">En revanche, <strong>Rapha\u00ebl Montoya<\/strong>, lui, a pris un vilain souffl\u00e9. Le pensionnaire du <strong>NCAA<\/strong> et <strong>champion de France de la distance<\/strong> n\u2019a jamais sembl\u00e9 en mesure d\u2019imposer son rythme, encore moins de jouer la gagne.<\/p>\n<p class=\"fs-5 \">\u00ab\u00a0\u00c0 chaud, comme \u00e7a, je suis vraiment d\u00e9\u00e7u, a-t-il analys\u00e9 peu apr\u00e8s avoir franchi la ligne. J\u2019\u00e9tais venu pour m\u2019imposer, mais j\u2019ai compris assez vite que je n\u2019avais pas de tr\u00e8s bonnes jambes. <\/p>\n<p class=\"fs-5 \">\u00c7a arrive, c\u2019est le sport, mais du coup, j\u2019ai subi toute la course. Sur le retour, je ne pouvais m\u00eame pas assurer les relais\u2026 <\/p>\n<p class=\"fs-5 \">Mais bon, j\u2019ai quand m\u00eame pris du plaisir, et pu, au sprint, assurer une place sur le podium. C\u2019est une maigre consolation, mais une consolation quand m\u00eame\u00a0\u00bb.<\/p>\n<p class=\"fs-5 \">La voix de la sagesse\u00a0?<\/p>\n","protected":false},"excerpt":{"rendered":"Il se r\u00eave un destin olympique, s\u2019est choisi pour mod\u00e8le un certain Jimmy Gressier, mais a aussi la&hellip;\n","protected":false},"author":2,"featured_media":642359,"comment_status":"","ping_status":"","sticky":false,"template":"","format":"standard","meta":{"footnotes":""},"categories":[2819],"tags":[1111,11,1777,674,1011,27,12,2401,882,25],"class_list":{"0":"post-642358","1":"post","2":"type-post","3":"status-publish","4":"format-standard","5":"has-post-thumbnail","7":"category-nice","8":"tag-actu","9":"tag-actualites","10":"tag-eu","11":"tag-europe","12":"tag-fr","13":"tag-france","14":"tag-news","15":"tag-nice","16":"tag-provence-alpes-cote-dazur","17":"tag-republique-francaise"},"share_on_mastodon":{"url":"https:\/\/pubeurope.com\/@fr\/115842271419949506","error":""},"_links":{"self":[{"href":"https:\/\/www.europesays.com\/fr\/wp-json\/wp\/v2\/posts\/642358","targetHints":{"allow":["GET"]}}],"collection":[{"href":"https:\/\/www.europesays.com\/fr\/wp-json\/wp\/v2\/posts"}],"about":[{"href":"https:\/\/www.europesays.com\/fr\/wp-json\/wp\/v2\/types\/post"}],"author":[{"embeddable":true,"href":"https:\/\/www.europesays.com\/fr\/wp-json\/wp\/v2\/users\/2"}],"replies":[{"embeddable":true,"href":"https:\/\/www.europesays.com\/fr\/wp-json\/wp\/v2\/comments?post=642358"}],"version-history":[{"count":0,"href":"https:\/\/www.europesays.com\/fr\/wp-json\/wp\/v2\/posts\/642358\/revisions"}],"wp:featuredmedia":[{"embeddable":true,"href":"https:\/\/www.europesays.com\/fr\/wp-json\/wp\/v2\/media\/642359"}],"wp:attachment":[{"href":"https:\/\/www.europesays.com\/fr\/wp-json\/wp\/v2\/media?parent=642358"}],"wp:term":[{"taxonomy":"category","embeddable":true,"href":"https:\/\/www.europesays.com\/fr\/wp-json\/wp\/v2\/categories?post=642358"},{"taxonomy":"post_tag","embeddable":true,"href":"https:\/\/www.europesays.com\/fr\/wp-json\/wp\/v2\/tags?post=642358"}],"curies":[{"name":"wp","href":"https:\/\/api.w.org\/{rel}","templated":true}]}}