{"id":642360,"date":"2026-01-05T11:32:11","date_gmt":"2026-01-05T11:32:11","guid":{"rendered":"https:\/\/www.europesays.com\/fr\/642360\/"},"modified":"2026-01-05T11:32:11","modified_gmt":"2026-01-05T11:32:11","slug":"en-2026-le-magazine-papier-du-diocese-de-nice-reduit-la-voilure","status":"publish","type":"post","link":"https:\/\/www.europesays.com\/fr\/642360\/","title":{"rendered":"En 2026, le magazine papier du dioc\u00e8se de Nice r\u00e9duit la voilure"},"content":{"rendered":"<p>Il passe<strong> de 12 num\u00e9ros par mois \u00e0 6 num\u00e9ros par mois<\/strong>. Le magazine \u00e9dit\u00e9 et r\u00e9alis\u00e9 par le service communication du dioc\u00e8se de Nice ne sera plus mensuel en 2026. Il est d\u00e9sormais publi\u00e9 <strong>une fois tous les deux mois<\/strong>. Son prix ne va pas changer: <strong>5,50 euros<\/strong>. Les lecteurs assidus de la revue dioc\u00e9saine en ont \u00e9t\u00e9 inform\u00e9s lors du num\u00e9ro de d\u00e9cembre 2025.\u00a0<\/p>\n<p>\u00ab\u00a0Proposer des contenus plus riche\u00a0\u00bb<\/p>\n<p>Le service communication du dioc\u00e8se change la strat\u00e9gie du magazine pour \u00ab\u00a0proposer des contenus plus riches, tout en garantissant une meilleure qualit\u00e9 \u00e9ditoriale et graphique\u00a0\u00bb. La nouveaut\u00e9, c&rsquo;est <strong>l&rsquo;\u00e9dition d&rsquo;un hors-s\u00e9rie<\/strong>, chaque ann\u00e9e, pour \u00ab\u00a0mettre en lumi\u00e8re les visages, les \u00e9v\u00e9nements et les lieux qui font rayonner notre Eglise\u00a0\u00bb indique l&rsquo;\u00e9quipe qui \u00e9dite le magazine.\u00a0<\/p>\n<p>Assurer l&rsquo;avenir du magazine<\/p>\n<p>Cette \u00e9volution du magazine doit permettre d&rsquo;assurer \u00ab\u00a0la p\u00e9rennit\u00e9 d&rsquo;un m\u00e9dia dioc\u00e9sain moderne\u00a0\u00bb qui penche donc vers le num\u00e9rique avec <strong>beaucoup plus de contenus sur les r\u00e9seaux sociaux<\/strong> et sur le site internet du dioc\u00e8se de Nice.\u00a0<\/p>\n","protected":false},"excerpt":{"rendered":"Il passe de 12 num\u00e9ros par mois \u00e0 6 num\u00e9ros par mois. Le magazine \u00e9dit\u00e9 et r\u00e9alis\u00e9 par&hellip;\n","protected":false},"author":2,"featured_media":642361,"comment_status":"","ping_status":"","sticky":false,"template":"","format":"standard","meta":{"footnotes":""},"categories":[2819],"tags":[1111,11,1777,674,1011,27,12,2401,882,25],"class_list":{"0":"post-642360","1":"post","2":"type-post","3":"status-publish","4":"format-standard","5":"has-post-thumbnail","7":"category-nice","8":"tag-actu","9":"tag-actualites","10":"tag-eu","11":"tag-europe","12":"tag-fr","13":"tag-france","14":"tag-news","15":"tag-nice","16":"tag-provence-alpes-cote-dazur","17":"tag-republique-francaise"},"share_on_mastodon":{"url":"https:\/\/pubeurope.com\/@fr\/115842275280004811","error":""},"_links":{"self":[{"href":"https:\/\/www.europesays.com\/fr\/wp-json\/wp\/v2\/posts\/642360","targetHints":{"allow":["GET"]}}],"collection":[{"href":"https:\/\/www.europesays.com\/fr\/wp-json\/wp\/v2\/posts"}],"about":[{"href":"https:\/\/www.europesays.com\/fr\/wp-json\/wp\/v2\/types\/post"}],"author":[{"embeddable":true,"href":"https:\/\/www.europesays.com\/fr\/wp-json\/wp\/v2\/users\/2"}],"replies":[{"embeddable":true,"href":"https:\/\/www.europesays.com\/fr\/wp-json\/wp\/v2\/comments?post=642360"}],"version-history":[{"count":0,"href":"https:\/\/www.europesays.com\/fr\/wp-json\/wp\/v2\/posts\/642360\/revisions"}],"wp:featuredmedia":[{"embeddable":true,"href":"https:\/\/www.europesays.com\/fr\/wp-json\/wp\/v2\/media\/642361"}],"wp:attachment":[{"href":"https:\/\/www.europesays.com\/fr\/wp-json\/wp\/v2\/media?parent=642360"}],"wp:term":[{"taxonomy":"category","embeddable":true,"href":"https:\/\/www.europesays.com\/fr\/wp-json\/wp\/v2\/categories?post=642360"},{"taxonomy":"post_tag","embeddable":true,"href":"https:\/\/www.europesays.com\/fr\/wp-json\/wp\/v2\/tags?post=642360"}],"curies":[{"name":"wp","href":"https:\/\/api.w.org\/{rel}","templated":true}]}}