{"id":642363,"date":"2026-01-05T11:34:25","date_gmt":"2026-01-05T11:34:25","guid":{"rendered":"https:\/\/www.europesays.com\/fr\/642363\/"},"modified":"2026-01-05T11:34:25","modified_gmt":"2026-01-05T11:34:25","slug":"a-nantes-le-projet-de-centre-de-retention-administrative-fait-toujours-autant-debat","status":"publish","type":"post","link":"https:\/\/www.europesays.com\/fr\/642363\/","title":{"rendered":"\u00c0 Nantes, le projet de centre de r\u00e9tention administrative fait toujours autant d\u00e9bat\u00a0"},"content":{"rendered":"<p><img decoding=\"async\" class=\"\" style=\"width:100%;max-width:100%\" src=\"https:\/\/www.europesays.com\/fr\/wp-content\/uploads\/2026\/01\/prison1767604126580-format16by9.jpg\" alt=\"Un projet de centre de r\u00e9tention administrative doit voir le jour en 2028 \u00e0 Nantes\"\/><\/p>\n<p>Un projet de centre de r\u00e9tention administrative doit voir le jour en 2028 \u00e0 Nantes<\/p>\n<p>Cr\u00e9dit : Image d&rsquo;illustration &#8211; Envato DR<\/p>\n<p>C&rsquo;est un projet qui a fait couler beaucoup d&rsquo;encre. Celui du <strong>centre de r\u00e9tention administrative de Nantes<\/strong>. Il pr\u00e9voit d&rsquo;<strong>enfermer des personnes de nationalit\u00e9s \u00e9trang\u00e8res en vue d&rsquo;une expulsion du territoire national<\/strong>. D&rsquo;une capacit\u00e9 d&rsquo;accueil de 140 personnes, il serait <strong>le plus grand site de l&rsquo;Ouest du pays<\/strong>, et l&rsquo;un des plus grands de France. Mais <strong>son ouverture, pr\u00e9vue pour 2028, fait pol\u00e9mique<\/strong>.\u00a0<\/p>\n<p>\u00a0<\/p>\n<p>Le centre implant\u00e9 dans une zone humide<\/p>\n<p>De nombreuses associations, syndicats et politiques oppos\u00e9s au Cra sont regroup\u00e9 au sein de Col\u00e8re Nantes. L&rsquo;organisation <strong>d\u00e9nonce l&rsquo;installation de ce projet sur le champ de man\u0153uvre au Nord de Nantes<\/strong>. Ce qui implique <strong>la destruction du Bois dormant<\/strong>, soit pr\u00e8s de 5 hectares naturels en zone humide.<\/p>\n<p>Dans l&rsquo;enqu\u00eate publique qui se termine ce lundi 5 janvier \u00e0 17h, pr\u00e8s de <strong>700 contributions ont \u00e9t\u00e9 recueillies<\/strong>, en grande partie oppos\u00e9es au projet.<\/p>\n<p>\u00a0<\/p>\n<p>Des divergences entre les partis politiques<\/p>\n<p><strong>Johanna Rolland, la maire de Nantes<\/strong>, a indiqu\u00e9 le 10 juillet dernier dans un communiqu\u00e9, <strong>son opposition de principe aux centres de r\u00e9tention administrative<\/strong>, \u00ab\u00a0prison du d\u00e9sespoir o\u00f9 la dignit\u00e9 humaine est pi\u00e9tin\u00e9e\u00a0\u00bb. Une position purement personnelle, car <strong>comme maire, elle n&rsquo;a aucun levier juridique pour s&rsquo;y opposer<\/strong>.<\/p>\n<p>De leur c\u00f4t\u00e9, <strong>les \u00e9lus nantais de droite et du centre y sont favorables<\/strong>.\u00a0<\/p>\n","protected":false},"excerpt":{"rendered":"Un projet de centre de r\u00e9tention administrative doit voir le jour en 2028 \u00e0 Nantes Cr\u00e9dit : Image&hellip;\n","protected":false},"author":2,"featured_media":642364,"comment_status":"","ping_status":"","sticky":false,"template":"","format":"standard","meta":{"footnotes":""},"categories":[2818],"tags":[1111,11,74916,26549,74917,4346,10153,3331,1777,674,31233,1011,27,6945,3047,5107,766,12,419,2636,1062,806,25,21390],"class_list":{"0":"post-642363","1":"post","2":"type-post","3":"status-publish","4":"format-standard","5":"has-post-thumbnail","7":"category-nantes","8":"tag-actu","9":"tag-actualites","10":"tag-bois-dormant","11":"tag-centre-de-retention-administrative","12":"tag-colere-nantes","13":"tag-cra","14":"tag-elus","15":"tag-etrangers","16":"tag-eu","17":"tag-europe","18":"tag-favorable","19":"tag-fr","20":"tag-france","21":"tag-johanna-rolland","22":"tag-loire-atlantique","23":"tag-maire","24":"tag-nantes","25":"tag-news","26":"tag-opposition","27":"tag-pays-de-la-loire","28":"tag-polemique","29":"tag-prison","30":"tag-republique-francaise","31":"tag-situation-irreguliere"},"share_on_mastodon":{"url":"https:\/\/pubeurope.com\/@fr\/115842283723339825","error":""},"_links":{"self":[{"href":"https:\/\/www.europesays.com\/fr\/wp-json\/wp\/v2\/posts\/642363","targetHints":{"allow":["GET"]}}],"collection":[{"href":"https:\/\/www.europesays.com\/fr\/wp-json\/wp\/v2\/posts"}],"about":[{"href":"https:\/\/www.europesays.com\/fr\/wp-json\/wp\/v2\/types\/post"}],"author":[{"embeddable":true,"href":"https:\/\/www.europesays.com\/fr\/wp-json\/wp\/v2\/users\/2"}],"replies":[{"embeddable":true,"href":"https:\/\/www.europesays.com\/fr\/wp-json\/wp\/v2\/comments?post=642363"}],"version-history":[{"count":0,"href":"https:\/\/www.europesays.com\/fr\/wp-json\/wp\/v2\/posts\/642363\/revisions"}],"wp:featuredmedia":[{"embeddable":true,"href":"https:\/\/www.europesays.com\/fr\/wp-json\/wp\/v2\/media\/642364"}],"wp:attachment":[{"href":"https:\/\/www.europesays.com\/fr\/wp-json\/wp\/v2\/media?parent=642363"}],"wp:term":[{"taxonomy":"category","embeddable":true,"href":"https:\/\/www.europesays.com\/fr\/wp-json\/wp\/v2\/categories?post=642363"},{"taxonomy":"post_tag","embeddable":true,"href":"https:\/\/www.europesays.com\/fr\/wp-json\/wp\/v2\/tags?post=642363"}],"curies":[{"name":"wp","href":"https:\/\/api.w.org\/{rel}","templated":true}]}}