{"id":642369,"date":"2026-01-05T11:37:10","date_gmt":"2026-01-05T11:37:10","guid":{"rendered":"https:\/\/www.europesays.com\/fr\/642369\/"},"modified":"2026-01-05T11:37:10","modified_gmt":"2026-01-05T11:37:10","slug":"un-nouveau-directeur-pour-lecole-dingenieurs-de-toulouse-purpan","status":"publish","type":"post","link":"https:\/\/www.europesays.com\/fr\/642369\/","title":{"rendered":"Un nouveau directeur pour l\u2019\u00e9cole d\u2019ing\u00e9nieurs de Toulouse Purpan"},"content":{"rendered":"<p>\n                                                                    l&rsquo;essentiel<br \/>\n                                                                La c\u00e9l\u00e8bre \u00e9cole d\u2019ing\u00e9nieurs fond\u00e9e en 1919 \u00e0 Toulouse par des agriculteurs et des \u00e9ducateurs j\u00e9suites nomme Micha\u00ebl Mourez comme nouveau directeur g\u00e9n\u00e9ral.\n                            <\/p>\n<p>Comme nous l\u2019annoncions dans <a href=\"https:\/\/www.ladepeche.fr\/2025\/12\/15\/eric-latge-quitte-la-direction-de-lecole-dingenieurs-de-purpan-13112528.php\" target=\"_blank\" rel=\"noopener\">notre \u00e9dition du 15\u00a0d\u00e9cembre<\/a>, l\u2019\u00e9cole d\u2019ing\u00e9nieurs de Purpan \u00e0 Toulouse se dote d\u2019un nouveau directeur g\u00e9n\u00e9ral. Sp\u00e9cialis\u00e9e en sciences du vivant, agriculture et agroalimentaire, l\u2019\u00e9cole \u00e0 la r\u00e9putation nationale est d\u00e9sormais dirig\u00e9e par <strong>Micha\u00ebl Mourez<\/strong>. Il succ\u00e8de \u00e0 Eric Latg\u00e9 qui a dirig\u00e9 l\u2019\u00e9cole pendant neuf ans et qui a d\u00e9cid\u00e9, \u00e0 62 ans, de vivre dans les Landes.<\/p>\n<p>De Harvard et Montr\u00e9al \u00e0 Toulouse<\/p>\n<p>Micha\u00ebl Mourez \u00e9tait jusqu\u2019\u00e0 pr\u00e9sent\u00a0directeur g\u00e9n\u00e9ral adjoint et directeur de l\u2019enseignement de l\u2019\u00e9cole.\u00a0Ing\u00e9nieur dipl\u00f4m\u00e9 de l\u2019\u00c9cole Polytechnique et de l\u2019Institut National Agronomique Paris-Grignon (AgroParisTech), et titulaire d\u2019un doctorat en bact\u00e9riologie fondamentale effectu\u00e9 \u00e0 l\u2019Institut Pasteur, Micha\u00ebl Mourez a construit une carri\u00e8re \u00e0 l\u2019intersection de la recherche, de l\u2019innovation et de la p\u00e9dagogie. Son expertise scientifique, forg\u00e9e notamment \u00e0 Harvard et \u00e0 l\u2019Universit\u00e9 de Montr\u00e9al, s\u2019est enrichie d\u2019une exp\u00e9rience terrain en gestion de projets et en strat\u00e9gie institutionnelle au sein d\u2019institutions prestigieuses publiques et priv\u00e9es (Harvard, Sanofi, Evotec) et de plusieurs comit\u00e9s scientifiques.<\/p>\n<p>Adapter les formations aux transitions \u00e9cologiques<\/p>\n<p>Depuis 2020, il occupe des fonctions cl\u00e9s au sein de Purpan, d\u2019abord comme directeur de l\u2019innovation, puis comme directeur g\u00e9n\u00e9ral adjoint et directeur de l\u2019enseignement. \u00c0 ces postes, il a pilot\u00e9 la modernisation des formations, renforc\u00e9 les partenariats internationaux et accompagn\u00e9 la transition num\u00e9rique de l\u2019\u00e9cole. Son engagement concret se traduit par plus de 170\u00a0heures annuelles d\u2019enseignement en microbiologie, biotechnologie et innovation, ainsi que par l\u2019encadrement de dizaines d\u2019\u00e9tudiants dans des projets p\u00e9dagogiques sp\u00e9cifiques.\u00a0Le nouveau directeur g\u00e9n\u00e9ral veut adapter les parcours et les m\u00e9thodes d\u2019enseignement aux d\u00e9fis des transitions \u00e9cologiques, num\u00e9riques et soci\u00e9tales.<\/p>\n<p>L\u2019\u00c9cole d\u2019ing\u00e9nieurs de Purpan\u00a0forme chaque ann\u00e9e 1\u00a0700 \u00e9tudiants (du Bac +\u00a03 au Bac +\u00a05) et s\u2019appuie sur 85 enseignants ou enseignants-chercheurs permanents, qui agissent au sein d\u2019un collectif de 200 salari\u00e9s soutenus par 450 vacataires.<\/p>\n","protected":false},"excerpt":{"rendered":"l&rsquo;essentiel La c\u00e9l\u00e8bre \u00e9cole d\u2019ing\u00e9nieurs fond\u00e9e en 1919 \u00e0 Toulouse par des agriculteurs et des \u00e9ducateurs j\u00e9suites nomme&hellip;\n","protected":false},"author":2,"featured_media":642370,"comment_status":"","ping_status":"","sticky":false,"template":"","format":"standard","meta":{"footnotes":""},"categories":[2816],"tags":[1111,11,74918,33,257,1777,674,1011,27,2722,12,2680,25,2312],"class_list":{"0":"post-642369","1":"post","2":"type-post","3":"status-publish","4":"format-standard","5":"has-post-thumbnail","7":"category-toulouse","8":"tag-actu","9":"tag-actualites","10":"tag-du00e9cideurs","11":"tag-economie","12":"tag-entreprise","13":"tag-eu","14":"tag-europe","15":"tag-fr","16":"tag-france","17":"tag-haute-garonne","18":"tag-news","19":"tag-occitanie","20":"tag-republique-francaise","21":"tag-toulouse"},"share_on_mastodon":{"url":"https:\/\/pubeurope.com\/@fr\/115842295041663476","error":""},"_links":{"self":[{"href":"https:\/\/www.europesays.com\/fr\/wp-json\/wp\/v2\/posts\/642369","targetHints":{"allow":["GET"]}}],"collection":[{"href":"https:\/\/www.europesays.com\/fr\/wp-json\/wp\/v2\/posts"}],"about":[{"href":"https:\/\/www.europesays.com\/fr\/wp-json\/wp\/v2\/types\/post"}],"author":[{"embeddable":true,"href":"https:\/\/www.europesays.com\/fr\/wp-json\/wp\/v2\/users\/2"}],"replies":[{"embeddable":true,"href":"https:\/\/www.europesays.com\/fr\/wp-json\/wp\/v2\/comments?post=642369"}],"version-history":[{"count":0,"href":"https:\/\/www.europesays.com\/fr\/wp-json\/wp\/v2\/posts\/642369\/revisions"}],"wp:featuredmedia":[{"embeddable":true,"href":"https:\/\/www.europesays.com\/fr\/wp-json\/wp\/v2\/media\/642370"}],"wp:attachment":[{"href":"https:\/\/www.europesays.com\/fr\/wp-json\/wp\/v2\/media?parent=642369"}],"wp:term":[{"taxonomy":"category","embeddable":true,"href":"https:\/\/www.europesays.com\/fr\/wp-json\/wp\/v2\/categories?post=642369"},{"taxonomy":"post_tag","embeddable":true,"href":"https:\/\/www.europesays.com\/fr\/wp-json\/wp\/v2\/tags?post=642369"}],"curies":[{"name":"wp","href":"https:\/\/api.w.org\/{rel}","templated":true}]}}