{"id":642372,"date":"2026-01-05T11:39:12","date_gmt":"2026-01-05T11:39:12","guid":{"rendered":"https:\/\/www.europesays.com\/fr\/642372\/"},"modified":"2026-01-05T11:39:12","modified_gmt":"2026-01-05T11:39:12","slug":"un-nouveau-depart-pour-le-lam-le-musee-dart-brut-de-villeneuve-dascq","status":"publish","type":"post","link":"https:\/\/www.europesays.com\/fr\/642372\/","title":{"rendered":"Un nouveau d\u00e9part pour le LaM, le mus\u00e9e d&rsquo;art brut de Villeneuve-d\u2019Ascq"},"content":{"rendered":"<p>\t\t\t\t\t\t\tAm\u00e9nagement Cadre de vie, Culture, \u00c9ducation Coll\u00e8ges, Enfance Famille Jeunesse                                            |              M\u00e9tropole<br \/>\n            <br \/>5 janvier 2026\n                      <\/p>\n<p>Ferm\u00e9 pour travaux depuis septembre 2024, le Mus\u00e9e d\u2019art moderne, d\u2019art contemporain et d\u2019art brut (LaM) de Villeneuve-d&rsquo;Ascq fait peau neuve. On fait le point sur sa m\u00e9tamorphose, cofinanc\u00e9e par le D\u00e9partement du Nord, avant la r\u00e9ouverture en f\u00e9vrier prochain.<\/p>\n<p>C\u2019est l\u2019un des \u00e9quipements les plus audacieux de la<br \/>\nm\u00e9tropole lilloise. Cr\u00e9\u00e9 en 1983 \u00e0 l\u2019initiative de deux collectionneurs, Roger<br \/>\nDutilleul et son neveu Jean Masurel, le LaM poss\u00e8de 3 grands fonds<br \/>\nrepr\u00e9sentatifs des enjeux de l&rsquo;art moderne, de l&rsquo;art contemporain et de<br \/>\nl&rsquo;art brut. Son parc est, lui aussi, un v\u00e9ritable mus\u00e9e \u00e0 ciel ouvert avec les 11 sculptures<br \/>\nmonumentales qui le jalonnent. <\/p>\n<p>Le chantier de r\u00e9novation en cours r\u00e9pond aux enjeux environnementaux et de conservation des \u0153uvres, tout en rendant le mus\u00e9e<br \/>\ntoujours plus accessible, accueillant et vivant. Il est port\u00e9 par la M\u00e9tropole europ\u00e9enne de Lille, avec le soutien du D\u00e9partement du Nord.<\/p>\n<blockquote class=\"blockquote\">\n<p class=\"mb-0\"><strong>Le LaM est un \u00e9quipement \u00e0 la fois ambitieux, populaire et compl\u00e9mentaire de l&rsquo;offre de nos \u00e9quipements culturels d\u00e9partementaux. C&rsquo;est \u00e0 ce titre que le D\u00e9partement s&rsquo;engage pour cette r\u00e9novation.\u00a0<\/strong><\/p>\n<\/blockquote>\n<p>Concr\u00e8tement, il s\u2019agit de r\u00e9nover les fa\u00e7ades et les toitures du mus\u00e9e et de remplacer les vitrages du b\u00e2timent con\u00e7u par l\u2019architecte Roland<br \/>\nSimounet en 1983. Certaines toitures et patios internes seront am\u00e9nag\u00e9s et v\u00e9g\u00e9talis\u00e9s pour cr\u00e9er un environnement plus agr\u00e9able. Enfin, plusieurs espaces administratifs et d\u2019accueil du public b\u00e9n\u00e9ficient aussi d\u2019un r\u00e9am\u00e9nagement.<\/p>\n<p>Un chef nordiste, une 12e sculpture et une expo exceptionnelle\u00a0<\/p>\n<p>Les transformations seront donc visibles d\u00e8s votre arriv\u00e9e dans le hall d\u2019accueil,<br \/>\ncon\u00e7u comme un tiers-lieu dans lequel vous pourrez aussi travailler ou vous d\u00e9tendre. Il sera directement reli\u00e9 aux espaces d\u00e9di\u00e9s aux ateliers p\u00e9dagogiques.<\/p>\n<p>Quant au caf\u00e9-estaminet, il sera<br \/>\ndirig\u00e9 par le chef nordiste Florent Ladeyn, avec une terrasse offrant une vue<br \/>\nimprenable sur le parc du mus\u00e9e.<\/p>\n<p><img decoding=\"async\" src=\"https:\/\/www.europesays.com\/fr\/wp-content\/uploads\/2026\/01\/dji_058204-693832f87a3cd.jpg\" alt=\"\" width=\"100%\" height=\"auto\" class=\"\"\/><\/p>\n<p>Dans ce dernier, l\u2019all\u00e9e principale pav\u00e9e de pierres bleues qui m\u00e8ne \u00e0 l\u2019entr\u00e9e du mus\u00e9e est en cours de restauration. Au programme \u00e9galement, l\u2019accueil d\u2019une douzi\u00e8me sculpture sign\u00e9e Dan Graham, figure majeure de l&rsquo;art conceptuel.<\/p>\n<p>Pour la d\u00e9couvrir, il<br \/>\nfaut toutefois attendre la r\u00e9ouverture du LaM pr\u00e9vue le 20 f\u00e9vrier prochain. \u00c0 voir absolument aussi : la r\u00e9trospective exceptionnelle intitul\u00e9e Kandinsky face aux images. Elle a \u00e9t\u00e9\u00a0con\u00e7ue en partenariat avec le Centre Pompidou \u00e0 Paris et promet d\u2019\u00eatre l\u2019une des expos phares de l\u2019ann\u00e9e 2026 dans le Nord.\u00a0<\/p>\n<blockquote class=\"blockquote\">\n<p class=\"mb-0\"><strong>Le LaM ouvre un nouveau chapitre de son histoire. Le mus\u00e9e que vous d\u00e9couvrirez ou red\u00e9couvrirez affirme une ambition renouvel\u00e9e : faire mus\u00e9e autrement, \u00eatre un lieu vivant, ouvert, hospitalier, o\u00f9 chacun peut construire sa propre relation aux \u0153uvres.\u00a0<\/strong><\/p>\n<\/blockquote>\n<p><b>Les travaux de r\u00e9novation du LaM ont b\u00e9n\u00e9fici\u00e9 des aides Nord am\u00e9nagement du D\u00e9partement, \u00e0 hauteur de 498\u202f750 \u20ac dont<br \/>\n23\u00a0750 \u20ac de bonus Nord Durable.<\/b><\/p>\n","protected":false},"excerpt":{"rendered":"Am\u00e9nagement Cadre de vie, Culture, \u00c9ducation Coll\u00e8ges, Enfance Famille Jeunesse | M\u00e9tropole 5 janvier 2026 Ferm\u00e9 pour travaux&hellip;\n","protected":false},"author":2,"featured_media":642373,"comment_status":"","ping_status":"","sticky":false,"template":"","format":"standard","meta":{"footnotes":""},"categories":[2815],"tags":[1111,11,1777,674,1011,27,811,1307,12,25],"class_list":{"0":"post-642372","1":"post","2":"type-post","3":"status-publish","4":"format-standard","5":"has-post-thumbnail","7":"category-lille","8":"tag-actu","9":"tag-actualites","10":"tag-eu","11":"tag-europe","12":"tag-fr","13":"tag-france","14":"tag-hauts-de-france","15":"tag-lille","16":"tag-news","17":"tag-republique-francaise"},"share_on_mastodon":{"url":"https:\/\/pubeurope.com\/@fr\/115842302955300466","error":""},"_links":{"self":[{"href":"https:\/\/www.europesays.com\/fr\/wp-json\/wp\/v2\/posts\/642372","targetHints":{"allow":["GET"]}}],"collection":[{"href":"https:\/\/www.europesays.com\/fr\/wp-json\/wp\/v2\/posts"}],"about":[{"href":"https:\/\/www.europesays.com\/fr\/wp-json\/wp\/v2\/types\/post"}],"author":[{"embeddable":true,"href":"https:\/\/www.europesays.com\/fr\/wp-json\/wp\/v2\/users\/2"}],"replies":[{"embeddable":true,"href":"https:\/\/www.europesays.com\/fr\/wp-json\/wp\/v2\/comments?post=642372"}],"version-history":[{"count":0,"href":"https:\/\/www.europesays.com\/fr\/wp-json\/wp\/v2\/posts\/642372\/revisions"}],"wp:featuredmedia":[{"embeddable":true,"href":"https:\/\/www.europesays.com\/fr\/wp-json\/wp\/v2\/media\/642373"}],"wp:attachment":[{"href":"https:\/\/www.europesays.com\/fr\/wp-json\/wp\/v2\/media?parent=642372"}],"wp:term":[{"taxonomy":"category","embeddable":true,"href":"https:\/\/www.europesays.com\/fr\/wp-json\/wp\/v2\/categories?post=642372"},{"taxonomy":"post_tag","embeddable":true,"href":"https:\/\/www.europesays.com\/fr\/wp-json\/wp\/v2\/tags?post=642372"}],"curies":[{"name":"wp","href":"https:\/\/api.w.org\/{rel}","templated":true}]}}