{"id":642374,"date":"2026-01-05T11:40:09","date_gmt":"2026-01-05T11:40:09","guid":{"rendered":"https:\/\/www.europesays.com\/fr\/642374\/"},"modified":"2026-01-05T11:40:09","modified_gmt":"2026-01-05T11:40:09","slug":"lille-cette-enseigne-de-seconde-main-debarque-avec-des-tonnes-de-vetements-a-tout-petits-prix","status":"publish","type":"post","link":"https:\/\/www.europesays.com\/fr\/642374\/","title":{"rendered":"Lille. Cette enseigne de seconde main d\u00e9barque avec des tonnes de v\u00eatements \u00e0 tout petits prix"},"content":{"rendered":"<p>                    Par<br \/>\n        <strong><br \/>\n            <a href=\"https:\/\/actu.fr\/auteur\/nicolas-demollien\" title=\"Consulter tous les articles de Nicolas Demollien\" target=\"_blank\" rel=\"noopener\">Nicolas Demollien<\/a><br \/>\n                    <\/strong><\/p>\n<p>        Publi\u00e9 le<\/p>\n<p>            5 janv. 2026 \u00e0 10h44        <\/p>\n<p>Voil\u00e0 qui promet de tr\u00e8s <b>belles affaires<\/b> ! Une <b>nouvelle enseigne<\/b> sp\u00e9cialis\u00e9e dans la <a href=\"https:\/\/actu.fr\/tag\/seconde-main\" target=\"_blank\" rel=\"noopener\">seconde main<\/a> <b>annonce son arriv\u00e9e<\/b> \u00e0 <a href=\"https:\/\/actu.fr\/hauts-de-france\/lille_59350\" target=\"_blank\" rel=\"noopener\">Lille<\/a> (Nord) avec des <b>v\u00eatements \u00e0 petits prix<\/b>. Attention, son <b>ouverture sera \u00e9ph\u00e9m\u00e8re<\/b> et ne durera que du mercredi 7 au mardi 20 janvier 2026.<\/p>\n<p>Maboul, enseigne de seconde main \u00e0 petits prix, d\u00e9boule \u00e0 Lille<\/p>\n<p data-end=\"147\" class=\" wall-content\">Pour trouver cette boutique \u00e9ph\u00e9m\u00e8re de l\u2019<b>enseigne Maboul<\/b>, c\u2019est au <b>centre commercial Lillenium<\/b> (2, rue du faubourg des Postes) qu\u2019il faudra vous rendre. \u00ab\u00a0La marque girondine, sp\u00e9cialis\u00e9e dans la <b>valorisation et la vente d\u2019articles<\/b> de seconde main gr\u00e2ce \u00e0 son r\u00e9seau de 12 boutiques en <a href=\"https:\/\/actu.fr\/nouvelle-aquitaine\/\" target=\"_blank\" rel=\"noopener\">Nouvelle-Aquitaine<\/a>, pose ses valises pour la premi\u00e8re fois dans le <a href=\"https:\/\/actu.fr\/hauts-de-france\/nord_59\" target=\"_blank\" rel=\"noopener\">Nord<\/a>\u00ab\u00a0, souligne le centre commercial.<\/p>\n<p data-end=\"888\" class=\" wall-content\">Elle s\u2019installera au rez-de-chauss\u00e9e avec une offre de <b>plus de 2 tonnes d\u2019articles<\/b> de seconde main, au sein d\u2019une surface de 170 m\u00b2. Le tout \u00e0 des <b>prix allant de 2 \u00e0 12 \u20ac.<\/b> \u00ab\u00a0Il y aura des pi\u00e8ces uniques, actuelles ou vintage, pour tous les styles et tous les budgets\u00a0\u00bb, promet-on du c\u00f4t\u00e9 de Lillenium.<\/p>\n<p data-end=\"1328\" class=\" wall-content\">Il y en aura pour tous les go\u00fbts et tous les styles avec plusieurs cat\u00e9gories : <b>homme, femme, enfant, vintage<\/b>, mais aussi <b>selon les occasions<\/b> (f\u00eates, sport, mariage, d\u00e9guisements, v\u00eatements de travail, chaussures, maroquinerie, accessoires\u2026).<\/p>\n<p data-end=\"1858\" class=\" wall-content\">Voil\u00e0 qui devrait attirer de nombreux visiteurs !<\/p>\n<p>    <a href=\"https:\/\/www.facebook.com\/plugins\/post.php?href=https%3A%2F%2Fwww.facebook.com%2FLilleniumJustYou%2Fposts%2Fpfbid035knwPbdz49HWVfLYjPFPQzsa3oZAdzwxiDZe3LpzrEe7zYACT7PNL4HW4SBKyHLUl&amp;show_text=true&amp;width=350\" title=\"Ouvrie le lien\" target=\"_blank\" rel=\"noopener\">Cliquez ici pour visualiser le contenu<\/a><\/p>\n<p data-end=\"1858\" class=\" wall-content\">Plus d\u2019infos sur le site <a href=\"https:\/\/www.lillenium-lille.com\/actualites\/lillenium-met-les-bouchees-triples-pour-les-soldes\/\" target=\"_blank\" rel=\"noopener\">lillenium-lille.com<\/a><\/p>\n<p class=\" wall-content\">Personnalisez votre actualit\u00e9 en ajoutant vos villes et m\u00e9dias en favori avec <a href=\"https:\/\/moncompte.actu.fr\" title=\"D\u00e9couvez Mon Actu\" rel=\"nofollow noopener\" data-trk=\"{&quot;cta&quot;:{&quot;action&quot;:&quot;https:\\\/\\\/moncompte.actu.fr&quot;,&quot;category&quot;:&quot;mon compte&quot;,&quot;from&quot;:&quot;article footer&quot;,&quot;name&quot;:&quot;Mon actu&quot;,&quot;type&quot;:&quot;cta&quot;}}\" target=\"_blank\">Mon Actu<\/a>.<\/p>\n","protected":false},"excerpt":{"rendered":"Par Nicolas Demollien Publi\u00e9 le 5 janv. 2026 \u00e0 10h44 Voil\u00e0 qui promet de tr\u00e8s belles affaires !&hellip;\n","protected":false},"author":2,"featured_media":642375,"comment_status":"","ping_status":"","sticky":false,"template":"","format":"standard","meta":{"footnotes":""},"categories":[2815],"tags":[1111,11,6557,1777,674,1011,27,811,1307,12,3147,25,7167,104],"class_list":{"0":"post-642374","1":"post","2":"type-post","3":"status-publish","4":"format-standard","5":"has-post-thumbnail","7":"category-lille","8":"tag-actu","9":"tag-actualites","10":"tag-bon-plan-a-lille","11":"tag-eu","12":"tag-europe","13":"tag-fr","14":"tag-france","15":"tag-hauts-de-france","16":"tag-lille","17":"tag-news","18":"tag-nouveaux-commerces","19":"tag-republique-francaise","20":"tag-seconde-main","21":"tag-societe"},"share_on_mastodon":{"url":"https:\/\/pubeurope.com\/@fr\/115842306827800888","error":""},"_links":{"self":[{"href":"https:\/\/www.europesays.com\/fr\/wp-json\/wp\/v2\/posts\/642374","targetHints":{"allow":["GET"]}}],"collection":[{"href":"https:\/\/www.europesays.com\/fr\/wp-json\/wp\/v2\/posts"}],"about":[{"href":"https:\/\/www.europesays.com\/fr\/wp-json\/wp\/v2\/types\/post"}],"author":[{"embeddable":true,"href":"https:\/\/www.europesays.com\/fr\/wp-json\/wp\/v2\/users\/2"}],"replies":[{"embeddable":true,"href":"https:\/\/www.europesays.com\/fr\/wp-json\/wp\/v2\/comments?post=642374"}],"version-history":[{"count":0,"href":"https:\/\/www.europesays.com\/fr\/wp-json\/wp\/v2\/posts\/642374\/revisions"}],"wp:featuredmedia":[{"embeddable":true,"href":"https:\/\/www.europesays.com\/fr\/wp-json\/wp\/v2\/media\/642375"}],"wp:attachment":[{"href":"https:\/\/www.europesays.com\/fr\/wp-json\/wp\/v2\/media?parent=642374"}],"wp:term":[{"taxonomy":"category","embeddable":true,"href":"https:\/\/www.europesays.com\/fr\/wp-json\/wp\/v2\/categories?post=642374"},{"taxonomy":"post_tag","embeddable":true,"href":"https:\/\/www.europesays.com\/fr\/wp-json\/wp\/v2\/tags?post=642374"}],"curies":[{"name":"wp","href":"https:\/\/api.w.org\/{rel}","templated":true}]}}