{"id":642381,"date":"2026-01-05T11:44:16","date_gmt":"2026-01-05T11:44:16","guid":{"rendered":"https:\/\/www.europesays.com\/fr\/642381\/"},"modified":"2026-01-05T11:44:16","modified_gmt":"2026-01-05T11:44:16","slug":"un-tunnel-de-8-km-sous-lyon-premiere-bataille-de-campagne-entre-la-droite-et-les-ecologistes","status":"publish","type":"post","link":"https:\/\/www.europesays.com\/fr\/642381\/","title":{"rendered":"Un tunnel de 8 km sous Lyon : premi\u00e8re bataille de campagne entre la droite et les \u00e9cologistes"},"content":{"rendered":"<p>En finir avec les bouchons sous Fourvi\u00e8re ? \u00c0 un peu plus de deux mois des \u00e9lections municipales et m\u00e9tropolitaines, V\u00e9ronique Sarselli et Jean-Michel Aulas proposent la construction d&rsquo;un tunnel de 8 kilom\u00e8tres sous Lyon. Les \u00e9cologistes d\u00e9noncent un projet \u00ab\u00a0hors-sol et inutile\u00a0\u00bb.<\/p>\n<p>Dans une proposition commune d\u00e9voil\u00e9e ce lundi 5 janvier, <b>V\u00e9ronique Sarselli et Jean-Michel Aulas<\/b> d\u00e9fendent \u00ab\u00a0un projet structurant d&rsquo;envergure historique.\u00a0\u00bb<\/p>\n<p>Respectivement candidats \u00e0 la m\u00e9tropole de Lyon et \u00e0 la mairie, le bin\u00f4me rassembl\u00e9 sous la banni\u00e8re \u00ab\u00a0Grand Coeur Lyonnais\u00a0\u00bb d\u00e9taille cette \u00ab\u00a0Nouvelle Travers\u00e9e de Fourvi\u00e8re\u00a0\u00bb, cens\u00e9e am\u00e9liorer le trafic dans l&rsquo;agglom\u00e9ration lyonnaise. <\/p>\n<p>Un projet routier XXL<\/p>\n<p>Pour d\u00e9sengorger le tunnel de Fourvi\u00e8re, travers\u00e9 chaque jour par plus de <b>103.000 v\u00e9hicules<\/b>, les deux candidats proposent donc de r\u00e9aliser un ouvrage souterrain d&rsquo;environ 8 km, <b>entre Tassin\/Valvert et Laurent Bonnevay<\/b>. Avec la promesse de restituer pr\u00e8s de 45 hectares d&rsquo;espaces naturels en surface. <\/p>\n<p>Le projet, s&rsquo;il est r\u00e9alisable, reste titanesque : il faudrait compter dix ans de travaux. V\u00e9ronique Sarselli et Jean-Michel Aulas tablent sur un co\u00fbt de <b>deux milliards d&rsquo;euros<\/b> pour cet am\u00e9nagement routier, avec la possible cr\u00e9ation d&rsquo;un p\u00e9age. <\/p>\n<p>De quoi se rem\u00e9morer d&rsquo;autres propositions plus anciennes comme l&rsquo;Anneau des Sciences&#8230; finalement jamais r\u00e9alis\u00e9es. <\/p>\n<p><img loading=\"lazy\" decoding=\"async\" src=\"https:\/\/www.europesays.com\/fr\/wp-content\/uploads\/2026\/01\/1767613455_762_img.jpeg\" width=\"350\" height=\"200\" border=\"0\" title=\"Le projet d'anneau des sciences.\"\/><\/p>\n<p>\u25baActualit\u00e9<\/p>\n<p style=\"font-size: 22px;\"><b>Grand Lyon : L&rsquo;anneau des sciences pour en finir avec les embouteillages ?<\/b><\/p>\n<p>Le projet n&rsquo;est pas nouveau, mais le calendrier&#8230;<\/p>\n<p>L&rsquo;annonce n&rsquo;a pas manqu\u00e9 de faire r\u00e9agir l&rsquo;actuel vice-Pr\u00e9sident de la M\u00e9tropole de Lyon en charge des transports, <b>Jean-Charles Kohlhaas.<\/b><\/p>\n<p>\u00ab\u00a0C&rsquo;est une fuite en avant\u00a0\u00bb<\/p>\n<p>\u00ab\u00a0Un projet hors-sol, inutile et financi\u00e8rement irresponsable\u00a0\u00bb, regrette celui qui est \u00e9galement candidat \u00e0 l&rsquo;\u00e9lection m\u00e9tropolitaine pour l&rsquo;Union dela Gauche et des \u00e9cologistes. <\/p>\n<p>\u00ab\u00a0La M\u00e9tropole de Lyon serait la seule m\u00e9tropole europ\u00e9enne o\u00f9 la droite porterait un grand projet routier en plein c\u0153ur de ville, plut\u00f4t que de d\u00e9velopper les transports en commun, la r\u00e9gulation du trafic et les alternatives \u00e0 la voiture. C&rsquo;est une fuite en avant qui va \u00e0 rebours des attentes des habitants, en mati\u00e8re de qualit\u00e9 de vie, de sant\u00e9 et de pouvoir d&rsquo;achat\u00a0\u00bb, poursuit l&rsquo;\u00e9lu dans un communiqu\u00e9. <\/p>\n<p>Jean-Charles Kohlhaas pointe \u00e9galement \u00ab\u00a0un risque majeur pour les finances m\u00e9tropolitaines\u00a0\u00bb concernant le projet. <\/p>\n<p>Plus g\u00e9n\u00e9ralement, l&rsquo;\u00e9lu rappelle que la majorit\u00e9 des d\u00e9placements qui passent par le tunnel sous Fourvi\u00e8re ont pour origine ou destination Lyon ou Villeurbanne. \u00ab\u00a0Ce m\u00e9ga-tunnel est un projet inutile\u00a0\u00bb, t\u00e2cle-t-il.<\/p>\n<p>Gratuit\u00e9 des TCL pour les enfants des abonn\u00e9s ?<\/p>\n<p>L&rsquo;actuel Pr\u00e9sident de la M\u00e9tropole y est aussi all\u00e9 de son annonce ce lundi, en proposant <b>la gratuit\u00e9 des TCL pour les enfants des abonn\u00e9s. <\/b><\/p>\n<p>\u00ab\u00a0D\u00e8s lors qu&rsquo;un parent est titulaire d&rsquo;un abonnement TCL, tous ses enfants mineurs \u00e2g\u00e9s de 11 \u00e0 18 ans pourront d\u00e9sormais circuler gratuitement sur l&rsquo;ensemble du r\u00e9seau, sans aucun co\u00fbt suppl\u00e9mentaire pour le foyer\u00a0\u00bb, promet Bruno Bernard. <\/p>\n<p>\u00c0 chacun son programme, et ses propositions. Une chose est s\u00fbre, le sujet des transports semble s&rsquo;imposer comme l&rsquo;un des grands th\u00e8mes de la campagne en cours.<\/p>\n<p><img loading=\"lazy\" decoding=\"async\" src=\"https:\/\/www.europesays.com\/fr\/wp-content\/uploads\/2026\/01\/1767613456_319_img.png\" width=\"350\" height=\"200\" border=\"0\" title=\"Le trac\u00c3\u00a9 retenu pour le TEOL (tram express de l'ouest lyonnais)\"\/><\/p>\n<p>\u25baTransport<\/p>\n<p style=\"font-size: 22px;\"><b>Tramway Express de l&rsquo;Ouest Lyonnais :\u00a0 nouveau feu vert pour le projet !<\/b><\/p>\n<p>Objet d&rsquo;une enqu\u00eate publique \u00e0 l&rsquo;automne dernier,&#8230;<\/p>\n<p><\/p>\n","protected":false},"excerpt":{"rendered":"En finir avec les bouchons sous Fourvi\u00e8re ? \u00c0 un peu plus de deux mois des \u00e9lections municipales&hellip;\n","protected":false},"author":2,"featured_media":642382,"comment_status":"","ping_status":"","sticky":false,"template":"","format":"standard","meta":{"footnotes":""},"categories":[1889],"tags":[1111,11,14941,2430,2339,1777,674,5293,1011,27,2428,12,25,17374],"class_list":{"0":"post-642381","1":"post","2":"type-post","3":"status-publish","4":"format-standard","5":"has-post-thumbnail","7":"category-lyon","8":"tag-actu","9":"tag-actualites","10":"tag-aulas","11":"tag-auvergne-rhone-alpes","12":"tag-ecologistes","13":"tag-eu","14":"tag-europe","15":"tag-fourviere","16":"tag-fr","17":"tag-france","18":"tag-lyon","19":"tag-news","20":"tag-republique-francaise","21":"tag-tunnel"},"share_on_mastodon":{"url":"https:\/\/pubeurope.com\/@fr\/115842322580684363","error":""},"_links":{"self":[{"href":"https:\/\/www.europesays.com\/fr\/wp-json\/wp\/v2\/posts\/642381","targetHints":{"allow":["GET"]}}],"collection":[{"href":"https:\/\/www.europesays.com\/fr\/wp-json\/wp\/v2\/posts"}],"about":[{"href":"https:\/\/www.europesays.com\/fr\/wp-json\/wp\/v2\/types\/post"}],"author":[{"embeddable":true,"href":"https:\/\/www.europesays.com\/fr\/wp-json\/wp\/v2\/users\/2"}],"replies":[{"embeddable":true,"href":"https:\/\/www.europesays.com\/fr\/wp-json\/wp\/v2\/comments?post=642381"}],"version-history":[{"count":0,"href":"https:\/\/www.europesays.com\/fr\/wp-json\/wp\/v2\/posts\/642381\/revisions"}],"wp:featuredmedia":[{"embeddable":true,"href":"https:\/\/www.europesays.com\/fr\/wp-json\/wp\/v2\/media\/642382"}],"wp:attachment":[{"href":"https:\/\/www.europesays.com\/fr\/wp-json\/wp\/v2\/media?parent=642381"}],"wp:term":[{"taxonomy":"category","embeddable":true,"href":"https:\/\/www.europesays.com\/fr\/wp-json\/wp\/v2\/categories?post=642381"},{"taxonomy":"post_tag","embeddable":true,"href":"https:\/\/www.europesays.com\/fr\/wp-json\/wp\/v2\/tags?post=642381"}],"curies":[{"name":"wp","href":"https:\/\/api.w.org\/{rel}","templated":true}]}}