{"id":642396,"date":"2026-01-05T11:56:16","date_gmt":"2026-01-05T11:56:16","guid":{"rendered":"https:\/\/www.europesays.com\/fr\/642396\/"},"modified":"2026-01-05T11:56:16","modified_gmt":"2026-01-05T11:56:16","slug":"capture-de-maduro-400-manifestants-a-lambassade-des-usa-a-bruxelles-si-un-pays-peut-en-attaquer-un-autre-sans-raison-cest-la-loi-de-la-jungle","status":"publish","type":"post","link":"https:\/\/www.europesays.com\/fr\/642396\/","title":{"rendered":"Capture de Maduro | 400 manifestants \u00e0 l&rsquo;ambassade des USA \u00e0 Bruxelles: \u00ab\u00a0Si un pays peut en attaquer un autre sans raison, c&rsquo;est la loi de la jungle\u00a0\u00bb"},"content":{"rendered":"<p>\u00ab\u00a0La r\u00e9action ti\u00e8de de l&rsquo;Europe est scandaleuse\u00a0\u00bb<\/p>\n<p class=\"ap-StoryElement ap-StoryElement--mb ap-StoryText\">Le pr\u00e9sident am\u00e9ricain Donald Trump affirme que son homologue v\u00e9n\u00e9zu\u00e9lien est \u00e0 la t\u00eate d&rsquo;un important cartel de drogue au Venezuela, mais ses opposants l&rsquo;accusent d&rsquo;instrumentaliser cette accusation pour s&rsquo;assurer le contr\u00f4le des riches r\u00e9serves p\u00e9troli\u00e8res du pays au d\u00e9triment de la Chine.<\/p>\n<p><img loading=\"lazy\" decoding=\"async\" class=\"w-full lazyload lazyload--opacity object-contain\" style=\"aspect-ratio:150 \/ 100;opacity:1\" alt=\"A protest action is organized in front of the embassy of United States to Belgium, in Brussels, Sunday 04 January 2026. BELGA PHOTO NICOLAS MAETERLINCK\" width=\"768\" height=\"512\" fetchpriority=\"auto\" src=\"https:\/\/www.europesays.com\/fr\/wp-content\/uploads\/2025\/12\/1766566693_561_S5VKD3X55FFF3BW6V4SEHXNP7I.png\"  data- data-optimumx=\"1\"\/> \u00a9Belgaimage<img loading=\"lazy\" decoding=\"async\" class=\"w-full lazyload lazyload--opacity object-contain\" style=\"aspect-ratio:150 \/ 100;opacity:1\" alt=\"A protest action is organized in front of the embassy of United States to Belgium, in Brussels, Sunday 04 January 2026. BELGA PHOTO NICOLAS MAETERLINCK\" width=\"768\" height=\"512\" fetchpriority=\"auto\" src=\"https:\/\/www.europesays.com\/fr\/wp-content\/uploads\/2025\/12\/1766566693_561_S5VKD3X55FFF3BW6V4SEHXNP7I.png\"  data- data-optimumx=\"1\"\/> \u00a9Belgaimage<img loading=\"lazy\" decoding=\"async\" class=\"w-full lazyload lazyload--opacity object-contain\" style=\"aspect-ratio:150 \/ 100;opacity:1\" alt=\"A protest action is organized in front of the embassy of United States to Belgium, in Brussels, Sunday 04 January 2026. BELGA PHOTO NICOLAS MAETERLINCK\" width=\"768\" height=\"512\" fetchpriority=\"auto\" src=\"https:\/\/www.europesays.com\/fr\/wp-content\/uploads\/2025\/12\/1766566693_561_S5VKD3X55FFF3BW6V4SEHXNP7I.png\"  data- data-optimumx=\"1\"\/> \u00a9Belgaimage<img loading=\"lazy\" decoding=\"async\" class=\"w-full lazyload lazyload--opacity object-contain\" style=\"aspect-ratio:150 \/ 100;opacity:1\" alt=\"A protest action is organized in front of the embassy of United States to Belgium, in Brussels, Sunday 04 January 2026. BELGA PHOTO NICOLAS MAETERLINCK\" width=\"768\" height=\"512\" fetchpriority=\"auto\" src=\"https:\/\/www.europesays.com\/fr\/wp-content\/uploads\/2025\/12\/1766566693_561_S5VKD3X55FFF3BW6V4SEHXNP7I.png\"  data- data-optimumx=\"1\"\/> \u00a9Belgaimage<img loading=\"lazy\" decoding=\"async\" class=\"w-full lazyload lazyload--opacity object-contain\" style=\"aspect-ratio:150 \/ 100;opacity:1\" alt=\"A protest action is organized in front of the embassy of United States to Belgium, in Brussels, Sunday 04 January 2026. BELGA PHOTO NICOLAS MAETERLINCK\" width=\"768\" height=\"512\" fetchpriority=\"auto\" src=\"https:\/\/www.europesays.com\/fr\/wp-content\/uploads\/2025\/12\/1766566693_561_S5VKD3X55FFF3BW6V4SEHXNP7I.png\"  data- data-optimumx=\"1\"\/> \u00a9Belgaimage<\/p>\n<blockquote class=\"ap-StoryQuote ap-StoryQuote--pullquote\"><p>guillement<\/p>\n<p class=\"ap-StoryQuote-text\">Si un pays peut en attaquer un autre sans raison, c&rsquo;est la loi de la jungle qui pr\u00e9vaut.<\/p>\n<p class=\"ap-StoryQuote-footer\">Ludo De Brabander, Vrede VZW<\/p>\n<\/blockquote>\n<p class=\"ap-StoryElement ap-StoryElement--mb ap-StoryText\">Selon les personnes pr\u00e9sentes, dont Ludo De Brabander de l&rsquo;association Vrede vzw, \u00ab\u00a0l&rsquo;invasion am\u00e9ricaine n&rsquo;est rien d&rsquo;autre qu&rsquo;une violation flagrante du droit international. Si un pays peut en attaquer un autre sans raison, c&rsquo;est la loi de la jungle qui pr\u00e9vaut.\u00a0\u00bb L&rsquo;enl\u00e8vement de Nicolas Maduro a aussi choqu\u00e9 De Brabander. \u00ab\u00a0La r\u00e9action ti\u00e8de de l&rsquo;Europe est scandaleuse. Cela sape une fois de plus le droit international.\u00a0\u00bb<\/p>\n<p class=\"ap-StoryElement ap-StoryElement--mb ap-StoryText\">Seule l&rsquo;Espagne b\u00e9n\u00e9ficie encore du soutien du militant. \u00ab\u00a0C&rsquo;est le seul pays europ\u00e9en qui oppose actuellement une certaine r\u00e9sistance. Nous ne devons pas revenir au XIXe si\u00e8cle, mais faire pr\u00e9valoir le droit international.\u00a0\u00bb Selon De Brabander, l&rsquo;Europe doit condamner fermement ces agissements et d\u00e9fendre de toute urgence le droit international. \u00ab\u00a0La Belgique doit \u00e9galement r\u00e9agir beaucoup plus fermement.\u00a0\u00bb<\/p>\n","protected":false},"excerpt":{"rendered":"\u00ab\u00a0La r\u00e9action ti\u00e8de de l&rsquo;Europe est scandaleuse\u00a0\u00bb Le pr\u00e9sident am\u00e9ricain Donald Trump affirme que son homologue v\u00e9n\u00e9zu\u00e9lien est&hellip;\n","protected":false},"author":2,"featured_media":642397,"comment_status":"","ping_status":"","sticky":false,"template":"","format":"standard","meta":{"footnotes":""},"categories":[1589],"tags":[11,35093,73,1866,2088,12,1864,1865,1863,308,337],"class_list":{"0":"post-642396","1":"post","2":"type-post","3":"status-publish","4":"format-standard","5":"has-post-thumbnail","7":"category-etats-unis","8":"tag-actualites","9":"tag-bxlcap","10":"tag-etats-unis","11":"tag-etats-unis-damerique","12":"tag-manifestation","13":"tag-news","14":"tag-united-states","15":"tag-united-states-of-america","16":"tag-us","17":"tag-usa","18":"tag-venezuela"},"share_on_mastodon":{"url":"https:\/\/pubeurope.com\/@fr\/115842369952521891","error":""},"_links":{"self":[{"href":"https:\/\/www.europesays.com\/fr\/wp-json\/wp\/v2\/posts\/642396","targetHints":{"allow":["GET"]}}],"collection":[{"href":"https:\/\/www.europesays.com\/fr\/wp-json\/wp\/v2\/posts"}],"about":[{"href":"https:\/\/www.europesays.com\/fr\/wp-json\/wp\/v2\/types\/post"}],"author":[{"embeddable":true,"href":"https:\/\/www.europesays.com\/fr\/wp-json\/wp\/v2\/users\/2"}],"replies":[{"embeddable":true,"href":"https:\/\/www.europesays.com\/fr\/wp-json\/wp\/v2\/comments?post=642396"}],"version-history":[{"count":0,"href":"https:\/\/www.europesays.com\/fr\/wp-json\/wp\/v2\/posts\/642396\/revisions"}],"wp:featuredmedia":[{"embeddable":true,"href":"https:\/\/www.europesays.com\/fr\/wp-json\/wp\/v2\/media\/642397"}],"wp:attachment":[{"href":"https:\/\/www.europesays.com\/fr\/wp-json\/wp\/v2\/media?parent=642396"}],"wp:term":[{"taxonomy":"category","embeddable":true,"href":"https:\/\/www.europesays.com\/fr\/wp-json\/wp\/v2\/categories?post=642396"},{"taxonomy":"post_tag","embeddable":true,"href":"https:\/\/www.europesays.com\/fr\/wp-json\/wp\/v2\/tags?post=642396"}],"curies":[{"name":"wp","href":"https:\/\/api.w.org\/{rel}","templated":true}]}}