{"id":642400,"date":"2026-01-05T11:58:11","date_gmt":"2026-01-05T11:58:11","guid":{"rendered":"https:\/\/www.europesays.com\/fr\/642400\/"},"modified":"2026-01-05T11:58:11","modified_gmt":"2026-01-05T11:58:11","slug":"le-proces-contre-les-compagnon-nes-tombe-provisoirement-a-leau-%f0%9f%94%b4-info-libertaire","status":"publish","type":"post","link":"https:\/\/www.europesays.com\/fr\/642400\/","title":{"rendered":"le proces contre les compagnon.nes tombe (provisoirement) a l\u2019eau ! \u2013 \ud83d\udd34 Info Libertaire"},"content":{"rendered":"<p><\/p>\n<p style=\"margin:0\">Cet article a \u00e9t\u00e9 republi\u00e9 automatiquement.<\/p>\n<p class=\"western\"><strong>Nouvelles surprenantes : le proc\u00e8s pr\u00e9vu contre Z\u00fcndlumpen<br \/>ne s\u2019ouvrira pas<\/strong><br \/>(traduit de l\u2019allemand de <a href=\"https:\/\/de.indymedia.org\/node\/563948\" target=\"_blank\" rel=\"noopener\">de.indymedia<\/a>, 27 d\u00e9cembre 2025]<\/p>\n<p><img loading=\"lazy\" decoding=\"async\" class=\"wp-image-27197 size-medium\" src=\"https:\/\/www.europesays.com\/fr\/wp-content\/uploads\/2026\/01\/zl-213x300-1.jpg\" alt=\"\" width=\"213\" height=\"300\"\/>Z\u00fcndlumpen n\u00b080, Munich, janvier 2021<\/p>\n<p><strong>Mais enfin, que se passe-t-il\u00a0?<\/strong> C\u2019est la deuxi\u00e8me fois en peu de temps que nous n\u2019en croyons pas nos yeux. D\u2019abord <a href=\"https:\/\/sansnom.noblogs.org\/archives\/27088\" target=\"_blank\" rel=\"noopener\">la remise en libert\u00e9 de Nathalie et Manuel<\/a>. Et voil\u00e0 qu\u2019\u00e0 pr\u00e9sent la commission judiciaire Himmelsto\u00df\u00a0\u00a7 Co refuse de faire passer en jugement sous sa tutelle l\u2019affaire Z\u00fcndlumpen [journal anarchiste publi\u00e9 entre 2019 et 2021]. Mieux encore : elle refuse compl\u00e8tement l\u2019ouverture de la proc\u00e9dure \u00e0 l\u2019encontre du troisi\u00e8me accus\u00e9. Par cons\u00e9quent une proc\u00e9dure pour constitution d\u2019une organisation criminelle [association de malfaiteurs] n\u2019est plus \u00e0 l\u2019ordre du jour. En effet, une telle association n\u00e9cessite au moins l\u2019inculpation de trois personnes. Il semble qu\u2019aux yeux du tribunal r\u00e9gional il n\u2019y ait pas suffisamment d\u2019indices pour prouver la participation du troisi\u00e8me anarchiste au journal Z\u00fcndlumpen. Ne se d\u00e9clarant plus comp\u00e9tent, il d\u00e9l\u00e8gue donc d\u00e9sormais la proc\u00e9dure contre deux personnes \u00e0 un simple tribunal d\u2019instance. En Bavi\u00e8re, il s\u2019en passe des choses ! \u2026 que nous n\u2019aurions jamais cru possibles, en incorrigibles \u00a0anarchistes que nous sommes.<\/p>\n<p><strong>\u00c9cumante de rage<\/strong>, la procureure g\u00e9n\u00e9rale Eva Firozzi n\u2019est bien s\u00fbr pas pr\u00eate \u00e0 accepter \u00e7a aussi facilement. La chasse aux anarchistes ayant fini par devenir une vocation pour elle, elle a au plus vite fait appel contre la d\u00e9cision de ne pas ouvrir ce proc\u00e8s.<br \/><strong>Mais ce n\u2019est pas tout<\/strong>. L\u2019ensemble du spectacle r\u00e9pressif peut encore prendre une tournure plus bizarre. Pourquoi donc ne pas tenter de pr\u00e9lever l\u2019ADN d\u2019un suppos\u00e9 anarchiste pour des pr\u00e9textes absurdes ? C\u2019est ainsi que messieurs Obermeier et Meyer se sont \u00e0 nouveau retrouv\u00e9s dans une coloc\u2019 suppos\u00e9ment anarchiste, afin d\u2019assouvir leur soif de fluides corporels anarchistes : une trace d\u2019ADN masculin inconnu aurait en effet \u00e9t\u00e9 retrouv\u00e9e sur un \u00ab\u00a0feuillet incendiaire\u00a0\u00bb, et elle correspondrait \u00e0 une autre trace ADN relev\u00e9e il y a plus de quatre ans dans une station de lavage auto en libre service fractur\u00e9e dans la r\u00e9gion d\u2019Alt\u00f6tting. Raison suffisante pour eux de pr\u00e9lever l\u2019ADN d\u2019une personne sortie il y a deux mois de la proc\u00e9dure \u00ab\u00a0Hetzblatt\u00a0\u00bb pour manque de preuves, tout \u00e7a \u00a0\u00bb parce qu\u2019elle aurait de la famille dans le coin\u00ab\u00a0. Puis, tandis qu\u2019ils repartaient avec leur pr\u00e9cieux butin, une convocation de police \u00ab\u00a0sur ordre du Parquet g\u00e9n\u00e9ral\u00a0\u00bb a atterri chez une autre personne, en raison d\u2019une lettre que Manuel lui avait \u00e9crite de prison. On lui enjoint d\u00e9sormais de se pr\u00e9senter comme t\u00e9moin, car dans sa lettre Manuel lui aurait donn\u00e9 pour mission de commettre un incendie. Le harc\u00e8lement ne cesse donc pas.<\/p>\n<p><\/p>\n<p><strong>En ce qui concerne l\u2019affaire<\/strong> \u00ab\u00a0Z\u00fcndlumpen\u00ab\u00a0, <strong>c\u2019est d\u00e9sormais la cour d\u2019appel r\u00e9gionale qui doit d\u00e9cider si le proc\u00e8s s\u2019ouvrira en 2026<\/strong>. Cela veut dire qu\u2019il faut encore attendre puisqu\u2019elle n\u2019a pas de d\u00e9lais impos\u00e9s pour prendre cette d\u00e9cision.<br \/>Certes ces nouvelles surprenantes sont un soupir de soulagement, pourtant nous ne devrions pas oublier qu\u2019avec la r\u00e9pression qui dure d\u00e9j\u00e0 depuis des ann\u00e9es contre des anarchistes et leurs projets, l\u2019\u00c9tat a d\u00e9j\u00e0 pas mal r\u00e9ussi son coup \u00e0 Munich\u00a0: <strong>d\u2019innombrables perquisitions, une d\u00e9tention pr\u00e9ventive de 7 mois contre les compagnon-n-e-s Manuel et Nathalie, la fermeture de la biblioth\u00e8que anarchiste Frevel, la saisie de plusieurs machines d\u2019impression, de nombreux journaux, de livres et d\u2019une grande quantit\u00e9 de papier, et finalement beaucoup, beaucoup de stress<\/strong>. Les proc\u00e9dures pour l\u2019article 129 sont en fin de compte toujours un parfait pr\u00e9texte pour des surveillances, des \u00e9coutes et des filatures \u00e0 large \u00e9chelle.<\/p>\n<p><strong>M\u00eame si la proc\u00e9dure<\/strong> 129 devait faire flop et si les faits sp\u00e9cifiques (apologie et incitation \u00e0 la commission de d\u00e9lits, menace) devaient \u00eatre trait\u00e9s par le tribunal d\u2019instance, lors de ce proc\u00e8s notre hostilit\u00e9 envers toute autorit\u00e9, nos id\u00e9es et nos attitudes anarchistes seront poursuivies et mises en accusation. Le harc\u00e8lement en cours suivant directement le rejet (partiel) de la mise en accusation, montre que l\u2019\u00c9tat n\u2019a de cesse de d\u00e9truire les projets anarchistes et qu\u2019il continue \u00e0 mettre la pression sur tout un entourage.<\/p>\n<p>Il nous revient de montrer que notre passion pour la libert\u00e9 est plus forte que toute censure et que les murs de prison.<br \/>Sans aucune affection pour les serviteurs de l\u2019\u00c9tat.<\/p>\n<p><strong>Libert\u00e9 pour toutes et tous.<\/strong><\/p>\n<p><br clear=\"both\"\/><\/p>\n<p><\/p>\n<p>\t\t<strong>Source:<\/strong> <a href=\"https:\/\/sansnom.noblogs.org\/archives\/27194\" target=\"_blank\" rel=\"nofollow noopener\">Sansnom.noblogs.org<\/a><br \/>\n\t\t<\/p>\n","protected":false},"excerpt":{"rendered":"Cet article a \u00e9t\u00e9 republi\u00e9 automatiquement. Nouvelles surprenantes : le proc\u00e8s pr\u00e9vu contre Z\u00fcndlumpenne s\u2019ouvrira pas(traduit de l\u2019allemand&hellip;\n","protected":false},"author":2,"featured_media":642401,"comment_status":"","ping_status":"","sticky":false,"template":"","format":"standard","meta":{"footnotes":""},"categories":[1587],"tags":[11,672,1804,1805,1803,1777,674,1801,12,1802],"class_list":{"0":"post-642400","1":"post","2":"type-post","3":"status-publish","4":"format-standard","5":"has-post-thumbnail","7":"category-allemagne","8":"tag-actualites","9":"tag-allemagne","10":"tag-bundesrepublik-deutschland","11":"tag-de","12":"tag-deutschland","13":"tag-eu","14":"tag-europe","15":"tag-germany","16":"tag-news","17":"tag-republique-federale-dallemagne"},"share_on_mastodon":{"url":"https:\/\/pubeurope.com\/@fr\/115842377709146593","error":""},"_links":{"self":[{"href":"https:\/\/www.europesays.com\/fr\/wp-json\/wp\/v2\/posts\/642400","targetHints":{"allow":["GET"]}}],"collection":[{"href":"https:\/\/www.europesays.com\/fr\/wp-json\/wp\/v2\/posts"}],"about":[{"href":"https:\/\/www.europesays.com\/fr\/wp-json\/wp\/v2\/types\/post"}],"author":[{"embeddable":true,"href":"https:\/\/www.europesays.com\/fr\/wp-json\/wp\/v2\/users\/2"}],"replies":[{"embeddable":true,"href":"https:\/\/www.europesays.com\/fr\/wp-json\/wp\/v2\/comments?post=642400"}],"version-history":[{"count":0,"href":"https:\/\/www.europesays.com\/fr\/wp-json\/wp\/v2\/posts\/642400\/revisions"}],"wp:featuredmedia":[{"embeddable":true,"href":"https:\/\/www.europesays.com\/fr\/wp-json\/wp\/v2\/media\/642401"}],"wp:attachment":[{"href":"https:\/\/www.europesays.com\/fr\/wp-json\/wp\/v2\/media?parent=642400"}],"wp:term":[{"taxonomy":"category","embeddable":true,"href":"https:\/\/www.europesays.com\/fr\/wp-json\/wp\/v2\/categories?post=642400"},{"taxonomy":"post_tag","embeddable":true,"href":"https:\/\/www.europesays.com\/fr\/wp-json\/wp\/v2\/tags?post=642400"}],"curies":[{"name":"wp","href":"https:\/\/api.w.org\/{rel}","templated":true}]}}