{"id":642410,"date":"2026-01-05T12:03:10","date_gmt":"2026-01-05T12:03:10","guid":{"rendered":"https:\/\/www.europesays.com\/fr\/642410\/"},"modified":"2026-01-05T12:03:10","modified_gmt":"2026-01-05T12:03:10","slug":"emmanuel-macron-affirme-que-la-france-napprouve-pas-la-methode-pour-renverser-maduro","status":"publish","type":"post","link":"https:\/\/www.europesays.com\/fr\/642410\/","title":{"rendered":"Emmanuel Macron affirme que la France \u00ab\u00a0n&rsquo;approuve pas\u00a0\u00bb la \u00ab\u00a0m\u00e9thode\u00a0\u00bb pour renverser Maduro"},"content":{"rendered":"<p><a href=\"https:\/\/www.laprovence.com\/article\/politique\/91793302828612\/venezuela-emmanuel-macron-appelle-a-une-transition-democratique-apres-la-fin-de-la-dictature-maduro\" target=\"_blank\" rel=\"noopener\">Emmanuel Macron<\/a> a affirm\u00e9 ce lundi 5\u00a0janvier en Conseil des ministres que la \u00ab\u00a0m\u00e9thode utilis\u00e9e\u00a0\u00bb par les \u00c9tats-Unis pour capturer le pr\u00e9sident v\u00e9n\u00e9zu\u00e9lien Nicolas Maduro n\u2019\u00e9tait<a href=\"https:\/\/www.laprovence.com\/article\/france-monde\/41453862120961\/capture-de-maduro-la-position-du-president-de-la-republique-est-honteuse-le-tacle-de-bompard-a-macron\" target=\"_blank\" rel=\"noopener\"> \u00ab\u00a0ni soutenue ni approuv\u00e9e\u00a0\u00bb<\/a> par la France, a rapport\u00e9 la porte-parole du gouvernement.<\/p>\n<p>Le chef de l\u2019\u00c9tat a aussi dit que <a href=\"https:\/\/www.laprovence.com\/article\/france-monde\/45898402517665\/capture-de-nicolas-maduro-de-quoi-le-president-du-venezuela-est-il-accuse-par-les-etats-unis\" target=\"_blank\" rel=\"noopener\">Nicolas Maduro<\/a> \u00e9tait \u00ab\u00a0un dictateur\u00a0\u00bb et que son d\u00e9part \u00e9tait \u00ab\u00a0une bonne nouvelle pour les V\u00e9n\u00e9zu\u00e9liens\u00a0\u00bb, a ajout\u00e9 Maud Bregeon devant la presse. Emmanuel Macron <a href=\"https:\/\/www.laprovence.com\/article\/france-monde\/41453862120961\/capture-de-maduro-la-position-du-president-de-la-republique-est-honteuse-le-tacle-de-bompard-a-macron\" target=\"_blank\" rel=\"noopener\">avait \u00e9t\u00e9 critiqu\u00e9<\/a>, notamment \u00e0 gauche, pour sa premi\u00e8re r\u00e9action qui ne disait rien de la m\u00e9thode employ\u00e9e par Washington.<\/p>\n","protected":false},"excerpt":{"rendered":"Emmanuel Macron a affirm\u00e9 ce lundi 5\u00a0janvier en Conseil des ministres que la \u00ab\u00a0m\u00e9thode utilis\u00e9e\u00a0\u00bb par les \u00c9tats-Unis&hellip;\n","protected":false},"author":2,"featured_media":642411,"comment_status":"","ping_status":"","sticky":false,"template":"","format":"standard","meta":{"footnotes":""},"categories":[4],"tags":[5734,11,22841,11513,1011,27,11514,74919,12,316,746,25,337],"class_list":{"0":"post-642410","1":"post","2":"type-post","3":"status-publish","4":"format-standard","5":"has-post-thumbnail","7":"category-france","8":"tag-5734","9":"tag-actualites","10":"tag-affirme","11":"tag-emmanuel","12":"tag-fr","13":"tag-france","14":"tag-macron","15":"tag-napprouve","16":"tag-news","17":"tag-politique","18":"tag-que","19":"tag-republique-francaise","20":"tag-venezuela"},"share_on_mastodon":{"url":"https:\/\/pubeurope.com\/@fr\/115842397130649551","error":""},"_links":{"self":[{"href":"https:\/\/www.europesays.com\/fr\/wp-json\/wp\/v2\/posts\/642410","targetHints":{"allow":["GET"]}}],"collection":[{"href":"https:\/\/www.europesays.com\/fr\/wp-json\/wp\/v2\/posts"}],"about":[{"href":"https:\/\/www.europesays.com\/fr\/wp-json\/wp\/v2\/types\/post"}],"author":[{"embeddable":true,"href":"https:\/\/www.europesays.com\/fr\/wp-json\/wp\/v2\/users\/2"}],"replies":[{"embeddable":true,"href":"https:\/\/www.europesays.com\/fr\/wp-json\/wp\/v2\/comments?post=642410"}],"version-history":[{"count":0,"href":"https:\/\/www.europesays.com\/fr\/wp-json\/wp\/v2\/posts\/642410\/revisions"}],"wp:featuredmedia":[{"embeddable":true,"href":"https:\/\/www.europesays.com\/fr\/wp-json\/wp\/v2\/media\/642411"}],"wp:attachment":[{"href":"https:\/\/www.europesays.com\/fr\/wp-json\/wp\/v2\/media?parent=642410"}],"wp:term":[{"taxonomy":"category","embeddable":true,"href":"https:\/\/www.europesays.com\/fr\/wp-json\/wp\/v2\/categories?post=642410"},{"taxonomy":"post_tag","embeddable":true,"href":"https:\/\/www.europesays.com\/fr\/wp-json\/wp\/v2\/tags?post=642410"}],"curies":[{"name":"wp","href":"https:\/\/api.w.org\/{rel}","templated":true}]}}