{"id":642422,"date":"2026-01-05T12:14:09","date_gmt":"2026-01-05T12:14:09","guid":{"rendered":"https:\/\/www.europesays.com\/fr\/642422\/"},"modified":"2026-01-05T12:14:09","modified_gmt":"2026-01-05T12:14:09","slug":"le-louvre-ferme-partiellement-ce-lundi-en-raison-dun-mouvement-social","status":"publish","type":"post","link":"https:\/\/www.europesays.com\/fr\/642422\/","title":{"rendered":"Le Louvre ferm\u00e9 partiellement ce lundi en raison d\u2019un mouvement social"},"content":{"rendered":"<p>\n    Les visiteurs n\u2019auront acc\u00e8s qu\u2019\u00e0 un parcours centr\u00e9 autour de chefs-d\u2019\u0153uvre pris\u00e9s des touristes \u00e9trangers, dont La Joconde. L\u2019incertitude entoure la suite de la semaine.<\/p>\n<p class=\"fig-paragraph\">Apr\u00e8s 2025,\u00a0<a href=\"http:\/\/www.lefigaro.fr\/culture\/patrimoine\/vol-au-louvre-rapport-accablant-greve-deux-mois-de-descente-aux-enfers-pour-laurence-des-cars-20251217\" target=\"_blank\" data-fig-type=\"Article\" rel=\"noopener\" data-gtm-custom-categorie=\"navigation\" data-gtm-custom-action=\"crossclick\" data-gtm-custom-label=\"Contextuel\" data-gtm-event=\"customEventSPE\" data-fig-domain=\"LEFIGARO\">annus horribilis<\/a>\u00a0s\u2019il en est pour le joyau des mus\u00e9es fran\u00e7ais, cette ann\u00e9e 2026 s\u2019ouvre avec une nouvelle perturbation au Louvre. Les visiteurs n\u2019auront acc\u00e8s qu\u2019\u00e0 une partie tr\u00e8s limit\u00e9e des collections, un parcours centr\u00e9 autour de chefs-d\u2019\u0153uvre c\u00e9l\u00e8bres, de La Victoire de Samothrace \u00e0\u00a0<a href=\"http:\/\/www.lefigaro.fr\/culture\/cambriolage-au-louvre-pourquoi-la-joconde-ne-pourrait-pas-etre-derobee-aussi-facilement-20251020\" target=\"_blank\" data-fig-type=\"Article\" rel=\"noopener\" data-gtm-custom-categorie=\"navigation\" data-gtm-custom-action=\"crossclick\" data-gtm-custom-label=\"Contextuel\" data-gtm-event=\"customEventSPE\" data-fig-domain=\"LEFIGARO\">La Joconde<\/a> . Les cons\u00e9quences d\u2019une assembl\u00e9e g\u00e9n\u00e9rale des repr\u00e9sentants du personnel, convoqu\u00e9e ce lundi matin \u00e0 l\u2019appel de trois syndicats, la CGT, la CFDT et SUD.<\/p>\n<p class=\"fig-paragraph\">Les repr\u00e9sentants du personnel avaient engag\u00e9 une premi\u00e8re gr\u00e8ve le 15 d\u00e9cembre, qui s\u2019est finie le 19 d\u00e9cembre. Apr\u00e8s cette premi\u00e8re fermeture de quatre jours, totale puis partielle, les syndicats avaient fustig\u00e9 les r\u00e9ponses \u00ab\u00a0du minist\u00e8re de la Culture (&#8230;) insuffisantes et en dessous des r\u00e9alit\u00e9s du quotidien\u00a0\u00bb. Ils affirmaient \u00eatre, depuis, dans l\u2019attente de \u00ab\u00a0propositions\u00a0\u00e0 la hauteur des enjeux\u00a0\u00bb apport\u00e9es par l\u2019administration.<\/p>\n<p class=\"fig-body-link\">\n            \u00c0 lire aussi<br \/>\n        <a class=\"fig-body-link__link fig-premium-mark\" href=\"http:\/\/www.lefigaro.fr\/culture\/patrimoine\/le-louvre-versailles-chambord-ces-sites-culturels-augmentent-leur-tarif-pour-les-etrangers-20251231\" target=\"_blank\" data-fig-type=\"Article\" rel=\"noopener\" data-gtm-custom-categorie=\"navigation\" data-gtm-custom-action=\"crossclick\" data-gtm-custom-label=\"Contextuel\" data-gtm-event=\"customEventSPE\" data-fig-domain=\"LEFIGARO\"><\/p>\n<p>        Le Louvre, Versailles, Chambord\u2026 Ces sites culturels augmentent leur tarif pour les \u00e9trangers<br \/>\n    <\/a>\n<\/p>\n<p>                                            <a class=\"fig-a11y-skip\" href=\"#fig-a11y-skip-main-inarticle\" data-module=\"a11y-skip\" data-context=\"was @visible\"><br \/>\n    Passer la publicit\u00e9<br \/>\n<\/a>            <\/p>\n<p class=\"fig-paragraph\">Pour tenter d\u2019\u00e9viter une fermeture du mus\u00e9e \u00e0 l\u2019approche des vacances de No\u00ebl,\u00a0<a href=\"http:\/\/www.lefigaro.fr\/culture\/journee-de-greve-au-louvre-on-se-prepare-lundi-a-une-mobilisation-puissante-selon-la-cgt-20251215\" target=\"_blank\" data-fig-type=\"NewsFlash\" rel=\"noopener\" data-gtm-custom-categorie=\"navigation\" data-gtm-custom-action=\"crossclick\" data-gtm-custom-label=\"Contextuel\" data-gtm-event=\"customEventSPE\" data-fig-domain=\"LEFIGARO\">des r\u00e9unions avaient eu lieu au minist\u00e8re de la Culture<\/a>\u00a0avec les syndicats, dont une en compagnie de Rachida Dati. Parmi les exigences des syndicats, une transformation de la gouvernance, des cr\u00e9ations d\u2019emplois comme le renoncement \u00e0 la tarification diff\u00e9renci\u00e9e,\u00a0<a href=\"http:\/\/www.lefigaro.fr\/culture\/au-louvre-le-tarif-specifique-et-plus-cher-pour-les-touristes-extra-europeens-en-place-des-2026-20250128\" target=\"_blank\" data-fig-type=\"NewsFlash\" rel=\"noopener\" data-gtm-custom-categorie=\"navigation\" data-gtm-custom-action=\"crossclick\" data-gtm-custom-label=\"Contextuel\" data-gtm-event=\"customEventSPE\" data-fig-domain=\"LEFIGARO\">mise en place d\u00e8s janvier<\/a>.<\/p>\n<p class=\"fig-paragraph\">Ouverture (ou cl\u00f4ture) partielle, donc, ce lundi 5 janvier, avant la fermeture hebdomadaire habituelle du mus\u00e9e, mardi. L\u2019incertitude pr\u00e9vaut pour la suite de la semaine.<\/p>\n","protected":false},"excerpt":{"rendered":"Les visiteurs n\u2019auront acc\u00e8s qu\u2019\u00e0 un parcours centr\u00e9 autour de chefs-d\u2019\u0153uvre pris\u00e9s des touristes \u00e9trangers, dont La Joconde.&hellip;\n","protected":false},"author":2,"featured_media":642423,"comment_status":"","ping_status":"","sticky":false,"template":"","format":"standard","meta":{"footnotes":""},"categories":[1358],"tags":[1348,1384,1385,1386,58,59,1011,27,6151,11274],"class_list":{"0":"post-642422","1":"post","2":"type-post","3":"status-publish","4":"format-standard","5":"has-post-thumbnail","7":"category-arts-et-design","8":"tag-arts","9":"tag-arts-and-design","10":"tag-arts-et-design","11":"tag-design","12":"tag-divertissement","13":"tag-entertainment","14":"tag-fr","15":"tag-france","16":"tag-greve","17":"tag-louvre"},"share_on_mastodon":{"url":"https:\/\/pubeurope.com\/@fr\/115842440388632801","error":""},"_links":{"self":[{"href":"https:\/\/www.europesays.com\/fr\/wp-json\/wp\/v2\/posts\/642422","targetHints":{"allow":["GET"]}}],"collection":[{"href":"https:\/\/www.europesays.com\/fr\/wp-json\/wp\/v2\/posts"}],"about":[{"href":"https:\/\/www.europesays.com\/fr\/wp-json\/wp\/v2\/types\/post"}],"author":[{"embeddable":true,"href":"https:\/\/www.europesays.com\/fr\/wp-json\/wp\/v2\/users\/2"}],"replies":[{"embeddable":true,"href":"https:\/\/www.europesays.com\/fr\/wp-json\/wp\/v2\/comments?post=642422"}],"version-history":[{"count":0,"href":"https:\/\/www.europesays.com\/fr\/wp-json\/wp\/v2\/posts\/642422\/revisions"}],"wp:featuredmedia":[{"embeddable":true,"href":"https:\/\/www.europesays.com\/fr\/wp-json\/wp\/v2\/media\/642423"}],"wp:attachment":[{"href":"https:\/\/www.europesays.com\/fr\/wp-json\/wp\/v2\/media?parent=642422"}],"wp:term":[{"taxonomy":"category","embeddable":true,"href":"https:\/\/www.europesays.com\/fr\/wp-json\/wp\/v2\/categories?post=642422"},{"taxonomy":"post_tag","embeddable":true,"href":"https:\/\/www.europesays.com\/fr\/wp-json\/wp\/v2\/tags?post=642422"}],"curies":[{"name":"wp","href":"https:\/\/api.w.org\/{rel}","templated":true}]}}