{"id":642428,"date":"2026-01-05T12:18:09","date_gmt":"2026-01-05T12:18:09","guid":{"rendered":"https:\/\/www.europesays.com\/fr\/642428\/"},"modified":"2026-01-05T12:18:09","modified_gmt":"2026-01-05T12:18:09","slug":"james-cameron-est-bien-parti-pour-echouer","status":"publish","type":"post","link":"https:\/\/www.europesays.com\/fr\/642428\/","title":{"rendered":"James Cameron est bien parti pour \u00e9chouer"},"content":{"rendered":"<p>La fin d\u2019ann\u00e9e a ind\u00e9niablement \u00e9t\u00e9 rythm\u00e9e par la sortie d\u2019Avatar\u00a0: de feu et de cendres par James Cameron. Trois ans apr\u00e8s le carton de <a href=\"https:\/\/www.journaldugeek.com\/critique\/critique-avatar-la-voie-de-leau-lattente-recompensee\/\" target=\"_blank\" rel=\"noopener\">La Voie de l\u2019eau<\/a>, le r\u00e9alisateur retrouvait Pandora pour un troisi\u00e8me film devant redistribuer les cartes dans l\u2019univers de SF. Nouveau peuple, nouvelles dynamiques et la promesse d\u2019une prouesse visuelle, Avatar 3 avait tout pour s\u2019illustrer comme le carton de l\u2019ann\u00e9e au cin\u00e9ma. C\u2019est le cas, mais pas autant que Disney l\u2019esp\u00e9rait.<\/p>\n<p>Selon les pr\u00e9dictions de plusieurs analystes du box-office, interrog\u00e9s par The Hollywood Reporter, Avatar\u00a0: de feu et de cendres ne d\u00e9passera pas les deux milliards de dollars au box office mondial. Il devrait terminer sa course autour de 1,5 et 1,8 milliard.<\/p>\n<p>Une excellente performance au coeur d\u2019une ann\u00e9e cin\u00e9matographique plut\u00f4t difficile, marqu\u00e9e par une importante baisse de fr\u00e9quentation des salles dans le monde. Mais Avatar 3 fait tout de m\u00eame pale figure face aux deux premiers films de James Cameron, respectivement \u00e0 <strong>2,9 et 2,3 milliards de dollars au box-office mondial.<\/strong> Jusque tr\u00e8s r\u00e9cemment, il paraissait invraisemblable qu\u2019un film de la franchise ne d\u00e9passe pas les deux milliards de dollars de recettes \u00e0 travers le monde.<\/p>\n<p> Une catastrophe pour Disney\u00a0? <\/p>\n<p>Si cette baisse drastique est inqui\u00e9tante, le troisi\u00e8me film ferait moiti\u00e9 moins que celui sorti en 2009, Avatar\u00a0: de feu et de cendres ne sera pas un \u00e9chec pour autant. Son budget estim\u00e9 \u00e0 400 millions de dollars devrait \u00eatre rentabiliser tr\u00e8s rapidement, on estime qu\u2019un m\u00e9trage doit r\u00e9colte<strong> 2,5 fois ce qu\u2019il a co\u00fbt\u00e9 pour \u00eatre une r\u00e9ussite<\/strong>. Dans un tel contexte, le seuil d\u2019Avatar\u00a0: de feu et de cendres serait donc \u00e0 un milliard. R\u00e9sultat que le film a d\u00e9j\u00e0 d\u00e9pass\u00e9 apr\u00e8s seulement quelques semaines. Mais sa course va drastiquement ralentir maintenant que les cong\u00e9s de fin d\u2019ann\u00e9e sont pass\u00e9s et que tout le monde retrouve le chemin du travail.<\/p>\n<p>\u00c0 titre de comparaison, rien que sur le sol am\u00e9ricain, Avatar 2 affichait <strong>531 millions de dollars de recettes le 6 janvie 2023<\/strong>. <strong>Avatar 3 n\u2019a r\u00e9colt\u00e9 que 305 millions ce 4 janvier 2026.<\/strong> Les prochains jours devraient \u00eatre marqu\u00e9 par une chute drastique de la fr\u00e9quentation, creusant un peu plus l\u2019\u00e9cart entre les r\u00e9sultats du deuxi\u00e8me et du troisi\u00e8me film de la saga. Mais sans \u00eatre une catastrophe industrielle, Avatar\u00a0: de feu et de cendres est un signal inqui\u00e9tant pour la conclusion des aventures de Jake et Ney\u2019tiri.<\/p>\n<p> La suite en danger\u00a0? <\/p>\n<p>James Cameron a pr\u00e9venu ses adeptes \u00e0 plusieurs reprises, Avatar 4 a beau avoir \u00e9t\u00e9 en partie tourn\u00e9, sa sortie reste <a href=\"https:\/\/www.journaldugeek.com\/2025\/11\/25\/avatar-4-et-5-james-cameron-sera-fixe-tres-bientot\/\" target=\"_blank\" rel=\"false noopener\">conditionn\u00e9e \u00e0 la bonne sant\u00e9 financi\u00e8re d\u2019Avatar 3<\/a>. S\u2019il ne doute pas que le film r\u00e9alisera d\u2019importants b\u00e9n\u00e9fices, un certain seuil a \u00e9t\u00e9 fix\u00e9 par Disney pour assurer la mise en chantier d\u2019une suite. On peut imaginer que le milliard n\u2019\u00e9tait qu\u2019un palier \u00e0 atteindre que la firme aux grandes oreilles avaient de grandes ambitions pour ce blockbuster de fin d\u2019ann\u00e9e.<\/p>\n<p>Ses espoirs douch\u00e9s, la firme va-t-elle en finir avec Pandora et sa mythologie\u00a0? C\u2019est assez improbable mais James Cameron pourrait ne pas avoir la m\u00eame libert\u00e9 de mouvement qu\u2019avec les pr\u00e9c\u00e9dents films. Budget r\u00e9duit\u00a0? Plus de directives des studios\u00a0? Avatar n\u2019est plus un cas d\u2019\u00e9cole pour l\u2019industrie cin\u00e9matographique, de ces sagas qui surpassent les attentes \u00e0 chacune de leur apparition.<strong> Des r\u00e9ajustements sont \u00e0 pr\u00e9voir<\/strong> mais les \u00e9pisodes 4 et 5 sont encore au programme des ann\u00e9es 2029 et 2031.<\/p>\n<p>Cameron a tout de m\u00eame anticip\u00e9 un arr\u00eat brutal de sa saga et promet qu\u2019il tiendra, si les deux derniers films ne se font pas, une conf\u00e9rence sp\u00e9ciale durant laquelle il r\u00e9v\u00e8lera tout ce qu\u2019il arrive \u00e0 nos h\u00e9ros. Il n\u2019exclut pas non plus l\u2019id\u00e9e de d\u00e9velopper son lore au travers de productions d\u00e9riv\u00e9es<strong> telles que des romans.\u00a0<\/strong><\/p>\n<blockquote style=\"border:1px solid #971048;border-radius:8px;\">\n<p class=\"text-base text-neutral-700 dark:text-neutral-300\" style=\"color:grey;\">\ud83d\udfe3 Pour ne manquer aucune news sur le Journal du Geek, <a href=\"https:\/\/profile.google.com\/cp\/CgwvZy8xejJ2N182c2MaHmh0dHBzOi8vd3d3LmpvdXJuYWxkdWdlZWsuY29tLw==?pf=6\" target=\"_blank\" rel=\"noopener\">suivez-nous sur Google<\/a> et sur notre canal <a href=\"https:\/\/whatsapp.com\/channel\/0029VaClM5y4tRry12tb7D2h\" target=\"_blank\" rel=\"noopener\">WhatsApp<\/a>. Et si vous nous adorez, on a <a href=\"https:\/\/www.journaldugeek.com\/newsletter\/\" target=\"_blank\" rel=\"noopener\">une newsletter tous les matins<\/a>.<\/p>\n<\/blockquote>\n","protected":false},"excerpt":{"rendered":"La fin d\u2019ann\u00e9e a ind\u00e9niablement \u00e9t\u00e9 rythm\u00e9e par la sortie d\u2019Avatar\u00a0: de feu et de cendres par James&hellip;\n","protected":false},"author":2,"featured_media":642429,"comment_status":"","ping_status":"","sticky":false,"template":"","format":"standard","meta":{"footnotes":""},"categories":[1354],"tags":[73864,40939,58,59,1346,1011,27,28114,1360],"class_list":{"0":"post-642428","1":"post","2":"type-post","3":"status-publish","4":"format-standard","5":"has-post-thumbnail","7":"category-films","8":"tag-avatar-de-feu-et-de-cendres","9":"tag-avatar-3","10":"tag-divertissement","11":"tag-entertainment","12":"tag-films","13":"tag-fr","14":"tag-france","15":"tag-james-cameron","16":"tag-movies"},"share_on_mastodon":{"url":"https:\/\/pubeurope.com\/@fr\/115842456260059090","error":""},"_links":{"self":[{"href":"https:\/\/www.europesays.com\/fr\/wp-json\/wp\/v2\/posts\/642428","targetHints":{"allow":["GET"]}}],"collection":[{"href":"https:\/\/www.europesays.com\/fr\/wp-json\/wp\/v2\/posts"}],"about":[{"href":"https:\/\/www.europesays.com\/fr\/wp-json\/wp\/v2\/types\/post"}],"author":[{"embeddable":true,"href":"https:\/\/www.europesays.com\/fr\/wp-json\/wp\/v2\/users\/2"}],"replies":[{"embeddable":true,"href":"https:\/\/www.europesays.com\/fr\/wp-json\/wp\/v2\/comments?post=642428"}],"version-history":[{"count":0,"href":"https:\/\/www.europesays.com\/fr\/wp-json\/wp\/v2\/posts\/642428\/revisions"}],"wp:featuredmedia":[{"embeddable":true,"href":"https:\/\/www.europesays.com\/fr\/wp-json\/wp\/v2\/media\/642429"}],"wp:attachment":[{"href":"https:\/\/www.europesays.com\/fr\/wp-json\/wp\/v2\/media?parent=642428"}],"wp:term":[{"taxonomy":"category","embeddable":true,"href":"https:\/\/www.europesays.com\/fr\/wp-json\/wp\/v2\/categories?post=642428"},{"taxonomy":"post_tag","embeddable":true,"href":"https:\/\/www.europesays.com\/fr\/wp-json\/wp\/v2\/tags?post=642428"}],"curies":[{"name":"wp","href":"https:\/\/api.w.org\/{rel}","templated":true}]}}