{"id":642430,"date":"2026-01-05T12:19:10","date_gmt":"2026-01-05T12:19:10","guid":{"rendered":"https:\/\/www.europesays.com\/fr\/642430\/"},"modified":"2026-01-05T12:19:10","modified_gmt":"2026-01-05T12:19:10","slug":"ces-deux-gels-douche-sont-epingles-par-60-millions-de-consommateurs-il-vaut-mieux-les-eviter-en-2026","status":"publish","type":"post","link":"https:\/\/www.europesays.com\/fr\/642430\/","title":{"rendered":"Ces deux gels douche sont \u00e9pingl\u00e9s par 60 Millions de consommateurs, il vaut mieux les \u00e9viter en 2026"},"content":{"rendered":"<p>Depuis plusieurs ann\u00e9es, 60 Millions de consommateurs<br \/>\ns\u2019int\u00e9resse de pr\u00e8s \u00e0 la composition de nos produits d\u2019hygi\u00e8ne du<br \/>\nquotidien. Une \u00e9dition sp\u00e9ciale publi\u00e9e en 2023 s\u2019est pench\u00e9e sur<br \/>\n<strong>14 r\u00e9f\u00e9rences de gels douche<\/strong> et savons. Cela a<br \/>\npour but de mieux guider les consommateurs dans leurs choix.<br \/>\nL\u2019objectif de l\u2019association n\u2019est pas de d\u00e9busquer des ingr\u00e9dients<br \/>\nill\u00e9gaux. Il s\u00a0\u00bbagit plut\u00f4t de rep\u00e9rer ceux qui, tout en respectant<br \/>\nla r\u00e9glementation, sont jug\u00e9s moins s\u00fbrs ou controvers\u00e9s.<\/p>\n<p>Les produits les plus mal not\u00e9s ne sont donc <strong>pas<br \/>\nn\u00e9cessairement dangereux<\/strong> en soi. Toutefois, ils pr\u00e9sentent<br \/>\nun niveau de risque jug\u00e9 plus pr\u00e9occupant lorsqu\u2019ils sont utilis\u00e9s<br \/>\ntous les jours, surtout en combinaison avec d\u2019autres cosm\u00e9tiques ou<br \/>\nproduits m\u00e9nagers contenant les m\u00eames substances. <a href=\"https:\/\/www.melty.fr\/divers\/ce-gel-douche-populaire-est-une-arnaque-selon-60-millions-de-consommateurs-7-en-moins-pour-10-a-17-plus-cher-2277839.html\" target=\"_blank\" rel=\"noopener\"><br \/>\nLes gels douche<\/a> appartiennent \u00e0 la cat\u00e9gorie des produits \u00e0<br \/>\nrincer. Cela limite en partie la p\u00e9n\u00e9tration cutan\u00e9e de certains<br \/>\ncompos\u00e9s. En revanche, le rin\u00e7age entra\u00eene ces ingr\u00e9dients dans les<br \/>\neaux us\u00e9es. Cela soul\u00e8ve aussi la question de leur impact sur<br \/>\nl\u2019environnement.<\/p>\n<p>Comment choisir plus sereinement son gel douche ?<\/p>\n<p>Au-del\u00e0 de deux gels douche \u00e9pingl\u00e9s par <a href=\"https:\/\/www.melty.fr\/divers\/ce-gel-douche-est-le-meilleur-pour-la-peau-selon-60-millions-de-consommateurs-2183931.html\" target=\"_blank\" rel=\"noopener\"><br \/>\n60 millions de consommateurs<\/a>, l\u2019enseignement principal de ce<br \/>\ntravail reste que la vigilance doit porter sur les familles<br \/>\nd\u2019ingr\u00e9dients plut\u00f4t que sur quelques marques isol\u00e9es. L\u2019\u00e9tude met<br \/>\nnotamment en avant <strong>la pr\u00e9sence fr\u00e9quente<br \/>\nd\u2019allerg\u00e8nes<\/strong>, de tensioactifs irritants ou polluants, de<br \/>\npolym\u00e8res et de colorants azo\u00efques, ainsi que de certains<br \/>\nconservateurs suspect\u00e9s d\u2019\u00eatre canc\u00e9rog\u00e8nes, mutag\u00e8nes,<br \/>\nreprotoxiques ou perturbateurs endocriniens, comme l\u2019acide<br \/>\nsalicylique.<\/p>\n<p>Un perturbateur endocrinien est une substance capable de<br \/>\n<strong>d\u00e9r\u00e9gler certaines fonctions hormonales<\/strong> et d\u2019avoir<br \/>\ndes effets \u00e0 la fois sur la sant\u00e9 humaine et sur les \u00e9cosyst\u00e8mes<br \/>\nlorsqu\u2019il se retrouve dans l\u2019environnement. Pour limiter<br \/>\nl\u2019exposition globale, le r\u00e9flexe le plus protecteur consiste donc \u00e0<br \/>\nr\u00e9duire l\u2019usage quotidien de produits cumulant ce type de compos\u00e9s,<br \/>\nm\u00eame s\u2019ils restent autoris\u00e9s par la r\u00e9glementation.<\/p>\n<p>S&rsquo;orienter vers des formules plus simples<\/p>\n<p>Concr\u00e8tement, il est possible d\u2019orienter ses choix vers des<br \/>\nformules plus simples : listes INCI courtes, moins de parfums et de<br \/>\ncolorants, labels ou d\u00e9marches plus transparentes sur l\u2019impact<br \/>\nenvironnemental. Les kits DIY ou certains savons peu transform\u00e9s<br \/>\nmontrent cette tendance, sans qu\u2019ils soient pour autant parfaits.<br \/>\nEt pour cause, ils peuvent eux aussi contenir <strong>quelques<br \/>\ningr\u00e9dients irritants ou discut\u00e9s.<\/strong><br \/>\u200b<br \/>En 2026, l\u2019enjeu principal n\u2019est donc pas seulement <a href=\"https:\/\/www.melty.fr\/divers\/les-marques-de-shampoing-a-bannir-de-nos-placards-selon-60-millions-de-consommateurs-2137960.html\" target=\"_blank\" rel=\"noopener\"><br \/>\nd\u2019\u00e9viter certains produits.<\/a> C&rsquo;est surtout d\u2019adopter une<br \/>\napproche plus globale et inform\u00e9e de ses cosm\u00e9tiques. Il s&rsquo;agit<br \/>\ndonc de se concentrer sur la composition, la fr\u00e9quence<br \/>\nd\u2019utilisation et la multiplication des sources d\u2019exposition au sein<br \/>\nde la salle de bain. Dans le classement r\u00e9alis\u00e9 par 60 Millions de<br \/>\nconsommateurs, deux gels douche se retrouvent en queue de peloton.<br \/>\nIls sont <strong>clairement \u00e0 \u00e9viter en usage<br \/>\nquotidien&#8230;<\/strong><\/p>\n<p>Deux r\u00e9f\u00e9rences \u00e0 \u00e9viter en 2026<\/p>\n<p>Le dernier du classement est <strong>le Nuxe Men, Gel douche<br \/>\nmulti-usage,<\/strong> seul produit sp\u00e9cifiquement destin\u00e9 aux<br \/>\nhommes dans cette s\u00e9lection. Il obtient un score sant\u00e9 D, un score<br \/>\nenvironnement E et un cosmeto\u2019score E. L\u2019association souligne au<br \/>\npassage que les hommes \u00ab\u00a0ne paraissent pas une cible pour les<br \/>\nproduits les mieux formul\u00e9s\u00a0\u00bb. Une autre r\u00e9f\u00e9rence se voit attribuer<br \/>\nun score sant\u00e9 E. Il s&rsquo;agit du gel douche <strong>Nocib\u00e9, Les<br \/>\nd\u00e9lices tartes amandine.<\/strong> Ces notes traduisent une<br \/>\nformulation jug\u00e9e plus probl\u00e9matique, \u00e0 la fois pour la sant\u00e9 et,<br \/>\npour certains crit\u00e8res, pour l\u2019environnement.<\/p>\n<p>\u00c0 l\u2019inverse, en t\u00eate de classement figure le kit do-it-yourself<br \/>\n\u00ab\u00a0Ma box au naturel\u00a0\u00bb. Il contient moins de parfums, d\u2019allerg\u00e8nes et<br \/>\nde colorants que les autres gels douche, tandis que le kit Graine<br \/>\ncr\u00e9ative (savons licornes) ne comporte pas d\u2019ingr\u00e9dient parfumant<br \/>\nmais reste p\u00e9nalis\u00e9 par quelques composants irritants ou<br \/>\ncontrovers\u00e9s.\u00a0 Pour les enfants, le constat n\u2019est pas plus<br \/>\nrassurant. En effet, des produits comme <strong>Tahiti Kids cheveux<br \/>\n&amp; corps<\/strong> sont point\u00e9s du doigt pour la pr\u00e9sence de PEG,<br \/>\nPPG, EDTA et ammoniums quaternaires. On retrouve aussi des<br \/>\nsubstances suspect\u00e9es d\u2019\u00eatre perturbateurs endocriniens. Cela en<br \/>\nfait des r\u00e9f\u00e9rences \u00e0 \u00e9viter comme produits du quotidien. Ces<br \/>\nobservations rappellent que la cible marketing \u00ab\u00a0famille\u00a0\u00bb ou<br \/>\n\u00ab\u00a0enfant\u00a0\u00bb ne garantit pas automatiquement une meilleure qualit\u00e9 de<br \/>\ncomposition.<\/p>\n","protected":false},"excerpt":{"rendered":"Depuis plusieurs ann\u00e9es, 60 Millions de consommateurs s\u2019int\u00e9resse de pr\u00e8s \u00e0 la composition de nos produits d\u2019hygi\u00e8ne du&hellip;\n","protected":false},"author":2,"featured_media":642431,"comment_status":"","ping_status":"","sticky":false,"template":"","format":"standard","meta":{"footnotes":""},"categories":[10],"tags":[1011,27,72,71,65861],"class_list":{"0":"post-642430","1":"post","2":"type-post","3":"status-publish","4":"format-standard","5":"has-post-thumbnail","7":"category-sante","8":"tag-fr","9":"tag-france","10":"tag-health","11":"tag-sante","12":"tag-trend"},"share_on_mastodon":{"url":"https:\/\/pubeurope.com\/@fr\/115842460138744730","error":""},"_links":{"self":[{"href":"https:\/\/www.europesays.com\/fr\/wp-json\/wp\/v2\/posts\/642430","targetHints":{"allow":["GET"]}}],"collection":[{"href":"https:\/\/www.europesays.com\/fr\/wp-json\/wp\/v2\/posts"}],"about":[{"href":"https:\/\/www.europesays.com\/fr\/wp-json\/wp\/v2\/types\/post"}],"author":[{"embeddable":true,"href":"https:\/\/www.europesays.com\/fr\/wp-json\/wp\/v2\/users\/2"}],"replies":[{"embeddable":true,"href":"https:\/\/www.europesays.com\/fr\/wp-json\/wp\/v2\/comments?post=642430"}],"version-history":[{"count":0,"href":"https:\/\/www.europesays.com\/fr\/wp-json\/wp\/v2\/posts\/642430\/revisions"}],"wp:featuredmedia":[{"embeddable":true,"href":"https:\/\/www.europesays.com\/fr\/wp-json\/wp\/v2\/media\/642431"}],"wp:attachment":[{"href":"https:\/\/www.europesays.com\/fr\/wp-json\/wp\/v2\/media?parent=642430"}],"wp:term":[{"taxonomy":"category","embeddable":true,"href":"https:\/\/www.europesays.com\/fr\/wp-json\/wp\/v2\/categories?post=642430"},{"taxonomy":"post_tag","embeddable":true,"href":"https:\/\/www.europesays.com\/fr\/wp-json\/wp\/v2\/tags?post=642430"}],"curies":[{"name":"wp","href":"https:\/\/api.w.org\/{rel}","templated":true}]}}