{"id":642434,"date":"2026-01-05T12:21:12","date_gmt":"2026-01-05T12:21:12","guid":{"rendered":"https:\/\/www.europesays.com\/fr\/642434\/"},"modified":"2026-01-05T12:21:12","modified_gmt":"2026-01-05T12:21:12","slug":"aux-critics-choice-awards-jimmy-kimmel-remercie-donald-jennifer-trump-dans-un-discours-grincant","status":"publish","type":"post","link":"https:\/\/www.europesays.com\/fr\/642434\/","title":{"rendered":"Aux Critics Choice Awards, Jimmy Kimmel remercie \u00ab\u00a0Donald Jennifer Trump\u00a0\u00bb dans un discours grin\u00e7ant"},"content":{"rendered":"<p>        <img decoding=\"async\" loading=\"lazy\" src=\"https:\/\/www.europesays.com\/fr\/wp-content\/uploads\/2026\/01\/410872c_upload-1-mcnjq617snbl-gettyimages-2254118617.jpg\"  width=\"728\" height=\"409\" alt=\"Jimmy Kimmel, ici \u00e0 Santa Monica, au mois de janvier 2025, lors des Critics\u2019 Choice Awards.\"\/>  <\/p>\n<p>JC Olivera \/ Variety via Getty Images<\/p>\n<p>Jimmy Kimmel, ici \u00e0 Santa Monica, au mois de janvier 2025, lors des Critics\u2019 Choice Awards.<\/p>\n<p>      <strong>EN BREF<\/strong> <strong>\u2022 <\/strong>Jimmy Kimmel a remerci\u00e9 ironiquement Donald Trump lors des Critics Choice Awards, soulignant son influence sur le succ\u00e8s de son talk-show anti-Trump.<br \/><strong>\u2022 <\/strong>L\u2019\u00e9mission Jimmy Kimmel Live\u00a0! avait \u00e9t\u00e9 temporairement suspendue apr\u00e8s des critiques du com\u00e9diens envers les trumpistes, mais a rapidement repris face au toll\u00e9.<br \/><strong>\u2022 <\/strong>Kimmel ne s\u2019est pour autant pas arr\u00eat\u00e9 de critiquer Trump et a m\u00eame exprim\u00e9 son int\u00e9r\u00eat \u00e0 l\u2019inviter sur son show.                         <\/p>\n<p class=\"asset asset-text\">La saison des c\u00e9r\u00e9monies hollywoodiennes commence bien pour <a href=\"https:\/\/www.huffingtonpost.fr\/divertissement\/article\/jimmy-kimmel-etait-aux-toilettes-quand-il-a-appris-sa-suspension-par-abc_255487.html\" target=\"_blank\" rel=\"noopener\">Jimmy Kimmel<\/a>. Pour Donald Trump, un peu moins. Ce dimanche 4\u00a0janvier, la star am\u00e9ricaine des late-night shows a profit\u00e9 de son prix aux <a href=\"https:\/\/www.huffingtonpost.fr\/divertissement\/article\/avec-cette-blague-sur-timothee-chalamet-kathy-bates-est-deja-devenue-un-meme_258876.html\" target=\"_blank\" rel=\"noopener\">Critics Choice Awards<\/a> pour \u00e9triller <a href=\"https:\/\/www.huffingtonpost.fr\/culture\/article\/jimmy-kimmel-n-a-pas-epargne-le-roi-donnie-viii-lors-de-son-discours-de-noel-alternatif_258610.html\" target=\"_blank\" rel=\"noopener\">comme \u00e0 son habitude<\/a> l\u2019actuel locataire de la Maison blanche, bien \u00e0 sa mani\u00e8re.<\/p>\n<p class=\"asset asset-text\">\u00ab\u00a0Je tiens \u00e0 remercier notre pr\u00e9sident, Donald Jennifer Trump (un surnom sous lequel il a pris l\u2019habitude de l\u2019appeler depuis plusieurs ann\u00e9es, ndlr), sans qui nous serions rentr\u00e9s chez nous les mains vides ce soir\u00a0\u00bb, a lanc\u00e9 le pr\u00e9sentateur de 58\u00a0ans, laur\u00e9at du meilleur talk-show de cette 31e soir\u00e9e organis\u00e9e par la critique sp\u00e9cialis\u00e9e.<\/p>\n<p class=\"asset asset-text\">\u00ab\u00a0Merci pour toutes les choses ridicules que vous faites chaque jour. Ces deux derni\u00e8res semaines ont \u00e9t\u00e9 m\u00e9morables, et nous sommes impatients de revenir \u00e0 l\u2019antenne pour en parler\u00a0\u00bb, a-t-il poursuivi, apr\u00e8s avoir salu\u00e9 les sc\u00e9naristes, acteurs, producteurs, et celles et ceux qui se sont mobilis\u00e9s pour \u00ab\u00a0la libert\u00e9 d\u2019expression\u00a0\u00bb, \u00ab\u00a0qui ne va pas de soi dans cette ville ni dans ce pays\u00a0\u00bb.<\/p>\n<p class=\"asset asset-text\">Parmi les talk-shows les plus regard\u00e9s de l\u2019autre c\u00f4t\u00e9 de l\u2019Atlantique, le Jimmy Kimmel Live\u00a0! \u00e9gratigne r\u00e9guli\u00e8rement Donald Trump, notamment par la voix de son pr\u00e9sentateur, comme lors d\u2019un r\u00e9cent monologue au cours duquel <a href=\"https:\/\/www.huffingtonpost.fr\/divertissement\/article\/une-annee-difficile-jimmy-kimmel-au-bord-des-larmes-pour-sa-derniere-emission-de-2025_258443.html\" target=\"_blank\" rel=\"noopener\">il a eu bien du mal \u00e0 retenir ses larmes<\/a> en \u00e9voquant l\u2019ann\u00e9e 2025\u00a0qui arrivait \u00e0 sa fin.<\/p>\n<p>    \u00ab\u00a0La tyrannie prosp\u00e8re\u00a0\u00bb    <\/p>\n<p class=\"asset asset-text\">Au mois de septembre dernier, Jimmy Kimmel a vu son \u00e9mission sur ABC \u00eatre subitement suspendue par Brendan Carr, alli\u00e9 de Donald Trump et\u00a0patron du gendarme am\u00e9ricain de l\u2019audiovisuel (FCC), apr\u00e8s avoir tourn\u00e9 en ridicule les trumpistes, qu\u2019il accusait d\u2019exploiter politiquement le meurtre de l\u2019influenceur d\u2019extr\u00eame droite <a href=\"https:\/\/www.huffingtonpost.fr\/international\/article\/comment-l-assassinat-de-charlie-kirk-donne-a-donald-trump-l-occasion-de-se-lacher-contre-ses-opposants_254806.html\" target=\"_blank\" rel=\"noopener\">Charlie Kirk<\/a>.<\/p>\n<p class=\"asset asset-text\">Face au toll\u00e9 et aux accusations de censure dans l\u2019opinion publique et chez des nombreuses c\u00e9l\u00e9brit\u00e9s, la cha\u00eene, propri\u00e9t\u00e9 du groupe Disney, avait finalement fait revenir l\u2019humoriste une semaine apr\u00e8s son \u00e9viction. Son protagoniste est pr\u00e9vu pour rester \u00e0 l\u2019antenne jusqu\u2019en 2027, comme l\u2019a assur\u00e9 \u00e0 l\u2019AFP une source proche du dossier.<\/p>\n<p class=\"asset asset-text\">Un contexte sous pression, qui ne l\u2019a pas amoindri. \u00ab\u00a0La tyrannie prosp\u00e8re ici\u00a0\u00bb, a rench\u00e9ri Jimmy Kimmel dans un message diffus\u00e9 \u00e0 la t\u00e9l\u00e9vision britannique, la veille de No\u00ebl. Pas rancunier pour un sou, il avait de son c\u00f4t\u00e9 affirm\u00e9, au mois d\u2019octobre dernier, qu\u2019il adorerait m\u00eame \u00ab\u00a0avoir Trump comme invit\u00e9\u00a0\u00bb \u00e0 l\u2019avenir.<\/p>\n","protected":false},"excerpt":{"rendered":"JC Olivera \/ Variety via Getty Images Jimmy Kimmel, ici \u00e0 Santa Monica, au mois de janvier 2025,&hellip;\n","protected":false},"author":2,"featured_media":642435,"comment_status":"","ping_status":"","sticky":false,"template":"","format":"standard","meta":{"footnotes":""},"categories":[8],"tags":[58,75,59,1011,27,39997],"class_list":{"0":"post-642434","1":"post","2":"type-post","3":"status-publish","4":"format-standard","5":"has-post-thumbnail","7":"category-divertissement","8":"tag-divertissement","9":"tag-donald-trump","10":"tag-entertainment","11":"tag-fr","12":"tag-france","13":"tag-jimmy-kimmel"},"share_on_mastodon":{"url":"https:\/\/pubeurope.com\/@fr\/115842468129571872","error":""},"_links":{"self":[{"href":"https:\/\/www.europesays.com\/fr\/wp-json\/wp\/v2\/posts\/642434","targetHints":{"allow":["GET"]}}],"collection":[{"href":"https:\/\/www.europesays.com\/fr\/wp-json\/wp\/v2\/posts"}],"about":[{"href":"https:\/\/www.europesays.com\/fr\/wp-json\/wp\/v2\/types\/post"}],"author":[{"embeddable":true,"href":"https:\/\/www.europesays.com\/fr\/wp-json\/wp\/v2\/users\/2"}],"replies":[{"embeddable":true,"href":"https:\/\/www.europesays.com\/fr\/wp-json\/wp\/v2\/comments?post=642434"}],"version-history":[{"count":0,"href":"https:\/\/www.europesays.com\/fr\/wp-json\/wp\/v2\/posts\/642434\/revisions"}],"wp:featuredmedia":[{"embeddable":true,"href":"https:\/\/www.europesays.com\/fr\/wp-json\/wp\/v2\/media\/642435"}],"wp:attachment":[{"href":"https:\/\/www.europesays.com\/fr\/wp-json\/wp\/v2\/media?parent=642434"}],"wp:term":[{"taxonomy":"category","embeddable":true,"href":"https:\/\/www.europesays.com\/fr\/wp-json\/wp\/v2\/categories?post=642434"},{"taxonomy":"post_tag","embeddable":true,"href":"https:\/\/www.europesays.com\/fr\/wp-json\/wp\/v2\/tags?post=642434"}],"curies":[{"name":"wp","href":"https:\/\/api.w.org\/{rel}","templated":true}]}}