{"id":642436,"date":"2026-01-05T12:22:16","date_gmt":"2026-01-05T12:22:16","guid":{"rendered":"https:\/\/www.europesays.com\/fr\/642436\/"},"modified":"2026-01-05T12:22:16","modified_gmt":"2026-01-05T12:22:16","slug":"10-000-mah-et-un-ecran-lcd-integre-frandroid","status":"publish","type":"post","link":"https:\/\/www.europesays.com\/fr\/642436\/","title":{"rendered":"10 000 mAh et un \u00e9cran LCD int\u00e9gr\u00e9 \u2014 Frandroid"},"content":{"rendered":"<p>Vous avez peur de tomber en rade de batterie avec votre <strong>Nintendo Switch 2<\/strong> flambant neuve ? Belkin a la solution. La marque pr\u00e9sente une coque de transport qui fait aussi station de charge rapide <strong>30W<\/strong>. L\u2019id\u00e9e de g\u00e9nie ? Un compartiment cach\u00e9 pour un AirTag.<\/p>\n<p><a target=\"_blank\" href=\"https:\/\/images.frandroid.com\/wp-content\/uploads\/2026\/01\/g91rs-0wmaaztln.jpeg\" class=\"article-content__figure\" rel=\"noopener\"><img fetchpriority=\"high\" decoding=\"async\" loading=\"eager\" width=\"1200\" height=\"792\" src=\"https:\/\/www.europesays.com\/fr\/wp-content\/uploads\/2026\/01\/g91rs-0wmaaztln.jpeg\" alt=\"\" class=\"wp-image-2927213 wp-image wp-image\"  \/><\/a><\/p>\n<p>Quand Belkin s\u2019y met, ce n\u2019est g\u00e9n\u00e9ralement pas pour faire de la figuration. Au CES 2026, la marque a pr\u00e9sent\u00e9 la <strong>Charging Case Pro<\/strong> pour la <a href=\"https:\/\/www.frandroid.com\/marques\/nintendo\/2639341_test-de-la-nintendo-switch-2-faut-il-craquer-tout-de-suite\" target=\"_blank\" rel=\"noopener\">Switch 2<\/a>.<\/p>\n<p>Sur le papier, c\u2019est \u00ab\u00a0juste\u00a0\u00bb une housse de transport avec une batterie. Dans les faits, c\u2019est un peu plus subtil que \u00e7a. Et heureusement, vu le tarif demand\u00e9.<\/p>\n<p>10 000 mAh et un \u00e9cran LCD : le luxe pour votre console<\/p>\n<p>Le c\u0153ur du produit, c\u2019est \u00e9videmment cette batterie int\u00e9gr\u00e9e de <strong>10 000 mAh<\/strong>. C\u2019est assez pour doubler (voire tripler, selon l\u2019usage) l\u2019autonomie de la console. Belkin promet une charge rapide de <strong>30W<\/strong>, ce qui est coh\u00e9rent avec ce que la Switch 2 supporte.<\/p>\n<p><a target=\"_blank\" href=\"https:\/\/images.frandroid.com\/wp-content\/uploads\/2026\/01\/g91rt5xw0aa3q-9.jpeg\" class=\"article-content__figure\" rel=\"noopener\"><img loading=\"lazy\" decoding=\"async\" width=\"1200\" height=\"317\" src=\"https:\/\/www.europesays.com\/fr\/wp-content\/uploads\/2026\/01\/g91rt5xw0aa3q-9-1200x317.jpeg\" alt=\"\" class=\"wp-image-2927215 wp-image\"  \/><\/a><\/p>\n<p>Mais l\u00e0 o\u00f9 Belkin marque des points, c\u2019est sur les d\u00e9tails. La coque int\u00e8gre un <strong>petit \u00e9cran LCD<\/strong> visible de l\u2019ext\u00e9rieur via une d\u00e9coupe ovale. Plus besoin d\u2019ouvrir la housse et d\u2019allumer la batterie pour savoir s\u2019il vous reste du jus. C\u2019est tout b\u00eate, mais il fallait y penser. Sur le mod\u00e8le pr\u00e9c\u00e9dent, c\u2019\u00e9tait une plaie \u00e0 v\u00e9rifier. L\u00e0, un coup d\u2019\u0153il suffit.<\/p>\n<p>Le vrai plus : le support et la s\u00e9curit\u00e9<\/p>\n<p>On sait que Nintendo a am\u00e9lior\u00e9 la b\u00e9quille de sa Switch 2. Mais soyons honn\u00eates : pour jouer dans un train qui vibre ou sur une tablette d\u2019avion, rien ne vaut un vrai stand. La coque de Belkin se transforme en <strong>support de table<\/strong>, utilisable avec ou sans la housse. C\u2019est stable, c\u2019est robuste.<\/p>\n<p><a target=\"_blank\" href=\"https:\/\/images.frandroid.com\/wp-content\/uploads\/2026\/01\/g91rvuywwaetgfm.jpeg\" class=\"article-content__figure\" rel=\"noopener\"><img loading=\"lazy\" decoding=\"async\" width=\"1200\" height=\"683\" src=\"https:\/\/www.europesays.com\/fr\/wp-content\/uploads\/2026\/01\/g91rvuywwaetgfm-1200x683.jpeg\" alt=\"\" class=\"wp-image-2927217 wp-image\"  \/><\/a><\/p>\n<p>L\u2019autre bonne id\u00e9e ? La s\u00e9curit\u00e9. Belkin a pr\u00e9vu un <strong>compartiment cach\u00e9<\/strong> pour glisser un traceur type AirTag ou SmartTag. Vu la valeur de la console et la convoitise qu\u2019elle va susciter, savoir que votre Switch 2 est tra\u00e7able m\u00eame \u00e9teinte dans sa housse, c\u2019est rassurant.<\/p>\n<p><a target=\"_blank\" href=\"https:\/\/images.frandroid.com\/wp-content\/uploads\/2026\/01\/g91ru3axsaadpjg.jpeg\" class=\"article-content__figure\" rel=\"noopener\"><img loading=\"lazy\" decoding=\"async\" width=\"1200\" height=\"800\" src=\"https:\/\/www.europesays.com\/fr\/wp-content\/uploads\/2026\/01\/g91ru3axsaadpjg-1200x800.jpeg\" alt=\"\" class=\"wp-image-2927219 wp-image\"  \/><\/a><\/p>\n<p>La finition \u00ab\u00a0premium\u00a0\u00bb semble au rendez-vous. On est loin du plastique cheap de certaines coques noname sur Amazon.<\/p>\n<p>Le prix ? \u00c7a pique un peu<\/p>\n<p>C\u2019est l\u00e0 que \u00e7a coince. La pr\u00e9c\u00e9dente version co\u00fbtait 70 dollars. Pour cette version Switch 2, Belkin demande <strong>100 dollars<\/strong> (attendez-vous \u00e0 une conversion douloureuse autour de 110-120 euros).<\/p>\n<p>C\u2019est une augmentation de pr\u00e8s de 45 %. C\u2019est violent. Alors oui, les mat\u00e9riaux sont meilleurs, il y a un \u00e9cran LCD et la capacit\u00e9 de charge est solide. Mais 100 dollars pour une batterie et du tissu renforc\u00e9, c\u2019est un investissement.<\/p>\n<p><strong>En clair :<\/strong> si vous \u00eates un voyageur fr\u00e9quent, c\u2019est probablement l\u2019accessoire ultime. Vous prot\u00e9gez, vous chargez, vous jouez confortablement et vous tracez votre console. Pour les autres, une bonne batterie externe Anker \u00e0 30 balles dans le sac \u00e0 dos fera sans doute l\u2019affaire.<\/p>\n<p>Dispo imm\u00e9diate aux US, on attend la date pr\u00e9cise pour l\u2019Europe.<\/p>\n","protected":false},"excerpt":{"rendered":"Vous avez peur de tomber en rade de batterie avec votre Nintendo Switch 2 flambant neuve ? Belkin&hellip;\n","protected":false},"author":2,"featured_media":642437,"comment_status":"","ping_status":"","sticky":false,"template":"","format":"standard","meta":{"footnotes":""},"categories":[7],"tags":[1011,27,43,40,41,39,42,44],"class_list":{"0":"post-642436","1":"post","2":"type-post","3":"status-publish","4":"format-standard","5":"has-post-thumbnail","7":"category-sciences-et-technologies","8":"tag-fr","9":"tag-france","10":"tag-science","11":"tag-science-and-technology","12":"tag-sciences","13":"tag-sciences-et-technologies","14":"tag-technologies","15":"tag-technology"},"share_on_mastodon":{"url":"https:\/\/pubeurope.com\/@fr\/115842472185489845","error":""},"_links":{"self":[{"href":"https:\/\/www.europesays.com\/fr\/wp-json\/wp\/v2\/posts\/642436","targetHints":{"allow":["GET"]}}],"collection":[{"href":"https:\/\/www.europesays.com\/fr\/wp-json\/wp\/v2\/posts"}],"about":[{"href":"https:\/\/www.europesays.com\/fr\/wp-json\/wp\/v2\/types\/post"}],"author":[{"embeddable":true,"href":"https:\/\/www.europesays.com\/fr\/wp-json\/wp\/v2\/users\/2"}],"replies":[{"embeddable":true,"href":"https:\/\/www.europesays.com\/fr\/wp-json\/wp\/v2\/comments?post=642436"}],"version-history":[{"count":0,"href":"https:\/\/www.europesays.com\/fr\/wp-json\/wp\/v2\/posts\/642436\/revisions"}],"wp:featuredmedia":[{"embeddable":true,"href":"https:\/\/www.europesays.com\/fr\/wp-json\/wp\/v2\/media\/642437"}],"wp:attachment":[{"href":"https:\/\/www.europesays.com\/fr\/wp-json\/wp\/v2\/media?parent=642436"}],"wp:term":[{"taxonomy":"category","embeddable":true,"href":"https:\/\/www.europesays.com\/fr\/wp-json\/wp\/v2\/categories?post=642436"},{"taxonomy":"post_tag","embeddable":true,"href":"https:\/\/www.europesays.com\/fr\/wp-json\/wp\/v2\/tags?post=642436"}],"curies":[{"name":"wp","href":"https:\/\/api.w.org\/{rel}","templated":true}]}}