{"id":642440,"date":"2026-01-05T12:24:12","date_gmt":"2026-01-05T12:24:12","guid":{"rendered":"https:\/\/www.europesays.com\/fr\/642440\/"},"modified":"2026-01-05T12:24:12","modified_gmt":"2026-01-05T12:24:12","slug":"donald-trump-menace-le-groenland-dannexion-la-france-exprime-sa-solidarite-avec-le-danemark","status":"publish","type":"post","link":"https:\/\/www.europesays.com\/fr\/642440\/","title":{"rendered":"Donald Trump menace le Groenland d\u2019annexion\u00a0: la France exprime sa \u00ab\u00a0solidarit\u00e9\u00a0\u00bb avec le Danemark"},"content":{"rendered":"<p class=\"lp-f-subtitle-01\">\u00ab\u00a0Il ne peut pas y avoir de modification des fronti\u00e8res par la force\u00a0\u00bb, a affirm\u00e9 ce lundi Pascal Confavreux, porte-parole du minist\u00e8re de l\u2019Europe et des Affaires \u00e9trang\u00e8res, apr\u00e8s les nouvelles d\u00e9clarations du pr\u00e9sident am\u00e9ricain.<\/p>\n<p class=\"\">Apr\u00e8s le <a href=\"https:\/\/www.leparisien.fr\/economie\/apres-loperation-menee-par-les-etats-unis-au-venezuela-les-cours-du-petrole-commencent-a-baisser-05-01-2026-JYKZ723ZHBBWFOBP5UIWGQQNCE.php\" target=\"_self\" rel=\"noopener\">Venezuela<\/a>, le Groenland ? Dimanche 4 janvier \u00e0 bord de son avion pr\u00e9sidentiel, <a href=\"https:\/\/www.leparisien.fr\/international\/etats-unis\/donald-trump\/\" target=\"_self\" rel=\"noopener\">Donald Trump<\/a> a r\u00e9affirm\u00e9 son souhait de voir passer l\u2019immense \u00eele au nord de l\u2019Atlantique sous contr\u00f4le int\u00e9gral des \u00c9tats-Unis. \u00ab Nous avons besoin du Groenland du point de vue de la s\u00e9curit\u00e9 nationale (\u2026) <a href=\"https:\/\/www.leparisien.fr\/international\/etats-unis\/on-sinteressera-au-groenland-dans-deux-mois-trump-reitere-son-desir-dannexion-le-danemark-en-colere-05-01-2026-LIGVQ46N3FFFPF2NK45ODOT4MQ.php\" target=\"_self\" rel=\"noopener\">Nous nous en occuperons dans environ deux mois<\/a> \u00bb, a-t-il lanc\u00e9, deux jours apr\u00e8s avoir <a href=\"https:\/\/www.leparisien.fr\/international\/capture-de-nicolas-maduro-le-president-venezuelien-est-arrive-aux-etats-unis-avec-son-epouse-en-vue-de-son-jugement-03-01-2026-X6MJPBTEVND4HLZ4Y56F4CCYUM.php\" target=\"_self\" rel=\"noopener\">captur\u00e9 le pr\u00e9sident du Venezuela Nicol\u00e1s Maduro<\/a> et promis de \u00ab diriger \u00bb le pays d\u2019Am\u00e9rique latine.<\/p>\n<p class=\"\">Quelques heures apr\u00e8s les d\u00e9clarations du locataire de la Maison Blanche, la France exprime sa \u00ab solidarit\u00e9 \u00bb avec le Danemark, indique ce lundi au micro <a href=\"https:\/\/x.com\/TF1Info\/status\/2008072758702338198\" target=\"_self\" rel=\"\">de TF1<\/a> Pascal Confavreux, porte-parole du minist\u00e8re de l\u2019Europe et des Affaires \u00e9trang\u00e8res, qui rappelle qu\u2019Emmanuel Macron <a href=\"https:\/\/www.leparisien.fr\/politique\/eviter-toute-escalade-du-groenland-au-g7-emmanuel-macron-sur-tous-les-fronts-15-06-2025-ICYROCU2DVCNLA3X3Z2FNO6JGM.php\" target=\"_self\" rel=\"noopener\">s\u2019est rendu lui-m\u00eame il y a quelques mois au Groenland.<\/a><\/p>\n<p class=\"\">\u00ab Le Groenland appartient aux Groenlandais et aux Danois. C\u2019est \u00e0 eux de d\u00e9cider ce qu\u2019ils souhaitent en faire. Il ne peut pas y avoir de modification des fronti\u00e8res par la force \u00bb, plaide le porte-parole du Quai d\u2019Orsay.<\/p>\n<p class=\"\">\u00ab Ce que dit la Premi\u00e8re ministre danoise, c\u2019est que les \u00c9tats-Unis doivent cesser de faire peser une menace d\u2019emploi de la force pour r\u00e9cup\u00e9rer \u00bb le Groenland, poursuit Pascal Confavreux. Le porte-parole du Quai d\u2019Orsay souligne en outre que les \u00c9tats-Unis \u00ab ont d\u00e9j\u00e0 acc\u00e8s assez large au Groenland \u00bb <a href=\"https:\/\/www.leparisien.fr\/international\/etats-unis\/en-conflit-sur-la-question-du-groenland-les-etats-unis-et-le-danemark-continuent-de-faire-des-affaires-30-12-2025-NTP2TFFF2BAIDASUK3RJ6KTGVA.php\" target=\"_self\" rel=\"noopener\">en raison d\u2019un accord bilat\u00e9ral entre Washington et Copenhague<\/a>.<\/p>\n<p><img decoding=\"async\" class=\"image \" loading=\"lazy\" src=\"https:\/\/www.europesays.com\/fr\/wp-content\/uploads\/2026\/01\/NPYJJ444DBCQLECBH3BXKR23ME.jpg\" alt=\"\" align=\"\" data-rubrique-principale=\"\" data-article-type=\"\" fetchpriority=\"auto\"\/>\u00ab Un av\u00e8nement du monde de la loi du plus fort \u00bb<\/p>\n<p class=\"\">Interrog\u00e9 sur l\u2019intervention am\u00e9ricaine au Venezuela et la capture du pr\u00e9sident Nicol\u00e1s Maduro &#8211; <a href=\"https:\/\/www.leparisien.fr\/international\/etats-unis\/operation-americaine-au-venezuela-nicolas-maduro-comparaitra-des-ce-lundi-devant-un-juge-de-new-york-04-01-2026-JWCLYDMD25HM7CVPKLLQKH65LE.php\" target=\"_blank\" rel=\"noopener\">qui sera pr\u00e9sent\u00e9 \u00e0 un juge de New York ce lundi<\/a> &#8211; Pascal Confavreux indique que la France \u00ab ne regrette pas \u00bb le chef d\u2019\u00c9tat V\u00e9n\u00e9zu\u00e9lien, qui \u00ab avait perdu sa l\u00e9gitimit\u00e9 populaire (\u2026) et avait pris une bonne partie des libert\u00e9s fondamentales des V\u00e9n\u00e9zu\u00e9liens \u00bb.<\/p>\n<p class=\"\">Pour autant, Paris \u00ab regrette \u00bb que \u00ab le droit international n\u2019ait pas \u00e9t\u00e9 respect\u00e9 \u00bb par les Am\u00e9ricains. \u00ab On le dit de mani\u00e8re tr\u00e8s claire, parce que si des membres \u00e9minents du Conseil de s\u00e9curit\u00e9 des Nations unies ne le font pas, \u00e7a aura des cons\u00e9quences graves pour l\u2019avenir. On se pr\u00e9pare \u00e0 cet av\u00e8nement <a href=\"https:\/\/www.leparisien.fr\/politique\/investiture-de-trump-cest-le-retour-de-la-loi-du-plus-fort-declare-le-ministre-francais-des-affaires-etrangeres-20-01-2025-FZX7VLB64FBF5N6BU26K3IBX3Y.php\" target=\"_self\" rel=\"noopener\">du monde de la loi du plus fort<\/a>, mais on ne s\u2019y r\u00e9sout pas \u00bb, poursuit Pascal Confavreux.<\/p>\n<p class=\"\">\u00ab On doit se pr\u00e9parer par diff\u00e9rents \u00e9l\u00e9ments : le r\u00e9armement militaire, le r\u00e9armement industriel et \u00e9conomique\u2026 Une diplomatie ne peut pas \u00eatre forte si elle n\u2019a pas un poumon \u00e9conomique fort \u00bb, plaide le porte-parole du Quai d\u2019Orsay, qui assure : \u00ab Les Europ\u00e9ens Unis peuvent \u00eatre une force g\u00e9ostrat\u00e9gique et peuvent \u00eatre forts \u00bb.<\/p>\n","protected":false},"excerpt":{"rendered":"\u00ab\u00a0Il ne peut pas y avoir de modification des fronti\u00e8res par la force\u00a0\u00bb, a affirm\u00e9 ce lundi Pascal&hellip;\n","protected":false},"author":2,"featured_media":642441,"comment_status":"","ping_status":"","sticky":false,"template":"","format":"standard","meta":{"footnotes":""},"categories":[5],"tags":[11,1011,27,14,12,28],"class_list":{"0":"post-642440","1":"post","2":"type-post","3":"status-publish","4":"format-standard","5":"has-post-thumbnail","7":"category-international","8":"tag-actualites","9":"tag-fr","10":"tag-france","11":"tag-international","12":"tag-news","13":"tag-world"},"share_on_mastodon":{"url":"https:\/\/pubeurope.com\/@fr\/115842479906523812","error":""},"_links":{"self":[{"href":"https:\/\/www.europesays.com\/fr\/wp-json\/wp\/v2\/posts\/642440","targetHints":{"allow":["GET"]}}],"collection":[{"href":"https:\/\/www.europesays.com\/fr\/wp-json\/wp\/v2\/posts"}],"about":[{"href":"https:\/\/www.europesays.com\/fr\/wp-json\/wp\/v2\/types\/post"}],"author":[{"embeddable":true,"href":"https:\/\/www.europesays.com\/fr\/wp-json\/wp\/v2\/users\/2"}],"replies":[{"embeddable":true,"href":"https:\/\/www.europesays.com\/fr\/wp-json\/wp\/v2\/comments?post=642440"}],"version-history":[{"count":0,"href":"https:\/\/www.europesays.com\/fr\/wp-json\/wp\/v2\/posts\/642440\/revisions"}],"wp:featuredmedia":[{"embeddable":true,"href":"https:\/\/www.europesays.com\/fr\/wp-json\/wp\/v2\/media\/642441"}],"wp:attachment":[{"href":"https:\/\/www.europesays.com\/fr\/wp-json\/wp\/v2\/media?parent=642440"}],"wp:term":[{"taxonomy":"category","embeddable":true,"href":"https:\/\/www.europesays.com\/fr\/wp-json\/wp\/v2\/categories?post=642440"},{"taxonomy":"post_tag","embeddable":true,"href":"https:\/\/www.europesays.com\/fr\/wp-json\/wp\/v2\/tags?post=642440"}],"curies":[{"name":"wp","href":"https:\/\/api.w.org\/{rel}","templated":true}]}}