{"id":642448,"date":"2026-01-05T12:28:18","date_gmt":"2026-01-05T12:28:18","guid":{"rendered":"https:\/\/www.europesays.com\/fr\/642448\/"},"modified":"2026-01-05T12:28:18","modified_gmt":"2026-01-05T12:28:18","slug":"un-parent-deleve-condamne-pour-des-menaces-au-college","status":"publish","type":"post","link":"https:\/\/www.europesays.com\/fr\/642448\/","title":{"rendered":"un parent d\u2019\u00e9l\u00e8ve condamn\u00e9 pour des menaces au coll\u00e8ge"},"content":{"rendered":"<p>Ce 15\u00a0d\u00e9cembre 2025, \u00e0 17\u00a0h\u00a010, \u00e0 la sortie du coll\u00e8ge du Puits-de-la-Loire \u00e0 Saint-Etienne, les t\u00e9moins ont assist\u00e9 \u00e0 une sc\u00e8ne surr\u00e9aliste. Un p\u00e8re de famille a bondi de sa voiture et s\u2019en est pris d\u2019embl\u00e9e au surveillant qui s\u2019interpose.<\/p>\n<p>\u00ab\u00a0Je vais te tuer, je vais te tuer\u00a0!\u00a0\u00bb Hyst\u00e9rique, comme poss\u00e9d\u00e9, il se trouve dans un \u00e9tat second. \u00ab\u00a0Je vais faire un massacre ici\u00a0\u00bb, \u00e9ructe-t-il encore.<\/p>\n<p>La raison de cet&#8230;<\/p>\n","protected":false},"excerpt":{"rendered":"Ce 15\u00a0d\u00e9cembre 2025, \u00e0 17\u00a0h\u00a010, \u00e0 la sortie du coll\u00e8ge du Puits-de-la-Loire \u00e0 Saint-Etienne, les t\u00e9moins ont assist\u00e9&hellip;\n","protected":false},"author":2,"featured_media":642449,"comment_status":"","ping_status":"","sticky":false,"template":"","format":"standard","meta":{"footnotes":""},"categories":[9653],"tags":[1111,11,2430,271,272,7539,1777,674,274,107,1011,27,3367,12,25,4001,7538],"class_list":{"0":"post-642448","1":"post","2":"type-post","3":"status-publish","4":"format-standard","5":"has-post-thumbnail","7":"category-saint-etienne","8":"tag-actu","9":"tag-actualites","10":"tag-auvergne-rhone-alpes","11":"tag-crime","12":"tag-delit-et-contravention","13":"tag-edition-loire-sud","14":"tag-eu","15":"tag-europe","16":"tag-faits-divers-justice","17":"tag-fil-info","18":"tag-fr","19":"tag-france","20":"tag-loire","21":"tag-news","22":"tag-republique-francaise","23":"tag-saint-etienne","24":"tag-saint-etienne-ville"},"share_on_mastodon":{"url":"https:\/\/pubeurope.com\/@fr\/115842495642109449","error":""},"_links":{"self":[{"href":"https:\/\/www.europesays.com\/fr\/wp-json\/wp\/v2\/posts\/642448","targetHints":{"allow":["GET"]}}],"collection":[{"href":"https:\/\/www.europesays.com\/fr\/wp-json\/wp\/v2\/posts"}],"about":[{"href":"https:\/\/www.europesays.com\/fr\/wp-json\/wp\/v2\/types\/post"}],"author":[{"embeddable":true,"href":"https:\/\/www.europesays.com\/fr\/wp-json\/wp\/v2\/users\/2"}],"replies":[{"embeddable":true,"href":"https:\/\/www.europesays.com\/fr\/wp-json\/wp\/v2\/comments?post=642448"}],"version-history":[{"count":0,"href":"https:\/\/www.europesays.com\/fr\/wp-json\/wp\/v2\/posts\/642448\/revisions"}],"wp:featuredmedia":[{"embeddable":true,"href":"https:\/\/www.europesays.com\/fr\/wp-json\/wp\/v2\/media\/642449"}],"wp:attachment":[{"href":"https:\/\/www.europesays.com\/fr\/wp-json\/wp\/v2\/media?parent=642448"}],"wp:term":[{"taxonomy":"category","embeddable":true,"href":"https:\/\/www.europesays.com\/fr\/wp-json\/wp\/v2\/categories?post=642448"},{"taxonomy":"post_tag","embeddable":true,"href":"https:\/\/www.europesays.com\/fr\/wp-json\/wp\/v2\/tags?post=642448"}],"curies":[{"name":"wp","href":"https:\/\/api.w.org\/{rel}","templated":true}]}}