{"id":642450,"date":"2026-01-05T12:29:12","date_gmt":"2026-01-05T12:29:12","guid":{"rendered":"https:\/\/www.europesays.com\/fr\/642450\/"},"modified":"2026-01-05T12:29:12","modified_gmt":"2026-01-05T12:29:12","slug":"un-ancien-conducteur-de-trains-cree-un-site-pour-rendre-hommage-aux-anciens-cheminots","status":"publish","type":"post","link":"https:\/\/www.europesays.com\/fr\/642450\/","title":{"rendered":"un ancien conducteur de trains cr\u00e9e un site pour rendre hommage aux anciens cheminots"},"content":{"rendered":"<p>Sur les \u00e9tag\u00e8res, quelques trains miniatures. Des livres et des revues sur les trains, aussi. Idem sur le bureau o\u00f9 tr\u00f4ne l\u2019ordinateur. Et aux murs, quelques affiches et photos\u2026 de trains. Bienvenue dans l\u2019antre de Michel Schmitt, qui a fait de cette pi\u00e8ce exigu\u00eb \u00e0 l\u2019arri\u00e8re de son pavillon heillecourtois, son lieu de travail.<\/p>\n<p>\u00ab\u00a0L\u2019id\u00e9e, c\u2019est de retrouver et de r\u00e9unir sur ce site tous ceux qui ont travaill\u00e9 au d\u00e9p\u00f4t nanc\u00e9ien, bas\u00e9 pr\u00e8s <a href=\"https:\/\/www.estrepublicain.fr\/societe\/2020\/09\/22\/savez-vous-pourquoi-le-viaduc-j-f-kennedy-s-appelle-ainsi\" target=\"_blank\" rel=\"noopener\">du viaduc Kennedy<\/a> \u00a0\u00bb, r\u00e9sume ce fils et petits-fils de cheminots. \u00ab\u00a0Tous les m\u00e9tiers sont repr\u00e9sent\u00e9s\u00a0: les conducteurs et les gens qui \u00e9taient au service Voies et B\u00e2timents.\u00a0\u00bb<\/p>\n<p>Et pour compiler photos et renseignements sur le parcours professionnel de ces travailleurs du rail aujourd\u2019hui d\u00e9c\u00e9d\u00e9s, Michel Schmitt s\u2019inspire de sa \u201cBible\u201d\u00a0: \u00ab\u00a0La revue La Vie du Rail. Je suis abonn\u00e9. Ce magazine publie quelques n\u00e9crologies d\u2019anciens de la SNCF, c\u2019est dans cette rubrique que je cherche les personnes de la r\u00e9gion.\u00a0\u00bb<\/p>\n<p>L\u2019id\u00e9e n\u2019\u00e9tant pas de piller la revue (\u00ab\u00a0si \u00e7a d\u00e9range La Vie du Rail , je fermerai mon site, tant pis\u00a0\u00bb) mais bien de figer dans le temps et faire perdurer la m\u00e9moire des cheminots, dont certains ont connu \u00ab\u00a0la fin des <a href=\"https:\/\/www.estrepublicain.fr\/culture-loisirs\/2025\/07\/04\/la-vieille-locomotive-la-boyotte-demenage-sur-le-carreau-de-mine-du-val-de-fer\" target=\"_blank\" rel=\"noopener\"> locomotives \u00e0 vapeur<\/a> \u00a0\u00bb.<\/p>\n<p>  Avec l\u2019aide de l\u2019IA<\/p>\n<p>Un travail de recherche qui, forc\u00e9ment, lui fait remonter le temps. Mais sans nostalgie exacerb\u00e9e. \u00ab\u00a0Moi, je suis d\u2019un autre monde, celui du train d\u2019avant\u00a0; j\u2019ai connu les autorails et les Micheline, mais j\u2019ai quand m\u00eame pr\u00e9f\u00e9r\u00e9 les derni\u00e8res ann\u00e9es de ma carri\u00e8re, celles o\u00f9 les trains allaient plus vite\u00a0! Et puis aujourd\u2019hui, on a quand m\u00eame de beaux TER\u00a0\u00bb, estime l\u2019homme, au parfum des nouvelles technologies pour \u00e9laborer son site internet. \u00ab\u00a0J\u2019ai utilis\u00e9 l\u2019intelligence artificielle\u00a0! Il y a des lignes de code \u00e0 faire, et sans \u00e7a je n\u2019y serais jamais arriv\u00e9\u2026\u00a0\u00bb Et tout n\u2019est pas termin\u00e9. \u00ab\u00a0J\u2019ai encore des dizaines de Vie du Rail \u00e0 lire\u2026\u00a0\u00bb<\/p>\n<p>Des revues qu\u2019il l\u00e2che tout de m\u00eame de temps en temps, notamment pour voyager avec son \u00e9pouse. Par le rail, \u00e9videmment. \u00ab\u00a0Ma vie, sourit Michel Schmitt, c\u2019est un peu les trains.\u00a0\u00bb<\/p>\n<p class=\"note\">(1) M\u00e9moire cheminote, \u00e0 consulter \u00e0 l\u2019adresse suivante\u00a0: <a href=\"https:\/\/sites.google.com\/view\/memoire-cheminote-ge\/accueil\" target=\"_blank\" rel=\"noopener\">https:\/\/sites.google.com\/view\/memoire-cheminote-ge\/accueil<\/a><\/p>\n","protected":false},"excerpt":{"rendered":"Sur les \u00e9tag\u00e8res, quelques trains miniatures. Des livres et des revues sur les trains, aussi. Idem sur le&hellip;\n","protected":false},"author":2,"featured_media":642451,"comment_status":"","ping_status":"","sticky":false,"template":"","format":"standard","meta":{"footnotes":""},"categories":[9635],"tags":[1111,11,1704,1777,674,1011,27,775,1702,1703,12,25,2803],"class_list":{"0":"post-642450","1":"post","2":"type-post","3":"status-publish","4":"format-standard","5":"has-post-thumbnail","7":"category-nancy","8":"tag-actu","9":"tag-actualites","10":"tag-edition-nancy-et-agglomeration","11":"tag-eu","12":"tag-europe","13":"tag-fr","14":"tag-france","15":"tag-grand-est","16":"tag-nancy","17":"tag-nancy-ville-54b","18":"tag-news","19":"tag-republique-francaise","20":"tag-transport"},"share_on_mastodon":{"url":"https:\/\/pubeurope.com\/@fr\/115842499643916874","error":""},"_links":{"self":[{"href":"https:\/\/www.europesays.com\/fr\/wp-json\/wp\/v2\/posts\/642450","targetHints":{"allow":["GET"]}}],"collection":[{"href":"https:\/\/www.europesays.com\/fr\/wp-json\/wp\/v2\/posts"}],"about":[{"href":"https:\/\/www.europesays.com\/fr\/wp-json\/wp\/v2\/types\/post"}],"author":[{"embeddable":true,"href":"https:\/\/www.europesays.com\/fr\/wp-json\/wp\/v2\/users\/2"}],"replies":[{"embeddable":true,"href":"https:\/\/www.europesays.com\/fr\/wp-json\/wp\/v2\/comments?post=642450"}],"version-history":[{"count":0,"href":"https:\/\/www.europesays.com\/fr\/wp-json\/wp\/v2\/posts\/642450\/revisions"}],"wp:featuredmedia":[{"embeddable":true,"href":"https:\/\/www.europesays.com\/fr\/wp-json\/wp\/v2\/media\/642451"}],"wp:attachment":[{"href":"https:\/\/www.europesays.com\/fr\/wp-json\/wp\/v2\/media?parent=642450"}],"wp:term":[{"taxonomy":"category","embeddable":true,"href":"https:\/\/www.europesays.com\/fr\/wp-json\/wp\/v2\/categories?post=642450"},{"taxonomy":"post_tag","embeddable":true,"href":"https:\/\/www.europesays.com\/fr\/wp-json\/wp\/v2\/tags?post=642450"}],"curies":[{"name":"wp","href":"https:\/\/api.w.org\/{rel}","templated":true}]}}