{"id":642454,"date":"2026-01-05T12:32:10","date_gmt":"2026-01-05T12:32:10","guid":{"rendered":"https:\/\/www.europesays.com\/fr\/642454\/"},"modified":"2026-01-05T12:32:10","modified_gmt":"2026-01-05T12:32:10","slug":"top-14-66-0-une-defaite-tristement-record-pour-toulon","status":"publish","type":"post","link":"https:\/\/www.europesays.com\/fr\/642454\/","title":{"rendered":"Top 14 &#8211; 66-0, une d\u00e9faite tristement record pour Toulon"},"content":{"rendered":"<p>\n                En s&rsquo;inclinant de soixante-six points \u00e0 Marcel-Deflandre, ce dimanche soir, le RCT a \u00e9tabli plusieurs records. Dont celui de la plus large d\u00e9faite subie par le club varois dans l&rsquo;histoire du Top 14.\n            <\/p>\n<p>La correction subie par Toulon, dimanche soir, \u00e0 Marcel-Deflandre, a directement pris place dans les annales. En s\u2019inclinant par soixante-six points d\u2019\u00e9cart, les Varois ont subi la plus large d\u00e9faite de la saison, effa\u00e7ant des tablettes le 84-31 encaiss\u00e9 par Montauban \u00e0 Clermont, le 4 octobre dernier.<\/p>\n<p>Pis : il faut remonter au 5 juin 2022 pour trouver trace, en Top 14, d\u2019une d\u00e9faite plus s\u00e9v\u00e8re : \u00e0 l\u2019occasion de la derni\u00e8re journ\u00e9e d\u2019une saison gal\u00e8re pour les Basques, le BO s\u2019\u00e9tait vu infliger un terrible 80 \u00e0 7 au Stade toulousain. La racl\u00e9e la plus retentissante, tous clubs confondus, reste celle connue par Dax \u00e0 Clermont, en 2007-2008 (95-7), avec quatorze essais \u00e0 la cl\u00e9.<\/p>\n<p>Un record effac\u00e9 pour un point<\/p>\n<p>La rencontre du 4 janvier 2026 constitue surtout une nouvelle d\u00e9faite record pour le RCT dans son histoire moderne. Jusque-l\u00e0, la palme de la pire performance remontait \u00e0 la 22e journ\u00e9e de la saison 2005-2006 qui s\u2019\u00e9tait conclue par la descente de Toulon. Les Rouge et Noir s\u2019\u00e9taient inclin\u00e9s 65 \u00e0 0 face \u00e0 Montpellier.<\/p>\n","protected":false},"excerpt":{"rendered":"En s&rsquo;inclinant de soixante-six points \u00e0 Marcel-Deflandre, ce dimanche soir, le RCT a \u00e9tabli plusieurs records. Dont celui&hellip;\n","protected":false},"author":2,"featured_media":642455,"comment_status":"","ping_status":"","sticky":false,"template":"","format":"standard","meta":{"footnotes":""},"categories":[9619],"tags":[1111,11,1777,674,1011,27,12,882,25,68796,478,2310],"class_list":{"0":"post-642454","1":"post","2":"type-post","3":"status-publish","4":"format-standard","5":"has-post-thumbnail","7":"category-toulon","8":"tag-actu","9":"tag-actualites","10":"tag-eu","11":"tag-europe","12":"tag-fr","13":"tag-france","14":"tag-news","15":"tag-provence-alpes-cote-dazur","16":"tag-republique-francaise","17":"tag-rugby-u00e0-xv","18":"tag-top-14","19":"tag-toulon"},"share_on_mastodon":{"url":"https:\/\/pubeurope.com\/@fr\/115842511197604018","error":""},"_links":{"self":[{"href":"https:\/\/www.europesays.com\/fr\/wp-json\/wp\/v2\/posts\/642454","targetHints":{"allow":["GET"]}}],"collection":[{"href":"https:\/\/www.europesays.com\/fr\/wp-json\/wp\/v2\/posts"}],"about":[{"href":"https:\/\/www.europesays.com\/fr\/wp-json\/wp\/v2\/types\/post"}],"author":[{"embeddable":true,"href":"https:\/\/www.europesays.com\/fr\/wp-json\/wp\/v2\/users\/2"}],"replies":[{"embeddable":true,"href":"https:\/\/www.europesays.com\/fr\/wp-json\/wp\/v2\/comments?post=642454"}],"version-history":[{"count":0,"href":"https:\/\/www.europesays.com\/fr\/wp-json\/wp\/v2\/posts\/642454\/revisions"}],"wp:featuredmedia":[{"embeddable":true,"href":"https:\/\/www.europesays.com\/fr\/wp-json\/wp\/v2\/media\/642455"}],"wp:attachment":[{"href":"https:\/\/www.europesays.com\/fr\/wp-json\/wp\/v2\/media?parent=642454"}],"wp:term":[{"taxonomy":"category","embeddable":true,"href":"https:\/\/www.europesays.com\/fr\/wp-json\/wp\/v2\/categories?post=642454"},{"taxonomy":"post_tag","embeddable":true,"href":"https:\/\/www.europesays.com\/fr\/wp-json\/wp\/v2\/tags?post=642454"}],"curies":[{"name":"wp","href":"https:\/\/api.w.org\/{rel}","templated":true}]}}