{"id":642462,"date":"2026-01-05T12:36:11","date_gmt":"2026-01-05T12:36:11","guid":{"rendered":"https:\/\/www.europesays.com\/fr\/642462\/"},"modified":"2026-01-05T12:36:11","modified_gmt":"2026-01-05T12:36:11","slug":"neige-a-rouen-de-nombreuses-lignes-de-bus-ne-circulent-plus-on-fait-le-point","status":"publish","type":"post","link":"https:\/\/www.europesays.com\/fr\/642462\/","title":{"rendered":"Neige \u00e0 Rouen. De nombreuses lignes de bus ne circulent plus : on fait le point"},"content":{"rendered":"<p>                    Par<br \/>\n        <strong><br \/>\n            <a href=\"https:\/\/actu.fr\/auteur\/julien-bouteiller\" title=\"Consulter tous les articles de Julien Bouteiller\" target=\"_blank\" rel=\"noopener\">Julien Bouteiller<\/a><br \/>\n                    <\/strong><\/p>\n<p>        Publi\u00e9 le<\/p>\n<p>            5 janv. 2026 \u00e0 11h27<br \/>\n        ; mis \u00e0 jour le 5 janv. 2026 \u00e0 11h39    <\/p>\n<p>Un <a href=\"https:\/\/actu.fr\/meteo\/neige-et-verglas-en-seine-maritime-jusqu-a-10-centimetres-par-endroits_63649243.html\" target=\"_blank\" rel=\"noopener\">beau manteau blanc de neige<\/a> s\u2019est d\u00e9pos\u00e9 sur <strong>Rouen<\/strong>, amenant aussi <strong>son lot de gal\u00e8res<\/strong>. Ainsi, <a href=\"https:\/\/actu.fr\/tag\/reseau-astuce-tcar\" target=\"_blank\" rel=\"noopener\">le r\u00e9seau de transports en commun Astuce<\/a> est fortement perturb\u00e9. <strong>On fait le point sur les bus qui circulent ou pas.<\/strong><\/p>\n<p>Rouen : les bus qui circulent (ou pas)<\/p>\n<p class=\" wall-content\">Ainsi, le r\u00e9seau Astuce annonce sur son site, \u00e0 11h00, un trafic tr\u00e8s perturb\u00e9.\u00a0<\/p>\n<p class=\" wall-content\"><strong>Les lignes qui ne circulent pas \u00e0 Rouen :\u00a0<\/strong><\/p>\n<ul class=\" wall-content\">\n<li>T5<\/li>\n<li>F1<\/li>\n<li>F2<\/li>\n<li>F3<\/li>\n<li>F5<\/li>\n<li>F6<\/li>\n<li>F7<\/li>\n<li>10<\/li>\n<li>11<\/li>\n<li>13<\/li>\n<li>14<\/li>\n<\/ul>\n<ul class=\" wall-content\">\n<li>20<\/li>\n<li>22<\/li>\n<li>27<\/li>\n<li>28<\/li>\n<li>35<\/li>\n<li>36<\/li>\n<li>37<\/li>\n<li>38<\/li>\n<li>41<\/li>\n<li>43<\/li>\n<li>44<\/li>\n<li>Filo\u2019r<\/li>\n<li>et toutes les lignes scolaires<\/li>\n<\/ul>\n<p class=\" wall-content\"><strong>Les lignes qui circulent avec des perturbations :<\/strong><\/p>\n<ul class=\" wall-content\">\n<li>La ligne T1 fait terminus \u00e0 l\u2019arr\u00eat Mont-Riboudet.\u00a0\u00a0 Les arr\u00eats de Mont aux Malades \u00e0 Fond du Val ne sont pas desservis.<\/li>\n<li>La ligne T2 fait terminus \u00e0 l\u2019arr\u00eat Mont-Riboudet.\u00a0\u00a0 Les arr\u00eats de Mairie V.Schoelcher \u00e0 Bapeaume et de Tamarelle \u00e0 2 Rivi\u00e8res ne sont pas desservis.<\/li>\n<li>La ligne T3 fait terminus \u00e0 l\u2019arr\u00eat Mont-Riboudet.\u00a0\u00a0 Les arr\u00eats de M.I.N \u00e0 Monet ne sont pas desservis.<\/li>\n<li>La ligne F4 fait son terminus \u00e0 l\u2019arr\u00eat Mairie du Houlme.\u00a0\u00a0 Les arr\u00eats de Hameau de Fr\u00e9vaux \u00e0 Lesueur ne sont pas desservis.<\/li>\n<li>La ligne F8 \u00a0Les arr\u00eats de Hameau de Mont Mirel \u00e0 Deux Bois ne sont pas desservis.<\/li>\n<li>La ligne 15 fait son terminus \u00e0 l\u2019arr\u00eat Lemaire.\u00a0\u00a0Les arr\u00eats Petit Val et \u00e0 Grand Val ne sont pas desservis.<\/li>\n<li>La ligne 33 \u00a0Les arr\u00eats de Chemin de Halage, M\u00e9tro et Jonquay II ne sont pas desservis.<\/li>\n<\/ul>\n<p>Vid\u00e9os : en ce moment sur Actu<\/p>\n<p class=\" wall-content\">Selon le r\u00e9seau Astuce, les autres lignes circulent normalement. Toutefois, d\u2019autres perturbations sont \u00e0 envisager durant la journ\u00e9e.<\/p>\n<p>Un plan neige pour Transdev<\/p>\n<p class=\" wall-content\">Pour les conducteurs et r\u00e9gulateurs de Transdev Rouen, <strong>la neige est un al\u00e9a difficile \u00e0 g\u00e9rer,<\/strong> comme on nous le confiait <a href=\"https:\/\/actu.fr\/normandie\/rouen_76540\/rouen-votre-bus-ou-metro-est-en-retard-il-y-a-surement-une-bonne-raison-et-voici-comment-ca-se-gere_62180391.html\" target=\"_blank\" rel=\"noopener\">lors d\u2019un reportage en janvier 2025<\/a>. \u00ab\u2009On a un plan neige en interne. <strong>Sur Teor, on fait toujours circuler le tronc commun<\/strong> [sauf \u00e9pisode tr\u00e8s exceptionnel]. Sur le tramway aussi. Si besoin, on a une rame \u00e9quip\u00e9e de chasse-neige\u2009\u00bb, nous expliquait Sylvain Diran, directeur d\u2019exploitation. Transdev a \u00e9galement sa propre saleuse et compte bien s\u00fbr beaucoup les retours des conducteurs.<\/p>\n<p>Votre r\u00e9gion, votre actu !<\/p>\n<p>Recevez chaque jour les infos qui comptent pour vous.<\/p>\n<p>\t<a href=\"https:\/\/actu.fr\/newsletter\" class=\"ac-btn ac-btn--corner ac-btn--medium ac-btn--blue800\" target=\"_blank\" rel=\"noopener\">S&rsquo;incrire<\/a><br \/>\nSuivez l\u2019actualit\u00e9 de Rouen <a href=\"https:\/\/www.whatsapp.com\/channel\/0029VaKfnf99hXF2ddApFB1D\" target=\"_blank\" rel=\"noopener\">sur notre cha\u00eene WhatsApp<\/a> et <a href=\"https:\/\/www.tiktok.com\/@76actu.fr?lang=fr\" target=\"_blank\" rel=\"noopener\">sur notre compte TikTok<\/a><\/p>\n<p class=\" wall-content\">Personnalisez votre actualit\u00e9 en ajoutant vos villes et m\u00e9dias en favori avec <a href=\"https:\/\/moncompte.actu.fr\" title=\"D\u00e9couvez Mon Actu\" rel=\"nofollow noopener\" data-trk=\"{&quot;cta&quot;:{&quot;action&quot;:&quot;https:\\\/\\\/moncompte.actu.fr&quot;,&quot;category&quot;:&quot;mon compte&quot;,&quot;from&quot;:&quot;article footer&quot;,&quot;name&quot;:&quot;Mon actu&quot;,&quot;type&quot;:&quot;cta&quot;}}\" target=\"_blank\">Mon Actu<\/a>.<\/p>\n<p>                    <script async src=\"\/\/www.tiktok.com\/embed.js\"><\/script><\/p>\n","protected":false},"excerpt":{"rendered":"Par Julien Bouteiller Publi\u00e9 le 5 janv. 2026 \u00e0 11h27 ; mis \u00e0 jour le 5 janv. 2026&hellip;\n","protected":false},"author":2,"featured_media":642463,"comment_status":"","ping_status":"","sticky":false,"template":"","format":"standard","meta":{"footnotes":""},"categories":[9587],"tags":[1111,11,1777,674,1011,27,2487,10584,12,5161,25,9726,9590,2803],"class_list":{"0":"post-642462","1":"post","2":"type-post","3":"status-publish","4":"format-standard","5":"has-post-thumbnail","7":"category-rouen","8":"tag-actu","9":"tag-actualites","10":"tag-eu","11":"tag-europe","12":"tag-fr","13":"tag-france","14":"tag-meteo","15":"tag-neige","16":"tag-news","17":"tag-normandie","18":"tag-republique-francaise","19":"tag-reseau-astuce-tcar","20":"tag-rouen","21":"tag-transport"},"share_on_mastodon":{"url":"https:\/\/pubeurope.com\/@fr\/115842527113669757","error":""},"_links":{"self":[{"href":"https:\/\/www.europesays.com\/fr\/wp-json\/wp\/v2\/posts\/642462","targetHints":{"allow":["GET"]}}],"collection":[{"href":"https:\/\/www.europesays.com\/fr\/wp-json\/wp\/v2\/posts"}],"about":[{"href":"https:\/\/www.europesays.com\/fr\/wp-json\/wp\/v2\/types\/post"}],"author":[{"embeddable":true,"href":"https:\/\/www.europesays.com\/fr\/wp-json\/wp\/v2\/users\/2"}],"replies":[{"embeddable":true,"href":"https:\/\/www.europesays.com\/fr\/wp-json\/wp\/v2\/comments?post=642462"}],"version-history":[{"count":0,"href":"https:\/\/www.europesays.com\/fr\/wp-json\/wp\/v2\/posts\/642462\/revisions"}],"wp:featuredmedia":[{"embeddable":true,"href":"https:\/\/www.europesays.com\/fr\/wp-json\/wp\/v2\/media\/642463"}],"wp:attachment":[{"href":"https:\/\/www.europesays.com\/fr\/wp-json\/wp\/v2\/media?parent=642462"}],"wp:term":[{"taxonomy":"category","embeddable":true,"href":"https:\/\/www.europesays.com\/fr\/wp-json\/wp\/v2\/categories?post=642462"},{"taxonomy":"post_tag","embeddable":true,"href":"https:\/\/www.europesays.com\/fr\/wp-json\/wp\/v2\/tags?post=642462"}],"curies":[{"name":"wp","href":"https:\/\/api.w.org\/{rel}","templated":true}]}}