{"id":642466,"date":"2026-01-05T12:38:11","date_gmt":"2026-01-05T12:38:11","guid":{"rendered":"https:\/\/www.europesays.com\/fr\/642466\/"},"modified":"2026-01-05T12:38:11","modified_gmt":"2026-01-05T12:38:11","slug":"un-immeuble-endommage-dans-la-nuit-par-un-engin-explosif","status":"publish","type":"post","link":"https:\/\/www.europesays.com\/fr\/642466\/","title":{"rendered":"Un immeuble endommag\u00e9 dans la nuit par un engin explosif"},"content":{"rendered":"<p>Dans la nuit de dimanche \u00e0 lundi, vers 2h10 du matin, le rez-de-chauss\u00e9e d\u2019un immeuble du <a href=\"https:\/\/www.20minutes.fr\/faits_divers\/4148946-20250416-grenoble-homme-45-ans-retrouve-grievement-blesse-voiture-apres-fusillade-pleine-journee\" class=\"c-link c-link--is-underlined\" target=\"_blank\" rel=\"noopener\">quartier de la Villeneuve<\/a>, \u00e0 <a href=\"https:\/\/www.20minutes.fr\/grenoble\/\" class=\"c-link c-link--is-underlined\" target=\"_blank\" rel=\"noopener\">Grenoble<\/a>, a \u00e9t\u00e9 endommag\u00e9 par l\u2019<a href=\"https:\/\/www.20minutes.fr\/monde\/explosion\/\" class=\"c-link c-link--is-underlined\" target=\"_blank\" rel=\"noopener\">explosion<\/a> d\u2019un \u00ab\u00a0engin explosif\u00a0\u00bb, a indiqu\u00e9 lundi la police.<\/p>\n<\/p>\n<p>La d\u00e9flagration a souffl\u00e9 deux portes, en a endommag\u00e9 une troisi\u00e8me et noirci des parties communes de l\u2019immeuble. Des \u00ab\u00a0r\u00e9sidus d\u2019un engin explosif\u00a0\u00bb ont \u00e9t\u00e9 d\u00e9couverts, a pr\u00e9cis\u00e9 la m\u00eame source.<\/p>\n<p>Aucun bless\u00e9 n\u2019a \u00e9t\u00e9 signal\u00e9. Une cinquante de r\u00e9sidents sont sortis de leur propre initiative de leurs domiciles, a encore indiqu\u00e9 la police, qui ne fait pas \u00e9tat de revendication \u00e0 ce stade. Une <a href=\"https:\/\/www.20minutes.fr\/dossier\/enquete\" class=\"c-link c-link--is-underlined\" target=\"_blank\" rel=\"noopener\">enqu\u00eate <\/a>a \u00e9t\u00e9 ouverte.<\/p>\n","protected":false},"excerpt":{"rendered":"Dans la nuit de dimanche \u00e0 lundi, vers 2h10 du matin, le rez-de-chauss\u00e9e d\u2019un immeuble du quartier de&hellip;\n","protected":false},"author":2,"featured_media":642467,"comment_status":"","ping_status":"","sticky":false,"template":"","format":"standard","meta":{"footnotes":""},"categories":[9566],"tags":[1111,47,11,2430,1777,674,2688,118,1011,27,2731,108,12,25,2431],"class_list":{"0":"post-642466","1":"post","2":"type-post","3":"status-publish","4":"format-standard","5":"has-post-thumbnail","7":"category-grenoble","8":"tag-actu","9":"tag-actualite","10":"tag-actualites","11":"tag-auvergne-rhone-alpes","12":"tag-eu","13":"tag-europe","14":"tag-explosion","15":"tag-faits-divers","16":"tag-fr","17":"tag-france","18":"tag-grenoble","19":"tag-isere","20":"tag-news","21":"tag-republique-francaise","22":"tag-rhone-alpes"},"share_on_mastodon":{"url":"https:\/\/pubeurope.com\/@fr\/115842534826576092","error":""},"_links":{"self":[{"href":"https:\/\/www.europesays.com\/fr\/wp-json\/wp\/v2\/posts\/642466","targetHints":{"allow":["GET"]}}],"collection":[{"href":"https:\/\/www.europesays.com\/fr\/wp-json\/wp\/v2\/posts"}],"about":[{"href":"https:\/\/www.europesays.com\/fr\/wp-json\/wp\/v2\/types\/post"}],"author":[{"embeddable":true,"href":"https:\/\/www.europesays.com\/fr\/wp-json\/wp\/v2\/users\/2"}],"replies":[{"embeddable":true,"href":"https:\/\/www.europesays.com\/fr\/wp-json\/wp\/v2\/comments?post=642466"}],"version-history":[{"count":0,"href":"https:\/\/www.europesays.com\/fr\/wp-json\/wp\/v2\/posts\/642466\/revisions"}],"wp:featuredmedia":[{"embeddable":true,"href":"https:\/\/www.europesays.com\/fr\/wp-json\/wp\/v2\/media\/642467"}],"wp:attachment":[{"href":"https:\/\/www.europesays.com\/fr\/wp-json\/wp\/v2\/media?parent=642466"}],"wp:term":[{"taxonomy":"category","embeddable":true,"href":"https:\/\/www.europesays.com\/fr\/wp-json\/wp\/v2\/categories?post=642466"},{"taxonomy":"post_tag","embeddable":true,"href":"https:\/\/www.europesays.com\/fr\/wp-json\/wp\/v2\/tags?post=642466"}],"curies":[{"name":"wp","href":"https:\/\/api.w.org\/{rel}","templated":true}]}}