{"id":642472,"date":"2026-01-05T12:41:12","date_gmt":"2026-01-05T12:41:12","guid":{"rendered":"https:\/\/www.europesays.com\/fr\/642472\/"},"modified":"2026-01-05T12:41:12","modified_gmt":"2026-01-05T12:41:12","slug":"strasbourg-plus-de-600-boites-solidaires-distribuees-par-lassociation-foyer-notre-dame","status":"publish","type":"post","link":"https:\/\/www.europesays.com\/fr\/642472\/","title":{"rendered":"Strasbourg. Plus de 600 bo\u00eetes solidaires distribu\u00e9es par\u00a0l\u2019association Foyer Notre Dame"},"content":{"rendered":"<p>L\u2019objectif de cette action solidaire est multiple\u00a0: fournir des produits d\u2019hygi\u00e8ne, de la nourriture, des v\u00eatements chauds et des accessoires utiles \u00e0 des publics vuln\u00e9rables\u00a0; r\u00e9duire la pr\u00e9carit\u00e9 et rompre l\u2019isolement par un geste concret de solidarit\u00e9\u00a0; cr\u00e9er du lien social et humain, particuli\u00e8rement pr\u00e9cieux en cette p\u00e9riode de f\u00eates.<\/p>\n<p>  Une mobilisation exceptionnelle<\/p>\n<p>L\u2019ensemble des bo\u00eetes et des dons a \u00e9t\u00e9 collect\u00e9 au cours du mois de d\u00e9cembre gr\u00e2ce \u00e0 une formidable mobilisation collective.<\/p>\n<p>Ce contenu est bloqu\u00e9 car vous n&rsquo;avez pas accept\u00e9 les cookies et autres traceurs.<\/p>\n<p>En cliquant sur \u00ab J\u2019accepte \u00bb, les cookies et autres traceurs seront d\u00e9pos\u00e9s et vous pourrez visualiser les contenus  (<a href=\"\" class=\"consentModule_policy\" target=\"_blank\" title=\"Consulter la politique de protection des donn\u00e9es du fournisseur\">plus d&rsquo;informations<\/a>).<\/p>\n<p>En cliquant sur \u00ab J\u2019accepte tous les cookies \u00bb, vous autorisez des d\u00e9p\u00f4ts de cookies et autres traceurs pour le stockage de vos donn\u00e9es sur nos sites et applications \u00e0 des fins de personnalisation et de ciblage publicitaire.<\/p>\n<p class=\"consentModule_secondaryText\">Vous gardez la possibilit\u00e9 de retirer votre consentement \u00e0 tout moment en consultant notre <a href=\"https:\/\/www.dna.fr\/protection-des-donnees\" target=\"_blank\" title=\"Consulter notre politique de protection des donn\u00e9es\" rel=\"noopener\">politique de protection des donn\u00e9es<\/a>. <br \/>&#13;<br \/>\n            <a href=\"https:\/\/www.dna.fr\/culture-loisirs\/2026\/01\/05\/javascript:Didomi.notice.show()\" class=\"consentModule_cmp\" target=\"_blank\" rel=\"noopener\">G\u00e9rer mes choix<\/a>&#13;\n        <\/p>\n<p>&#13;<br \/>\n                        J&rsquo;accepte&#13;<br \/>\n            J&rsquo;accepte tous les cookies&#13;\n        <\/p>\n<p>Le service insertion animations (SIA) a ainsi re\u00e7u 150 bo\u00eetes de l\u2019amicale du conseil de l\u2019Europe, 60 bo\u00eetes de l\u2019\u00c9cole sup\u00e9rieure europ\u00e9enne de l\u2019intervention sociale (Eseis), 50 du conseil des enfants de la Ville de Ribeauvill\u00e9 et 60 bo\u00eetes du p\u00e9riscolaire Le Croisillon de Saint-Thomas et du Gymnase Jean-Sturm. Par ailleurs, un don a \u00e9t\u00e9 fait par <a href=\"https:\/\/www.dna.fr\/social\/2025\/05\/28\/banque-alimentaire-du-bas-rhin-40-ans-et-toujours-plus-de-beneficiaires\" target=\"_blank\" rel=\"noopener\">la Banque alimentaire<\/a> , avec plus de 200\u00a0kilos de chocolats.<\/p>\n<p>D\u2019autres dons de particuliers, dont une dame rencontr\u00e9e sur un march\u00e9 de No\u00ebl ayant tricot\u00e9 \u00e9charpes, bonnets et couvertures, ainsi qu\u2019un donateur issu d\u2019une maison d\u2019\u00e9dition ayant offert de nombreux livres neufs ou encore des achats solidaires \u00e0 bas prix aupr\u00e8s de la banque de l\u2019objet (produits d\u2019hygi\u00e8ne et accessoires chauds notamment) ont permis de compl\u00e9ter les colis.<\/p>\n<p>Gr\u00e2ce \u00e0 l\u2019ensemble de ces contributions, plus de 600 paquets solidaires ont pu \u00eatre pr\u00e9par\u00e9s pour \u00eatre distribu\u00e9s aux personnes accompagn\u00e9es.<\/p>\n<p>  Un go\u00fbter de No\u00ebl<\/p>\n<p>Les \u201cbo\u00eetes solidaires\u201d ont \u00e9t\u00e9 distribu\u00e9es au SIA le lundi 22\u00a0d\u00e9cembre. Pour l\u2019occasion, les \u00e9quipes ont organis\u00e9 un go\u00fbter de No\u00ebl, pr\u00e9par\u00e9 avec soin (th\u00e9, caf\u00e9, jus de fruits, panettone, stollen de No\u00ebl, bredele\u2026). Des jeux ont \u00e9galement \u00e9t\u00e9 propos\u00e9s, permettant \u00e0 chacun de partager un moment convivial et chaleureux lors de la remise des cadeaux.<\/p>\n<p>L\u2019association Foyer Notre Dame et le SIA tiennent \u00e0 adresser leurs remerciements les plus sinc\u00e8res \u00e0 l\u2019ensemble des donateurs, partenaires, institutions, \u00e9tablissements scolaires et particuliers, dont la g\u00e9n\u00e9rosit\u00e9 et l\u2019engagement ont rendu cette action possible.<\/p>\n","protected":false},"excerpt":{"rendered":"L\u2019objectif de cette action solidaire est multiple\u00a0: fournir des produits d\u2019hygi\u00e8ne, de la nourriture, des v\u00eatements chauds et&hellip;\n","protected":false},"author":2,"featured_media":642473,"comment_status":"","ping_status":"","sticky":false,"template":"","format":"standard","meta":{"footnotes":""},"categories":[2820],"tags":[1111,11,1687,2880,1777,674,3326,107,1011,27,775,12,25,801,104,640,2879,1631],"class_list":{"0":"post-642472","1":"post","2":"type-post","3":"status-publish","4":"format-standard","5":"has-post-thumbnail","7":"category-strasbourg","8":"tag-actu","9":"tag-actualites","10":"tag-culture-loisirs","11":"tag-edition-strasbourg","12":"tag-eu","13":"tag-europe","14":"tag-fete-locale","15":"tag-fil-info","16":"tag-fr","17":"tag-france","18":"tag-grand-est","19":"tag-news","20":"tag-republique-francaise","21":"tag-social","22":"tag-societe","23":"tag-strasbourg","24":"tag-strasbourg-ville","25":"tag-vie-associative"},"share_on_mastodon":{"url":"https:\/\/pubeurope.com\/@fr\/115842546656156725","error":""},"_links":{"self":[{"href":"https:\/\/www.europesays.com\/fr\/wp-json\/wp\/v2\/posts\/642472","targetHints":{"allow":["GET"]}}],"collection":[{"href":"https:\/\/www.europesays.com\/fr\/wp-json\/wp\/v2\/posts"}],"about":[{"href":"https:\/\/www.europesays.com\/fr\/wp-json\/wp\/v2\/types\/post"}],"author":[{"embeddable":true,"href":"https:\/\/www.europesays.com\/fr\/wp-json\/wp\/v2\/users\/2"}],"replies":[{"embeddable":true,"href":"https:\/\/www.europesays.com\/fr\/wp-json\/wp\/v2\/comments?post=642472"}],"version-history":[{"count":0,"href":"https:\/\/www.europesays.com\/fr\/wp-json\/wp\/v2\/posts\/642472\/revisions"}],"wp:featuredmedia":[{"embeddable":true,"href":"https:\/\/www.europesays.com\/fr\/wp-json\/wp\/v2\/media\/642473"}],"wp:attachment":[{"href":"https:\/\/www.europesays.com\/fr\/wp-json\/wp\/v2\/media?parent=642472"}],"wp:term":[{"taxonomy":"category","embeddable":true,"href":"https:\/\/www.europesays.com\/fr\/wp-json\/wp\/v2\/categories?post=642472"},{"taxonomy":"post_tag","embeddable":true,"href":"https:\/\/www.europesays.com\/fr\/wp-json\/wp\/v2\/tags?post=642472"}],"curies":[{"name":"wp","href":"https:\/\/api.w.org\/{rel}","templated":true}]}}