{"id":642476,"date":"2026-01-05T12:43:09","date_gmt":"2026-01-05T12:43:09","guid":{"rendered":"https:\/\/www.europesays.com\/fr\/642476\/"},"modified":"2026-01-05T12:43:09","modified_gmt":"2026-01-05T12:43:09","slug":"coup-de-froid-a-nice-et-dans-les-alpes-maritimes-de-la-neige-attendue-les-previsions-meteo","status":"publish","type":"post","link":"https:\/\/www.europesays.com\/fr\/642476\/","title":{"rendered":"Coup de froid \u00e0 Nice et dans les Alpes-Maritimes. De la neige attendue ? Les pr\u00e9visions m\u00e9t\u00e9o"},"content":{"rendered":"<p>                    Par<br \/>\n        <strong><br \/>\n            <a href=\"https:\/\/actu.fr\/auteur\/arthur-frand\" title=\"Consulter tous les articles de Arthur Frand\" target=\"_blank\" rel=\"noopener\">Arthur Frand<\/a><br \/>\n                    <\/strong><\/p>\n<p>        Publi\u00e9 le<\/p>\n<p>            5 janv. 2026 \u00e0 12h07<br \/>\n        ; mis \u00e0 jour le 5 janv. 2026 \u00e0 12h25    <\/p>\n<p>Les Ni\u00e7ois doivent bien se couvrir depuis ce week-end. D\u00e8s ce lundi 5\u00a0janvier et jusqu\u2019au vendredi 9\u00a0janvier 2026, les temp\u00e9ratures ne vont pas exc\u00e9der les 9\u00b0C avec des<strong> minimales proches de 0\u00b0C \u00e0 Nice<\/strong>, et dans les Alpes-Maritimes selon M\u00e9t\u00e9o-France.<\/p>\n<p class=\" wall-content\">De l\u00e0 \u00e0 envisager quelques chutes de neige sur la C\u00f4te d\u2019Azur\u2009? Voici les pr\u00e9visions.<\/p>\n<p>Le niveau 2 du plan hivernal d\u00e9clench\u00e9 \u00e0 Nice<\/p>\n<p class=\" wall-content\">Cette baisse des temp\u00e9ratures est li\u00e9e \u00e0 un <strong>air froid persistant<\/strong> qui envahit la France ce lundi 5\u00a0janvier 2026. De nombreux d\u00e9partements hexagonaux subissent un \u00e9pisode neigeux cons\u00e9quent, essentiellement sur la fa\u00e7ade ouest et l\u2019\u00cele-de-France. M\u00e9t\u00e9o France \u00e9voque <a href=\"https:\/\/actu.fr\/meteo\/neige-et-verglas-ce-lundi-circulation-previsions-de-meteo-france-suivez-la-situation-en-direct_63649087.html\" target=\"_blank\" rel=\"noopener\">un \u00e9pisode neigeux \u00ab\u2009suffisamment notable\u2009\u00bb<\/a> pour perturber la circulation.<\/p>\n<p class=\" wall-content\">\u00c0 Nice, les temp\u00e9ratures ont chut\u00e9 d\u00e8s ce week-end. Les premi\u00e8res mesures ont \u00e9t\u00e9 prises par la municipalit\u00e9. \u00ab\u2009J\u2019ai d\u00e9cid\u00e9, sans attendre le <strong>d\u00e9clenchement<\/strong> du niveau 2 du plan hivernal, l\u2019ouverture d\u00e8s ce soir d\u2019une salle suppl\u00e9mentaire, la salle Malatesta, pour accueillir les personnes sans-abri dans des conditions dignes et humaines\u2009\u00bb, a d\u00e9clar\u00e9 Christian Estrosi, maire de Nice, vendredi 2\u00a0janvier 2026.<\/p>\n<p class=\" wall-content\">\n<p>\u00ab\u2009Le risque de neige n\u2019est pas nul dans les Alpes-Maritimes\u2009\u00bb<\/p>\n<p class=\" wall-content\">Cette semaine, du 5 au 9\u00a0janvier, ce temps tr\u00e8s frais sera persistant \u00e0 Nice et dans les Alpes-Maritimes. Avec des minimales proches de 0, \u00e0 1 ou 2 degr\u00e9s le matin et en soir\u00e9e. Des temp\u00e9ratures en <strong>dessous<\/strong> des moyennes de saison.<\/p>\n<p class=\" wall-content\">Dans ces conditions, quelques flocons ne sont pas \u00e0 exclure dans l\u2019arri\u00e8re-pays. Mais ils sont peu probables \u00e0 Nice. \u00ab\u2009Le risque de neige n\u2019est pas nul sur le Var ou les Alpes-Maritimes \u00e0 basse altitude\u2009\u00bb, estime Paul Marquis, m\u00e9t\u00e9orologue ind\u00e9pendant.<\/p>\n<p class=\" wall-content\">\n<p class=\" wall-content\">En montagne, les temp\u00e9ratures, elles, seront glaciales. Il fera entre -1 et -10\u00b0C \u00e0 Valberg et entre -7 et -15\u00b0C \u00e0 Auron par exemple. Dans plusieurs stations du d\u00e9partement, des chutes de neige sont <strong>pr\u00e9vues<\/strong> \u00e0 partir de mercredi. De quoi ravi les skieurs.<\/p>\n<p>Votre r\u00e9gion, votre actu !<\/p>\n<p>Recevez chaque jour les infos qui comptent pour vous.<\/p>\n<p>\t<a href=\"https:\/\/actu.fr\/newsletter\" class=\"ac-btn ac-btn--corner ac-btn--medium ac-btn--blue800\" target=\"_blank\" rel=\"noopener\">S&rsquo;incrire<\/a><\/p>\n<p class=\" wall-content\">En fin de semaine, le mercure devrait grimper un petit peu sur l\u2019ensemble des Alpes-Maritimes\u00a0pour retrouver des moyennes de saison.<\/p>\n<p class=\" wall-content\">Personnalisez votre actualit\u00e9 en ajoutant vos villes et m\u00e9dias en favori avec <a href=\"https:\/\/moncompte.actu.fr\" title=\"D\u00e9couvez Mon Actu\" rel=\"nofollow noopener\" data-trk=\"{&quot;cta&quot;:{&quot;action&quot;:&quot;https:\\\/\\\/moncompte.actu.fr&quot;,&quot;category&quot;:&quot;mon compte&quot;,&quot;from&quot;:&quot;article footer&quot;,&quot;name&quot;:&quot;Mon actu&quot;,&quot;type&quot;:&quot;cta&quot;}}\" target=\"_blank\">Mon Actu<\/a>.<\/p>\n","protected":false},"excerpt":{"rendered":"Par Arthur Frand Publi\u00e9 le 5 janv. 2026 \u00e0 12h07 ; mis \u00e0 jour le 5 janv. 2026&hellip;\n","protected":false},"author":2,"featured_media":642477,"comment_status":"","ping_status":"","sticky":false,"template":"","format":"standard","meta":{"footnotes":""},"categories":[2819],"tags":[1111,11,1777,674,1011,27,2357,10584,12,2401,882,25,104],"class_list":{"0":"post-642476","1":"post","2":"type-post","3":"status-publish","4":"format-standard","5":"has-post-thumbnail","7":"category-nice","8":"tag-actu","9":"tag-actualites","10":"tag-eu","11":"tag-europe","12":"tag-fr","13":"tag-france","14":"tag-meteo-france","15":"tag-neige","16":"tag-news","17":"tag-nice","18":"tag-provence-alpes-cote-dazur","19":"tag-republique-francaise","20":"tag-societe"},"share_on_mastodon":{"url":"https:\/\/pubeurope.com\/@fr\/115842554576087887","error":""},"_links":{"self":[{"href":"https:\/\/www.europesays.com\/fr\/wp-json\/wp\/v2\/posts\/642476","targetHints":{"allow":["GET"]}}],"collection":[{"href":"https:\/\/www.europesays.com\/fr\/wp-json\/wp\/v2\/posts"}],"about":[{"href":"https:\/\/www.europesays.com\/fr\/wp-json\/wp\/v2\/types\/post"}],"author":[{"embeddable":true,"href":"https:\/\/www.europesays.com\/fr\/wp-json\/wp\/v2\/users\/2"}],"replies":[{"embeddable":true,"href":"https:\/\/www.europesays.com\/fr\/wp-json\/wp\/v2\/comments?post=642476"}],"version-history":[{"count":0,"href":"https:\/\/www.europesays.com\/fr\/wp-json\/wp\/v2\/posts\/642476\/revisions"}],"wp:featuredmedia":[{"embeddable":true,"href":"https:\/\/www.europesays.com\/fr\/wp-json\/wp\/v2\/media\/642477"}],"wp:attachment":[{"href":"https:\/\/www.europesays.com\/fr\/wp-json\/wp\/v2\/media?parent=642476"}],"wp:term":[{"taxonomy":"category","embeddable":true,"href":"https:\/\/www.europesays.com\/fr\/wp-json\/wp\/v2\/categories?post=642476"},{"taxonomy":"post_tag","embeddable":true,"href":"https:\/\/www.europesays.com\/fr\/wp-json\/wp\/v2\/tags?post=642476"}],"curies":[{"name":"wp","href":"https:\/\/api.w.org\/{rel}","templated":true}]}}