{"id":642480,"date":"2026-01-05T12:45:21","date_gmt":"2026-01-05T12:45:21","guid":{"rendered":"https:\/\/www.europesays.com\/fr\/642480\/"},"modified":"2026-01-05T12:45:21","modified_gmt":"2026-01-05T12:45:21","slug":"plus-de-50-km-de-bouchons-attention-au-verglas","status":"publish","type":"post","link":"https:\/\/www.europesays.com\/fr\/642480\/","title":{"rendered":"plus de 50 km de bouchons, attention au verglas"},"content":{"rendered":"<p>                    Par<br \/>\n        <strong><br \/>\n            <a href=\"https:\/\/actu.fr\/auteur\/redaction-nantes\" title=\"Consulter tous les articles de R\u00e9daction Nantes\" target=\"_blank\" rel=\"noopener\">R\u00e9daction Nantes<\/a><br \/>\n                    <\/strong><\/p>\n<p>        Publi\u00e9 le<\/p>\n<p>            5 janv. 2026 \u00e0 8h40        <\/p>\n<p>Pour le premier lundi de l\u2019ann\u00e9e 2026, la circulation est dense sur les routes de l\u2019agglom\u00e9ration nantaise. Selon Bison Fut\u00e9, <a href=\"https:\/\/www.bison-fute.gouv.fr\/courbes-bouchons,11025.html\" target=\"_blank\" rel=\"noopener\">52\u00a0km de bouchons cumul\u00e9s<\/a> sont en cours sur le p\u00e9riph\u00e9rique. Prudence sur les routes avec la pr\u00e9sence de verglas sur le bitume.\u00a0<\/p>\n<p>Ralentissements au sud du p\u00e9riph\u00e9rique<\/p>\n<p class=\" wall-content\">\u00c0 8\u2009h\u200910, selon le trafic en direct de Bison Fut\u00e9 des embouteillages sont en cours au sud du p\u00e9riph\u00e9rique, notamment<b> entre la porte de Bouguenais et la porte de Rez\u00e9<\/b>. La N844 est l\u2019axe le plus encombr\u00e9 avec<b> 22,6\u00a0km de bouchons<\/b>. De gros ralentissements sont \u00e9galement<b> signal\u00e9s au nord du p\u00e9riph\u00e9rique, entre Nantes et Rennes<\/b>.<\/p>\n<p class=\" wall-content\">Le trafic routier est \u00e9galement satur\u00e9 \u00e0 plusieurs endroits de la cit\u00e9 des ducs de Bretagne. Selon les donn\u00e9es communiqu\u00e9es par la direction g\u00e9n\u00e9rale des d\u00e9placements de Nantes M\u00e9tropole, \u00e7a coince entre le boulevard de Doulon et la Prairie de Mauves, \u00e0 l\u2019est de Nantes \u00e0 la hauteur de la route de Saint-Joseph et de la porte de la Beaujoire, et le pont Clemenceau est actuellement satur\u00e9.<\/p>\n<p class=\" wall-content\">Personnalisez votre actualit\u00e9 en ajoutant vos villes et m\u00e9dias en favori avec <a href=\"https:\/\/moncompte.actu.fr\" title=\"D\u00e9couvez Mon Actu\" rel=\"nofollow noopener\" data-trk=\"{&quot;cta&quot;:{&quot;action&quot;:&quot;https:\\\/\\\/moncompte.actu.fr&quot;,&quot;category&quot;:&quot;mon compte&quot;,&quot;from&quot;:&quot;article footer&quot;,&quot;name&quot;:&quot;Mon actu&quot;,&quot;type&quot;:&quot;cta&quot;}}\" target=\"_blank\">Mon Actu<\/a>.<\/p>\n","protected":false},"excerpt":{"rendered":"Par R\u00e9daction Nantes Publi\u00e9 le 5 janv. 2026 \u00e0 8h40 Pour le premier lundi de l\u2019ann\u00e9e 2026, la&hellip;\n","protected":false},"author":2,"featured_media":642481,"comment_status":"","ping_status":"","sticky":false,"template":"","format":"standard","meta":{"footnotes":""},"categories":[2818],"tags":[1111,11,3542,1777,674,1011,27,766,12,2636,4013,25,104],"class_list":{"0":"post-642480","1":"post","2":"type-post","3":"status-publish","4":"format-standard","5":"has-post-thumbnail","7":"category-nantes","8":"tag-actu","9":"tag-actualites","10":"tag-circulation","11":"tag-eu","12":"tag-europe","13":"tag-fr","14":"tag-france","15":"tag-nantes","16":"tag-news","17":"tag-pays-de-la-loire","18":"tag-peripherique","19":"tag-republique-francaise","20":"tag-societe"},"share_on_mastodon":{"url":"https:\/\/pubeurope.com\/@fr\/115842562402072167","error":""},"_links":{"self":[{"href":"https:\/\/www.europesays.com\/fr\/wp-json\/wp\/v2\/posts\/642480","targetHints":{"allow":["GET"]}}],"collection":[{"href":"https:\/\/www.europesays.com\/fr\/wp-json\/wp\/v2\/posts"}],"about":[{"href":"https:\/\/www.europesays.com\/fr\/wp-json\/wp\/v2\/types\/post"}],"author":[{"embeddable":true,"href":"https:\/\/www.europesays.com\/fr\/wp-json\/wp\/v2\/users\/2"}],"replies":[{"embeddable":true,"href":"https:\/\/www.europesays.com\/fr\/wp-json\/wp\/v2\/comments?post=642480"}],"version-history":[{"count":0,"href":"https:\/\/www.europesays.com\/fr\/wp-json\/wp\/v2\/posts\/642480\/revisions"}],"wp:featuredmedia":[{"embeddable":true,"href":"https:\/\/www.europesays.com\/fr\/wp-json\/wp\/v2\/media\/642481"}],"wp:attachment":[{"href":"https:\/\/www.europesays.com\/fr\/wp-json\/wp\/v2\/media?parent=642480"}],"wp:term":[{"taxonomy":"category","embeddable":true,"href":"https:\/\/www.europesays.com\/fr\/wp-json\/wp\/v2\/categories?post=642480"},{"taxonomy":"post_tag","embeddable":true,"href":"https:\/\/www.europesays.com\/fr\/wp-json\/wp\/v2\/tags?post=642480"}],"curies":[{"name":"wp","href":"https:\/\/api.w.org\/{rel}","templated":true}]}}