{"id":642492,"date":"2026-01-05T12:52:10","date_gmt":"2026-01-05T12:52:10","guid":{"rendered":"https:\/\/www.europesays.com\/fr\/642492\/"},"modified":"2026-01-05T12:52:10","modified_gmt":"2026-01-05T12:52:10","slug":"vague-de-froid-dans-le-nord-jusqua-7-c-et-de-la-neige-attendue-cette-semaine-a-lille","status":"publish","type":"post","link":"https:\/\/www.europesays.com\/fr\/642492\/","title":{"rendered":"Vague de froid dans le Nord\u00a0: jusqu\u2019\u00e0 \u20137 \u00b0C et de la neige attendue cette semaine \u00e0 Lille"},"content":{"rendered":"<p>Alors que plusieurs d\u00e9partements du nord et de l\u2019est de la France sont concern\u00e9s par un \u00e9pisode hivernal marqu\u00e9, les <a href=\"https:\/\/www.lebonbon.fr\/lille\/news\/hauts-de-france-mauvaise-meteo-2023\/\" target=\"_blank\" rel=\"noopener\">Hauts-de-France <\/a>restent en premi\u00e8re ligne d\u2019une offensive polaire qui pourrait durer plusieurs jours. Un rappel assez clair que l\u2019hiver, cette fois, est bien d\u00e9cid\u00e9 \u00e0 s\u2019installer.<\/p>\n<p>&#13;<br \/>\n<b>Un froid bien install\u00e9 jusqu\u2019\u00e0 mercredi<\/b>&#13;<\/p>\n<p>Depuis ce lundi, les Lillois se r\u00e9veillent avec un mercure nettement en dessous de z\u00e9ro. Les temp\u00e9ratures minimales descendent r\u00e9guli\u00e8rement sous les \u20135 \u00b0C,<strong> avec des pointes pouvant atteindre \u20137 \u00b0C<\/strong> dans certaines zones du Nord, notamment \u00e0 l\u2019int\u00e9rieur des terres. En journ\u00e9e, le thermom\u00e8tre d\u00e9passe difficilement les 0 \u00b0C, donnant une ambiance glaciale persistante.<\/p>\n<p>&#13;<\/p>\n<p>Selon M\u00e9t\u00e9o France et La Cha\u00eene M\u00e9t\u00e9o, <strong>ce froid sec et intense devrait se maintenir au moins jusqu\u2019\u00e0 mercredi.<\/strong> Les gel\u00e9es sont g\u00e9n\u00e9ralis\u00e9es le matin, et l\u2019absence de r\u00e9el d\u00e9gel en journ\u00e9e accentue le risque de chauss\u00e9es glissantes, en particulier aux premi\u00e8res heures.<\/p>\n<p>&#13;<br \/>\n<b>De la neige possible \u00e0 Lille et dans la m\u00e9tropole<\/b>&#13;<\/p>\n<p>Une perturbation hivernale traverse actuellement le nord du pays. Dans la nuit de dimanche \u00e0 lundi, des averses de neige ont d\u00e9j\u00e0 concern\u00e9 plusieurs secteurs du Nord et du Pas-de-Calais. Les pr\u00e9visions annoncent encore des chutes de neige faibles mais r\u00e9guli\u00e8res sur Lille, Dunkerque, Calais, Hazebrouck ou <a href=\"https:\/\/www.lebonbon.fr\/lille\/news\/lille-arras-dunkerque-villes-moins-vertes-france-lelynx\/\" target=\"_blank\" rel=\"noopener\">Arras<\/a>.<\/p>\n<p>&#13;<\/p>\n<p>Compte tenu des temp\u00e9ratures n\u00e9gatives, cette neige pourrait tenir au sol, m\u00eame en faible quantit\u00e9. <strong>La vigilance jaune neige et verglas est maintenue<\/strong>, et les conditions de circulation pourraient \u00eatre d\u00e9licates, notamment mardi matin. Certains secteurs plus expos\u00e9s pourraient voir les sols blanchir durablement sur la p\u00e9riode.<\/p>\n<p>&#13;<br \/>\n<b>Le c\u0153ur de la vague de froid entre lundi et mercredi<\/b>&#13;<\/p>\n<p>Selon les experts m\u00e9t\u00e9o, la p\u00e9riode la plus froide de cet \u00e9pisode est attendue entre lundi et mercredi. <strong>Une vaste masse d\u2019air d\u2019origine polaire descend actuellement sur la France<\/strong>, touchant particuli\u00e8rement les r\u00e9gions du nord-est. Les seuils d\u2019une vague de froid d\u00e9partementale pourraient \u00eatre atteints localement, avec des nuits tr\u00e8s froides et des journ\u00e9es sans r\u00e9el redoux.<\/p>\n<p>&#13;<\/p>\n<p>\u00c0 Lille et dans les Hauts-de-France, cet \u00e9pisode pourrait bien \u00eatre l\u2019un des plus marqu\u00e9s de ce d\u00e9but d\u2019hiver, tant par sa dur\u00e9e que par l\u2019intensit\u00e9 du froid.<\/p>\n<p>&#13;<br \/>\n<b>Apr\u00e8s le froid, une \u00e9volution plus humide<\/b>&#13;<\/p>\n<p>\u00c0 partir de la seconde partie de semaine, les temp\u00e9ratures pourraient amorcer une l\u00e9g\u00e8re remont\u00e9e. Mais ce redoux ne serait pas synonyme de conditions plus agr\u00e9ables. <strong>Les mod\u00e8les m\u00e9t\u00e9o \u00e9voquent plut\u00f4t un basculement vers une ambiance plus humide,<\/strong> avec des pr\u00e9cipitations susceptibles de remplacer la neige par de la pluie froide.<\/p>\n<p>&#13;<\/p>\n<p><strong>En attendant, prudence reste le mot d\u2019ordre<\/strong>. Gel, <a href=\"https:\/\/www.lebonbon.fr\/lille\/wtf\/dessert-maison-neige-reese-witherspoon-buzz\/?from=00020\" target=\"_blank\" rel=\"noopener\">neige<\/a> et verglas pourraient compliquer les d\u00e9placements encore plusieurs jours dans la m\u00e9tropole lilloise.<\/p>\n","protected":false},"excerpt":{"rendered":"Alors que plusieurs d\u00e9partements du nord et de l\u2019est de la France sont concern\u00e9s par un \u00e9pisode hivernal&hellip;\n","protected":false},"author":2,"featured_media":642493,"comment_status":"","ping_status":"","sticky":false,"template":"","format":"standard","meta":{"footnotes":""},"categories":[2815],"tags":[1111,11,1777,674,1011,27,811,1307,12,25],"class_list":{"0":"post-642492","1":"post","2":"type-post","3":"status-publish","4":"format-standard","5":"has-post-thumbnail","7":"category-lille","8":"tag-actu","9":"tag-actualites","10":"tag-eu","11":"tag-europe","12":"tag-fr","13":"tag-france","14":"tag-hauts-de-france","15":"tag-lille","16":"tag-news","17":"tag-republique-francaise"},"share_on_mastodon":{"url":"https:\/\/pubeurope.com\/@fr\/115842589917571838","error":""},"_links":{"self":[{"href":"https:\/\/www.europesays.com\/fr\/wp-json\/wp\/v2\/posts\/642492","targetHints":{"allow":["GET"]}}],"collection":[{"href":"https:\/\/www.europesays.com\/fr\/wp-json\/wp\/v2\/posts"}],"about":[{"href":"https:\/\/www.europesays.com\/fr\/wp-json\/wp\/v2\/types\/post"}],"author":[{"embeddable":true,"href":"https:\/\/www.europesays.com\/fr\/wp-json\/wp\/v2\/users\/2"}],"replies":[{"embeddable":true,"href":"https:\/\/www.europesays.com\/fr\/wp-json\/wp\/v2\/comments?post=642492"}],"version-history":[{"count":0,"href":"https:\/\/www.europesays.com\/fr\/wp-json\/wp\/v2\/posts\/642492\/revisions"}],"wp:featuredmedia":[{"embeddable":true,"href":"https:\/\/www.europesays.com\/fr\/wp-json\/wp\/v2\/media\/642493"}],"wp:attachment":[{"href":"https:\/\/www.europesays.com\/fr\/wp-json\/wp\/v2\/media?parent=642492"}],"wp:term":[{"taxonomy":"category","embeddable":true,"href":"https:\/\/www.europesays.com\/fr\/wp-json\/wp\/v2\/categories?post=642492"},{"taxonomy":"post_tag","embeddable":true,"href":"https:\/\/www.europesays.com\/fr\/wp-json\/wp\/v2\/tags?post=642492"}],"curies":[{"name":"wp","href":"https:\/\/api.w.org\/{rel}","templated":true}]}}