{"id":642496,"date":"2026-01-05T12:54:10","date_gmt":"2026-01-05T12:54:10","guid":{"rendered":"https:\/\/www.europesays.com\/fr\/642496\/"},"modified":"2026-01-05T12:54:10","modified_gmt":"2026-01-05T12:54:10","slug":"marseille-lalgerie-joue-son-8e-de-finale-a-la-can-la-prefete-prend-des-mesures-radicales","status":"publish","type":"post","link":"https:\/\/www.europesays.com\/fr\/642496\/","title":{"rendered":"Marseille. L&rsquo;Alg\u00e9rie joue son 8e de finale \u00e0 la CAN, la pr\u00e9f\u00e8te prend des mesures radicales"},"content":{"rendered":"<p>                    Par<br \/>\n        <strong><br \/>\n            <a href=\"https:\/\/actu.fr\/auteur\/fabien-binacchi\" title=\"Consulter tous les articles de Fabien Binacchi\" target=\"_blank\" rel=\"noopener\">Fabien Binacchi<\/a><br \/>\n                    <\/strong><\/p>\n<p>        Publi\u00e9 le<\/p>\n<p>            5 janv. 2026 \u00e0 12h03        <\/p>\n<p>Apr\u00e8s les d\u00e9bordements d\u2019apr\u00e8s-match du 28\u00a0d\u00e9cembre 2025, sur le <a href=\"https:\/\/actu.fr\/tag\/vieux-port\" target=\"_blank\" rel=\"noopener\">Vieux-Port<\/a> de <a href=\"https:\/\/actu.fr\/marseille\/\" target=\"_blank\" rel=\"noopener\">Marseille,<\/a> la pr\u00e9fecture serre la vie. Alors que deux huiti\u00e8mes de finale de la <a href=\"https:\/\/actu.fr\/sports\/football\/can-2026-sur-quelle-chaine-regarder-l-integralite-de-la-coupe-d-afrique-des-nations-qui-debute-ce-dimanche_63588237.html\" target=\"_blank\" rel=\"noopener\">Coupe d\u2019Afrique des nations (CAN),<\/a> dont <strong>celui opposant l\u2019Alg\u00e9rie \u00e0 la R\u00e9publique d\u00e9mocratique du Congo,<\/strong> sont programm\u00e9s ce mardi 6\u00a0janvier, plusieurs mesures sont prises.<\/p>\n<p>Une partie du Vieux-Port sanctuaris\u00e9e<\/p>\n<p class=\" wall-content\">La nuit du 28 au 29\u00a0d\u00e9cembre, apr\u00e8s la victoire de l\u2019Alg\u00e9rie sur le Burkina Faso (1-0), \u00ab\u2009pr\u00e8s de 800\u00a0personnes\u2009\u00bb s\u2019\u00e9taient r\u00e9unies sur le Vieux-Port de Marseille, \u00ab\u2009n\u00e9cessitant le d\u00e9ploiement inopin\u00e9 d\u2019un service d\u2019ordre\u2009\u00bb, rappelle la pr\u00e9fecture dans un arr\u00eat\u00e9. Il avait fallu \u00ab\u2009r\u00e9guler la circulation routi\u00e8re fortement perturb\u00e9e, s\u00e9curiser les d\u00e9ambulations des personnes et <strong>interpeller des fauteurs de troubles<\/strong>\u2009\u00bb, pr\u00e9cise-t-elle encore<\/p>\n<blockquote class=\"ac-article-quote wall-content\">\n<p>Le r\u00e9sultat de certains matchs engendre des r\u00e9actions de liesse se caract\u00e9risant par des rassemblements de plusieurs centaines de personnes notamment dans le centre-ville de Marseille.<\/p>\n<p>    <strong>Pr\u00e9fecture des Bouches-du-Rh\u00f4ne<\/strong>\n            <\/p><\/blockquote>\n<p class=\" wall-content\">Ce mardi, l\u2019\u00e9quipe nationale alg\u00e9rienne est \u00e0 nouveau \u00e0 l\u2019affiche. Elle va tenter de gagner son ticket pour les quarts d\u00e8s 17h. Alors c\u2019est pour \u00e9viter de nouveaux \u00ab\u2009d\u00e9bordements\u2009\u00bb selon la pr\u00e9fecture et des accidents entre v\u00e9hicules et pi\u00e9tons, que les autorit\u00e9s ont d\u00e9cid\u00e9 d\u2019interdire la circulation automobile <strong>entre 18h et 23h59<\/strong> sur les axes suivants\u2009:<\/p>\n<ul class=\" wall-content\">\n<li>Quai du Port, entre la rue de la Bonneterie et le Quai des Belges,<\/li>\n<li>Rue de la R\u00e9publique, entre la rue Coutellerie et le Quai des Belges,<\/li>\n<li>Quai des Belges, de la rue de la R\u00e9publique jusqu\u2019\u00e0 l\u2019angle du Cours Jean Ballard.<\/li>\n<\/ul>\n<p>Des mesures sur le carburant et les artifices<\/p>\n<p class=\" wall-content\">Une mesure similaire, <strong>d\u00e9j\u00e0 jug\u00e9e s\u00e9v\u00e8re,<\/strong> avait d\u2019abord \u00e9t\u00e9 prise le 31\u00a0d\u00e9cembre 2025, soir de r\u00e9veillon et d\u2019un autre match opposant l\u2019Alg\u00e9rie et la Guin\u00e9e \u00e9quatoriale.<\/p>\n<p class=\" wall-content\">Elle s\u2019accompagne de <strong>deux autres arr\u00eat\u00e9s\u2009:<\/strong> l\u2019un r\u00e9glementant \u00ab\u2009la vente au d\u00e9tail et le transport de carburant\u2009\u00bb et l\u2019autre \u00ab\u2009la cession, l\u2019utilisation, le port et le transport des artifices de divertissement et articles pyrotechniques\u2009\u00bb.<\/p>\n<p>Votre r\u00e9gion, votre actu !<\/p>\n<p>Recevez chaque jour les infos qui comptent pour vous.<\/p>\n<p>\t<a href=\"https:\/\/actu.fr\/newsletter\" class=\"ac-btn ac-btn--corner ac-btn--medium ac-btn--blue800\" target=\"_blank\" rel=\"noopener\">S&rsquo;incrire<\/a><\/p>\n<p class=\" wall-content\">Ces \u00ab\u2009p\u00e9tards [\u2026] peuvent \u00eatre utilis\u00e9s comme <strong>arme par destination, notamment \u00e0 l\u2019encontre des forces de s\u00e9curit\u00e9 int\u00e9rieure<\/strong> [\u2026] ou des services de secours, comme cela a \u00e9t\u00e9 le cas \u00e0 plusieurs occasions\u2009\u00bb, appuie encore la pr\u00e9fecture des Bouches-du-Rh\u00f4ne.<\/p>\n<p class=\" wall-content\">Personnalisez votre actualit\u00e9 en ajoutant vos villes et m\u00e9dias en favori avec <a href=\"https:\/\/moncompte.actu.fr\" title=\"D\u00e9couvez Mon Actu\" rel=\"nofollow noopener\" data-trk=\"{&quot;cta&quot;:{&quot;action&quot;:&quot;https:\\\/\\\/moncompte.actu.fr&quot;,&quot;category&quot;:&quot;mon compte&quot;,&quot;from&quot;:&quot;article footer&quot;,&quot;name&quot;:&quot;Mon actu&quot;,&quot;type&quot;:&quot;cta&quot;}}\" target=\"_blank\">Mon Actu<\/a>.<\/p>\n","protected":false},"excerpt":{"rendered":"Par Fabien Binacchi Publi\u00e9 le 5 janv. 2026 \u00e0 12h03 Apr\u00e8s les d\u00e9bordements d\u2019apr\u00e8s-match du 28\u00a0d\u00e9cembre 2025, sur&hellip;\n","protected":false},"author":2,"featured_media":642497,"comment_status":"","ping_status":"","sticky":false,"template":"","format":"standard","meta":{"footnotes":""},"categories":[2814],"tags":[1111,11,15,3542,1777,674,1011,27,884,12,882,25,104,1179],"class_list":{"0":"post-642496","1":"post","2":"type-post","3":"status-publish","4":"format-standard","5":"has-post-thumbnail","7":"category-marseille","8":"tag-actu","9":"tag-actualites","10":"tag-algerie","11":"tag-circulation","12":"tag-eu","13":"tag-europe","14":"tag-fr","15":"tag-france","16":"tag-marseille","17":"tag-news","18":"tag-provence-alpes-cote-dazur","19":"tag-republique-francaise","20":"tag-societe","21":"tag-vieux-port"},"share_on_mastodon":{"url":"https:\/\/pubeurope.com\/@fr\/115842597768072108","error":""},"_links":{"self":[{"href":"https:\/\/www.europesays.com\/fr\/wp-json\/wp\/v2\/posts\/642496","targetHints":{"allow":["GET"]}}],"collection":[{"href":"https:\/\/www.europesays.com\/fr\/wp-json\/wp\/v2\/posts"}],"about":[{"href":"https:\/\/www.europesays.com\/fr\/wp-json\/wp\/v2\/types\/post"}],"author":[{"embeddable":true,"href":"https:\/\/www.europesays.com\/fr\/wp-json\/wp\/v2\/users\/2"}],"replies":[{"embeddable":true,"href":"https:\/\/www.europesays.com\/fr\/wp-json\/wp\/v2\/comments?post=642496"}],"version-history":[{"count":0,"href":"https:\/\/www.europesays.com\/fr\/wp-json\/wp\/v2\/posts\/642496\/revisions"}],"wp:featuredmedia":[{"embeddable":true,"href":"https:\/\/www.europesays.com\/fr\/wp-json\/wp\/v2\/media\/642497"}],"wp:attachment":[{"href":"https:\/\/www.europesays.com\/fr\/wp-json\/wp\/v2\/media?parent=642496"}],"wp:term":[{"taxonomy":"category","embeddable":true,"href":"https:\/\/www.europesays.com\/fr\/wp-json\/wp\/v2\/categories?post=642496"},{"taxonomy":"post_tag","embeddable":true,"href":"https:\/\/www.europesays.com\/fr\/wp-json\/wp\/v2\/tags?post=642496"}],"curies":[{"name":"wp","href":"https:\/\/api.w.org\/{rel}","templated":true}]}}