{"id":6425,"date":"2025-04-06T22:53:15","date_gmt":"2025-04-06T22:53:15","guid":{"rendered":"https:\/\/www.europesays.com\/fr\/6425\/"},"modified":"2025-04-06T22:53:15","modified_gmt":"2025-04-06T22:53:15","slug":"la-ville-de-paris-lance-sa-convention-citoyenne-pour-reconnaitre-des-droits-a-la-seine","status":"publish","type":"post","link":"https:\/\/www.europesays.com\/fr\/6425\/","title":{"rendered":"La ville de Paris lance sa convention citoyenne pour reconna\u00eetre des droits \u00e0 la Seine"},"content":{"rendered":"<p class=\"paragraph text_align_left\">Ils se rencontrent pour la premi\u00e8re fois ce samedi pour plancher sur une question pas si \u00e9vidente\u00a0: comment prot\u00e9ger la Seine\u00a0? La cinquantaine de citoyens, repr\u00e9sentatifs de la population parisienne, d\u00e9sign\u00e9s pour participer \u00e0 la convention citoyenne sur les droits du fleuve a jusqu\u2019au mois de juin pour rendre un avis sur le statut juridique du fleuve. D\u2019ici l\u00e0, ils rencontreront experts et scientifiques pour travailler sur les conditions et les enjeux d\u2019octroyer une personnalit\u00e9 juridique propre \u00e0 la Seine. De quoi permettre au fleuve comme aux humains et non humains qui en d\u00e9pendent de se d\u00e9fendre de toute violation environnementale.<\/p>\n<p>L\u2019avis citoyen sera pr\u00e9sent\u00e9 au Conseil de Paris en juin<\/p>\n<p class=\"paragraph text_align_left\">Diff\u00e9rentes phases rythmeront la convention citoyenne. La premi\u00e8re session, permettra au panel de citoyennes et de citoyens de se familiariser avec le sujet et d\u2019en apprendre plus sur les usages et les enjeux li\u00e9s \u00e0 la Seine. La deuxi\u00e8me de se faire un avis et de le d\u00e9lib\u00e9rer collectivement au sein des trois groupes de travail. La troisi\u00e8me et derni\u00e8re session sera consacr\u00e9e \u00e0 la d\u00e9lib\u00e9ration collective. L\u2019avis citoyen sera ensuite transmis \u00e0 des experts juridiques et sera pr\u00e9sent\u00e9 \u00e0 la maire de Paris, Anne Hidalgo, et aux \u00e9lus du Conseil de Paris en juin.<\/p>\n<p class=\"paragraph text_align_left\">La convention citoyenne d\u00e9coule du proc\u00e8s fictif qui s\u2019est jou\u00e9 au <a href=\"https:\/\/www.leparisien.fr\/paris-75\/paris-voici-le-theatre-de-la-concorde-l-universite-populaire-de-la-democratie-promise-par-anne-hidalgo-07-03-2024-FKLP5NWMXBDJVC4WZQHYS5IVI4.php\" target=\"_blank\" rel=\"noopener\">Th\u00e9\u00e2tre de la Concorde <\/a>en d\u00e9cembre dernier. L\u2019objectif de ce faux proc\u00e8s men\u00e9 \u00e0 l\u2019initiative de la Ville \u00e9tait d\u00e9j\u00e0 d\u2019imaginer l\u2019octroi d\u2019une personnalit\u00e9 juridique au fleuve de pr\u00e8s de 775\u00a0km. En f\u00e9vrier, le Conseil de Paris avait fait la Seine citoyenne d\u2019honneur.<\/p>\n<p class=\"paragraph text_align_left\">\u00ab\u00a0Penser autrement la nature, non plus comme un simple objet dont nous disposons, mais comme un v\u00e9ritable sujet de droit, est un d\u00e9bat \u00e0 la fois philosophique mais aussi tr\u00e8s pragmatique pour assurer l\u2019habitabilit\u00e9 de notre plan\u00e8te dans les prochaines ann\u00e9es, face \u00e0 l\u2019\u00e9rosion de la biodiversit\u00e9. L\u2019avenir de la Seine concerne tous les habitants et les usagers du fleuve des territoires depuis le village de Source-Seine, en passant par Paris et Rouen jusqu\u2019\u00e0 l\u2019estuaire\u00a0\u00bb, d\u00e9clare la maire PS de Paris Anne Hidalgo.<\/p>\n<p class=\"paragraph text_align_left\">Outre la sensibilisation des citoyens aux enjeux du droit de l\u2019environnement, l\u2019id\u00e9e est \u00ab\u00a0de proposer des mesures qui pourraient aller jusqu\u2019\u00e0 une saisine parlementaire de la convention pour pr\u00e9senter une proposition de loi\u00a0\u00bb susceptible de faire \u00e9voluer le droit, comme le d\u00e9clarait en janvier au Parisien Pierre Rabadan (PS), adjoint au maire, notamment \u00e0 la Seine.<\/p>\n<p class=\"paragraph text_align_left\">Pour Marine Calmet, juriste et pr\u00e9sidente de l\u2019ONG Wild Legal, qui milite pour la reconnaissance des droits de la nature, \u00ab\u00a0reconna\u00eetre le fleuve comme sujet de droit est parfaitement faisable d\u2019un point de vue juridique\u00a0\u00bb. Une jurisprudence existe ailleurs dans le monde. En 2008, l\u2019\u00c9quateur est devenu le premier pays \u00e0 reconna\u00eetre la nature comme un sujet juridique et \u00e0 inclure le droit des personnes \u00e0 vivre dans un environnement sain dans sa Constitution. M\u00eame chose en Nouvelle-Z\u00e9lande. Plus r\u00e9cemment, l\u2019Espagne a reconnu en 2022 la personnalit\u00e9 juridique \u00e0 <a href=\"https:\/\/www.leparisien.fr\/video\/video-espagne-une-chaine-humaine-pour-denoncer-la-mort-de-millions-de-poissons-29-08-2021-AEYKHZ2KEZC2DA37AMWPBZUDB4.php\" target=\"_blank\" rel=\"noopener\">la lagune de Mar Menor<\/a> menac\u00e9e par la pollution agricole. En France, des citoyens ont demand\u00e9 la reconnaissance des droits de la Garonne, de <a href=\"https:\/\/www.leparisien.fr\/charente-maritime-17\/pollution-acces-a-leau-ils-reclament-des-droits-et-un-statut-pour-proteger-le-fleuve-charente-12-10-2024-ITVQ6KNWWBADVAZ3N25374EIVE.php\" target=\"_blank\" rel=\"noopener\">la Charente<\/a> ou encore du Rh\u00f4ne.<\/p>\n","protected":false},"excerpt":{"rendered":"Ils se rencontrent pour la premi\u00e8re fois ce samedi pour plancher sur une question pas si \u00e9vidente\u00a0: comment&hellip;\n","protected":false},"author":2,"featured_media":6426,"comment_status":"","ping_status":"","sticky":false,"template":"","format":"standard","meta":{"footnotes":""},"categories":[1888],"tags":[11,1777,674,1011,27,3746,1944,12,626,25],"class_list":{"0":"post-6425","1":"post","2":"type-post","3":"status-publish","4":"format-standard","5":"has-post-thumbnail","7":"category-paris","8":"tag-actualites","9":"tag-eu","10":"tag-europe","11":"tag-fr","12":"tag-france","13":"tag-futurs","14":"tag-ma-ville","15":"tag-news","16":"tag-paris","17":"tag-republique-francaise"},"share_on_mastodon":{"url":"https:\/\/pubeurope.com\/@fr\/114293480163606455","error":""},"_links":{"self":[{"href":"https:\/\/www.europesays.com\/fr\/wp-json\/wp\/v2\/posts\/6425","targetHints":{"allow":["GET"]}}],"collection":[{"href":"https:\/\/www.europesays.com\/fr\/wp-json\/wp\/v2\/posts"}],"about":[{"href":"https:\/\/www.europesays.com\/fr\/wp-json\/wp\/v2\/types\/post"}],"author":[{"embeddable":true,"href":"https:\/\/www.europesays.com\/fr\/wp-json\/wp\/v2\/users\/2"}],"replies":[{"embeddable":true,"href":"https:\/\/www.europesays.com\/fr\/wp-json\/wp\/v2\/comments?post=6425"}],"version-history":[{"count":0,"href":"https:\/\/www.europesays.com\/fr\/wp-json\/wp\/v2\/posts\/6425\/revisions"}],"wp:featuredmedia":[{"embeddable":true,"href":"https:\/\/www.europesays.com\/fr\/wp-json\/wp\/v2\/media\/6426"}],"wp:attachment":[{"href":"https:\/\/www.europesays.com\/fr\/wp-json\/wp\/v2\/media?parent=6425"}],"wp:term":[{"taxonomy":"category","embeddable":true,"href":"https:\/\/www.europesays.com\/fr\/wp-json\/wp\/v2\/categories?post=6425"},{"taxonomy":"post_tag","embeddable":true,"href":"https:\/\/www.europesays.com\/fr\/wp-json\/wp\/v2\/tags?post=6425"}],"curies":[{"name":"wp","href":"https:\/\/api.w.org\/{rel}","templated":true}]}}