{"id":642502,"date":"2026-01-05T12:58:10","date_gmt":"2026-01-05T12:58:10","guid":{"rendered":"https:\/\/www.europesays.com\/fr\/642502\/"},"modified":"2026-01-05T12:58:10","modified_gmt":"2026-01-05T12:58:10","slug":"la-neige-va-sabattre-en-ile-de-france-a-quoi-sattendre","status":"publish","type":"post","link":"https:\/\/www.europesays.com\/fr\/642502\/","title":{"rendered":"la neige va s\u2019abattre en \u00cele-de-France, \u00e0 quoi s&rsquo;attendre"},"content":{"rendered":"<p>L\u2019hiver frappe fort et sans d\u00e9tour. D\u00e8s ce lundi apr\u00e8s-midi, la<br \/>\nneige s\u2019invite en \u00cele-de-France, pla\u00e7ant l\u2019ensemble de la r\u00e9gion en<br \/>\nvigilance orange neige-verglas. Un \u00e9pisode hivernal bref mais<br \/>\nintense, avec jusqu\u2019\u00e0 5 centim\u00e8tres de cumul localement, des routes<br \/>\nglissantes et un risque \u00e9lev\u00e9 de perturbations, notamment aux<br \/>\nheures de pointe.<\/p>\n<p>Jusqu\u2019\u00e0 5 cm de neige attendus, surtout entre 15 h et 19 h<\/p>\n<p data-start=\"1142\" data-end=\"1413\"><a href=\"https:\/\/monjardinmamaison.maison-travaux.fr\/mon-jardin-ma-maison\/actualites-jardin\/exclu-hiver-polaire-tempetes-record-attention-aux-intox-meteo-france-devoile-comment-naissent-les-fake-news-meteo-et-comment-les-reconnaitre-521413.html\" target=\"_blank\" rel=\"noopener\"><br \/>\nSelon <strong data-start=\"1148\" data-end=\"1189\"><br \/>\nM\u00e9t\u00e9o-France<\/strong>,<\/a> les premi\u00e8res chutes de neige<br \/>\nsont attendues <strong data-start=\"1236\" data-end=\"1274\">\u00e0 partir<br \/>\ndu milieu de l\u2019apr\u00e8s-midi<\/strong>. La p\u00e9riode la plus d\u00e9licate se<br \/>\nsitue <strong data-start=\"1313\" data-end=\"1335\">entre 15 h et 19<br \/>\nh<\/strong>, un cr\u00e9neau particuli\u00e8rement sensible en raison des<br \/>\nretours domicile-travail.<\/p>\n<p data-start=\"1415\" data-end=\"1788\">Les cumuls devraient rester<br \/>\nmod\u00e9r\u00e9s- <strong data-start=\"1453\" data-end=\"1476\">2 \u00e0 3 cm en<br \/>\nmoyenne<\/strong>, mais <strong data-start=\"1483\" data-end=\"1510\">jusqu\u2019\u00e0 5 cm localement-<\/strong> tout en \u00e9tant suffisants<br \/>\npour provoquer des difficult\u00e9s. La situation reste toutefois<br \/>\n<strong data-start=\"1599\" data-end=\"1637\">tr\u00e8s d\u00e9pendante de<br \/>\nparam\u00e8tres fins<\/strong> : temp\u00e9rature proche de 0 \u00b0C, orientation<br \/>\ndu vent, altitude et relief local. Une variation minime peut faire<br \/>\nbasculer la pluie en neige\u2026 ou l\u2019inverse. Tous les d\u00e9partements<br \/>\nfranciliens passent officiellement en vigilance orange \u00e0 partir de<br \/>\n<strong data-start=\"1879\" data-end=\"1887\">15 h<\/strong>,<br \/>\n<strong data-start=\"1889\" data-end=\"1927\">sauf les Yvelines et le<br \/>\nVal-d\u2019Oise<\/strong>, concern\u00e9s d\u00e8s <strong data-start=\"1943\" data-end=\"1951\">13 h<\/strong>, la perturbation arrivant par le<br \/>\nnord-ouest.<\/p>\n<p>Verglas, gel intense et<br \/>\nrisque d\u2019orage de neige : une situation pi\u00e9geuse<\/p>\n<p data-start=\"2084\" data-end=\"2304\">Au-del\u00e0 des flocons,<br \/>\n<strong data-start=\"2105\" data-end=\"2150\">le verglas constitue la<br \/>\nprincipale menace<\/strong>. Les sols, d\u00e9j\u00e0 tr\u00e8s froids, favorisent<br \/>\nune <strong data-start=\"2195\" data-end=\"2237\">formation rapide de<br \/>\nplaques glissantes<\/strong>, y compris sur des axes secondaires ou<br \/>\nhabituellement peu expos\u00e9s.<\/p>\n<p data-start=\"2306\" data-end=\"2512\">La nuit de lundi \u00e0 mardi<br \/>\ns\u2019annonce particuli\u00e8rement rigoureuse, avec des temp\u00e9ratures<br \/>\ndescendant jusqu\u2019\u00e0 <strong data-start=\"2411\" data-end=\"2448\">-5 \u00b0C,<br \/>\nvoire davantage localement<\/strong>, ce qui emp\u00eachera toute<br \/>\nam\u00e9lioration apr\u00e8s les chutes de neige.<\/p>\n<p data-start=\"2514\" data-end=\"2870\">Autre \u00e9l\u00e9ment surveill\u00e9 de<br \/>\npr\u00e8s : le <strong data-start=\"2551\" data-end=\"2578\">risque d\u2019orage<br \/>\nde <a href=\"https:\/\/monjardinmamaison.maison-travaux.fr\/actualite\/verglas-neige-froid-intense-les-regions-a-surveiller-des-la-premiere-semaine-de-janvier-selon-meteo-france-521247.html\" target=\"_blank\" rel=\"noopener\"><br \/>\nneige<\/a><\/strong>. L\u2019observatoire <strong data-start=\"2595\" data-end=\"2636\"><br \/>\nKeraunos<\/strong> \u00e9voque une configuration propice \u00e0 des<br \/>\ncellules instables, en raison d\u2019un contraste thermique tr\u00e8s marqu\u00e9<br \/>\nentre l\u2019altitude et le sol. Ce ph\u00e9nom\u00e8ne, rare mais spectaculaire,<br \/>\npourrait concerner en priorit\u00e9 les r\u00e9gions les plus au nord.<\/p>\n<blockquote class=\"twitter-tweet\"><p><a class=\"twitter-link\" rel=\"noindex, nofollow noopener\" href=\"https:\/\/twitter.com\/meteofrance\/status\/2008088414118420672\" target=\"_blank\"><\/p><\/blockquote>\n<p>Des d\u00e9placements fortement<br \/>\nd\u00e9conseill\u00e9s, un nouvel \u00e9pisode d\u00e9j\u00e0 envisag\u00e9<\/p>\n<p data-start=\"2958\" data-end=\"3231\">Dans une r\u00e9gion<br \/>\n<strong data-start=\"2974\" data-end=\"3025\">peu \u00e9quip\u00e9e pour<br \/>\naffronter des \u00e9pisodes neigeux<\/strong>, la prudence est vivement<br \/>\nrecommand\u00e9e. Les autorit\u00e9s invitent \u00e0 <strong data-start=\"3090\" data-end=\"3118\">limiter les d\u00e9placements<\/strong>, en particulier<br \/>\nen voiture, et \u00e0 anticiper d\u2019\u00e9ventuelles perturbations sur les<br \/>\nr\u00e9seaux routiers et ferroviaires.<\/p>\n<p data-start=\"3233\" data-end=\"3401\">Les souvenirs restent encore<br \/>\nvifs : en f\u00e9vrier 2018, <strong data-start=\"3286\" data-end=\"3318\">plus de 2 000 automobilistes<\/strong> avaient \u00e9t\u00e9 bloqu\u00e9s<br \/>\ntoute une nuit sur la N118 apr\u00e8s une chute de <a href=\"https:\/\/monjardinmamaison.maison-travaux.fr\/mon-jardin-ma-maison\/ne-laissez-surtout-pas-la-neige-sur-ces-22-plantes-de-votre-jardin-le-risque-invisible-qui-les-deforme-a-vie-521320.html\" target=\"_blank\" rel=\"noopener\"><br \/>\nneige<\/a> similaire.<\/p>\n<p data-start=\"3403\" data-end=\"3619\">Et l\u2019\u00e9pisode pourrait ne pas<br \/>\ns\u2019arr\u00eater l\u00e0. <strong data-start=\"3446\" data-end=\"3481\">D\u00e8s la nuit<br \/>\nde mardi \u00e0 mercredi<\/strong>, un <strong data-start=\"3486\" data-end=\"3512\">nouvel \u00e9pisode neigeux<\/strong> est d\u00e9j\u00e0 envisag\u00e9,<br \/>\navec des <strong data-start=\"3541\" data-end=\"3583\">cumuls<br \/>\npotentiellement plus importants<\/strong>, dans un contexte de froid<br \/>\ndurable.<\/p>\n<p data-start=\"3621\" data-end=\"3884\">Pour la semaine du<br \/>\n<strong data-start=\"3640\" data-end=\"3664\">5 au 11 janvier<br \/>\n2026<\/strong>, les temp\u00e9ratures devraient osciller entre<br \/>\n<strong data-start=\"3708\" data-end=\"3726\">-10 \u00b0C et 8 \u00b0C<\/strong>,<br \/>\nfaisant de cette p\u00e9riode <strong data-start=\"3753\" data-end=\"3791\">la plus froide depuis f\u00e9vrier 2018<\/strong> \u00e0<br \/>\n<strong data-start=\"3794\" data-end=\"3835\"><br \/>\nParis<\/strong> et en <strong data-start=\"3842\" data-end=\"3883\"><br \/>\n\u00cele-de-France<\/strong>.<\/p>\n<p><script async src=\"https:\/\/platform.twitter.com\/widgets.js\" charset=\"utf-8\"><\/script><\/p>\n","protected":false},"excerpt":{"rendered":"L\u2019hiver frappe fort et sans d\u00e9tour. D\u00e8s ce lundi apr\u00e8s-midi, la neige s\u2019invite en \u00cele-de-France, pla\u00e7ant l\u2019ensemble de&hellip;\n","protected":false},"author":2,"featured_media":642503,"comment_status":"","ping_status":"","sticky":false,"template":"","format":"standard","meta":{"footnotes":""},"categories":[1592],"tags":[13041,1111,11,3477,1805,74920,3026,1777,674,1011,27,3838,4323,662,4743,10584,12,626,13462,5577,74922,25,4510,34079,74921,18728,32571,800,29721,6013],"class_list":{"0":"post-642502","1":"post","2":"type-post","3":"status-publish","4":"format-standard","5":"has-post-thumbnail","7":"category-ile-de-france","8":"tag-a","9":"tag-actu","10":"tag-actualites","11":"tag-cette","12":"tag-de","13":"tag-dorage","14":"tag-en","15":"tag-eu","16":"tag-europe","17":"tag-fr","18":"tag-france","19":"tag-heure","20":"tag-ile","21":"tag-ile-de-france","22":"tag-la","23":"tag-neige","24":"tag-news","25":"tag-paris","26":"tag-precise","27":"tag-quoi","28":"tag-reellement","29":"tag-republique-francaise","30":"tag-risque","31":"tag-sattendre","32":"tag-sabattre","33":"tag-scolaires","34":"tag-suspendus","35":"tag-transports","36":"tag-va","37":"tag-voici"},"share_on_mastodon":{"url":"https:\/\/pubeurope.com\/@fr\/115842613513875677","error":""},"_links":{"self":[{"href":"https:\/\/www.europesays.com\/fr\/wp-json\/wp\/v2\/posts\/642502","targetHints":{"allow":["GET"]}}],"collection":[{"href":"https:\/\/www.europesays.com\/fr\/wp-json\/wp\/v2\/posts"}],"about":[{"href":"https:\/\/www.europesays.com\/fr\/wp-json\/wp\/v2\/types\/post"}],"author":[{"embeddable":true,"href":"https:\/\/www.europesays.com\/fr\/wp-json\/wp\/v2\/users\/2"}],"replies":[{"embeddable":true,"href":"https:\/\/www.europesays.com\/fr\/wp-json\/wp\/v2\/comments?post=642502"}],"version-history":[{"count":0,"href":"https:\/\/www.europesays.com\/fr\/wp-json\/wp\/v2\/posts\/642502\/revisions"}],"wp:featuredmedia":[{"embeddable":true,"href":"https:\/\/www.europesays.com\/fr\/wp-json\/wp\/v2\/media\/642503"}],"wp:attachment":[{"href":"https:\/\/www.europesays.com\/fr\/wp-json\/wp\/v2\/media?parent=642502"}],"wp:term":[{"taxonomy":"category","embeddable":true,"href":"https:\/\/www.europesays.com\/fr\/wp-json\/wp\/v2\/categories?post=642502"},{"taxonomy":"post_tag","embeddable":true,"href":"https:\/\/www.europesays.com\/fr\/wp-json\/wp\/v2\/tags?post=642502"}],"curies":[{"name":"wp","href":"https:\/\/api.w.org\/{rel}","templated":true}]}}