{"id":642508,"date":"2026-01-05T13:01:13","date_gmt":"2026-01-05T13:01:13","guid":{"rendered":"https:\/\/www.europesays.com\/fr\/642508\/"},"modified":"2026-01-05T13:01:13","modified_gmt":"2026-01-05T13:01:13","slug":"perimes-non-utilises-deja-entames-comment-trier-les-medicaments-de-son-armoire-a","status":"publish","type":"post","link":"https:\/\/www.europesays.com\/fr\/642508\/","title":{"rendered":"P\u00e9rim\u00e9s, non-utilis\u00e9s, d\u00e9j\u00e0 entam\u00e9s\u2026 Comment trier les m\u00e9dicaments de son armoire \u00e0"},"content":{"rendered":"<p>En moyenne, un fran\u00e7ais consomme <a href=\"https:\/\/sante.ouest-france.fr\/medicament\/video-voici-les-medicaments-les-plus-consommes-en-france-4d29b4ab-84f8-47d6-9839-afc528c7ce2e\" target=\"_self\" rel=\"noopener\">41\u00a0bo\u00eetes de m\u00e9dicaments par an<\/a>, selon un rapport de l\u2019Assurance-Maladie paru en 2024. La plupart sont utilis\u00e9s mais certains restent au fond du placard, sont oubli\u00e9s dans un sac \u00e0 main ou sur une table de nuit. Il est donc important de faire son tri r\u00e9guli\u00e8rement, une \u00e0 deux fois par an, pour limiter les risques de m\u00e9susage ou d\u2019accidents domestiques. Tous les m\u00e9dicaments p\u00e9rim\u00e9s, entam\u00e9s depuis trop longtemps ou non utilis\u00e9s doivent \u00eatre ramen\u00e9s \u00e0 son pharmacien. La notice et la bo\u00eete en carton sont \u00e0 jeter au pr\u00e9alable dans le bac jaune. Ces m\u00e9dicaments seront ensuite pris en charge et incin\u00e9r\u00e9s par Cyclamed, l\u2019organisme officiel de collecte, afin <a href=\"https:\/\/www.ouest-france.fr\/pays-de-la-loire\/loire-atlantique\/residus-de-medicaments-dans-leau-potable-cest-une-problematique-quon-continue-de-suivre-f9857552-1b9c-11f0-a759-74724e64dd56#:~:text=Presse%20Oc%C3%A9an%20%3A%20Que%20sait-on,eaux%20et%20de%20la%20biodiversit%C3%A9.\" target=\"_self\" rel=\"noopener\">d\u2019\u00e9viter une pollution de l\u2019eau et des sols.<\/a><\/p>\n<p>M\u00e9dicament ou cosm\u00e9tique\u00a0?<\/p>\n<p>Quant aux produits cosm\u00e9tiques (cr\u00e8me solaire, lotions), la plupart d\u2019entre eux sont \u00e0 jeter dans la poubelle noire. La page \u00ab\u00a0Que faire de mes objets et d\u00e9chets\u00a0\u00bb sur le site de l\u2019Agence de la transition \u00e9cologique (l\u2019Ademe) permet de s\u2019en assurer. \u00a0Si on ne sait pas si notre produit est un cosm\u00e9tique ou un m\u00e9dicament, on peut entrer son nom dans la barre de recherche du site de Cyclamed,\u00a0compl\u00e8te Laurent Wilmouth, pharmacien et directeur g\u00e9n\u00e9ral de l\u2019organisme de collecte.\u00a0A priori, un dentifrice n\u2019est pas un m\u00e9dicament mais certains sont consid\u00e9r\u00e9s comme tel car ils ont une grande concentration de fluor.\u00a0Mieux vaut donc v\u00e9rifier.<\/p>\n<p>R\u00e9duire la tentation de l\u2019autom\u00e9dication<\/p>\n<p>Faire ce tri permet de limiter les risques pour la sant\u00e9, car un m\u00e9dicament p\u00e9rim\u00e9 est moins efficace et peut parfois devenir toxique pour l\u2019organisme. Chaque ann\u00e9e, plus de 10\u00a0000\u00a0d\u00e9c\u00e8s ont pour origine un mauvais usage du m\u00e9dicament selon l\u2019Association pour le bon usage du m\u00e9dicament (ABUM). \u00a0On peut aussi \u00eatre tent\u00e9s de reprendre un comprim\u00e9 qui tra\u00eene, car on a les m\u00eames sympt\u00f4mes que la derni\u00e8re fois. Un des risques c\u2019est de prendre des antibiotiques de mani\u00e8re inadapt\u00e9e, ce qui g\u00e9n\u00e8re de l\u2019antibior\u00e9sistance\u00a0, alerte Laurent Wilmouth.<\/p>\n<p><strong>Lire aussi\u00a0: <\/strong> <a href=\"https:\/\/www.ouest-france.fr\/leditiondusoir\/2023-10-10\/peut-on-encore-prendre-des-medicaments-quand-ils-sont-perimes-48cffa78-cd6f-42f9-8e32-0dcac2f4ce06\" target=\"_self\" rel=\"noopener\"> <strong>Peut-on encore prendre des m\u00e9dicaments quand ils sont p\u00e9rim\u00e9s\u00a0?<\/strong> <\/a><\/p>\n<p>Ce rangement peut \u00eatre l\u2019occasion de v\u00e9rifier l\u2019emplacement de son armoire \u00e0 pharmacie. Pour que les m\u00e9dicaments soient bien conserv\u00e9s, elle doit \u00eatre situ\u00e9e dans un endroit sec, \u00e0 l\u2019abri de la lumi\u00e8re et de la chaleur. Il vaut mieux \u00e9viter la salle de bains et la cuisine. \u00a0Je conseille de faire un \u00e9tage pour les adultes et un pour les enfants car les dosages sont diff\u00e9rents, souligne Laurent Wilmouth.\u00a0On peut aussi tenir une liste \u00e0 jour avec le nom du m\u00e9dicament, sa date d\u2019ouverture et sa date de p\u00e9remption, ou l\u2019\u00e9crire directement sur la bo\u00eete. Et a  vant d\u2019aller chercher du parac\u00e9tamol en pharmacie parce que le m\u00e9decin nous en a prescrit, on peut v\u00e9rifier si on n\u2019en a pas d\u00e9j\u00e0 suffisamment chez nous, pour \u00e9viter le  <a href=\"https:\/\/sante.ouest-france.fr\/medicament\/medicaments-jetes-cinq-chiffres-fous-qui-illustrent-limmense-gaspillage-en-france-fce39efe-8c8f-11f0-9f3f-49e6e42c3bbc\" target=\"_self\" rel=\"noopener\"> gaspillage. <\/a> \u00a0 En 2024, sur les 9\u00a0960\u00a0tonnes de m\u00e9dicaments non utilis\u00e9s recens\u00e9es en France, Cyclamed en a collect\u00e9 7\u00a0975\u00a0tonnes. \u00a0L\u2019\u00e9quivalent de 2\u00a0bo\u00eetes et demie par personne\u00a0\u00bb, pr\u00e9cise le pharmacien de formation.<\/p>\n<p>\u00a0<\/p>\n","protected":false},"excerpt":{"rendered":"En moyenne, un fran\u00e7ais consomme 41\u00a0bo\u00eetes de m\u00e9dicaments par an, selon un rapport de l\u2019Assurance-Maladie paru en 2024.&hellip;\n","protected":false},"author":2,"featured_media":642509,"comment_status":"","ping_status":"","sticky":false,"template":"","format":"standard","meta":{"footnotes":""},"categories":[1888],"tags":[11,32837,1442,74925,1777,674,1011,27,2047,16292,12,74924,626,74923,15299,25,65819],"class_list":{"0":"post-642508","1":"post","2":"type-post","3":"status-publish","4":"format-standard","5":"has-post-thumbnail","7":"category-paris","8":"tag-actualites","9":"tag-armoire","10":"tag-deja","11":"tag-entames","12":"tag-eu","13":"tag-europe","14":"tag-fr","15":"tag-france","16":"tag-mans","17":"tag-medicaments","18":"tag-news","19":"tag-non-utilises","20":"tag-paris","21":"tag-perimes","22":"tag-pharmacie","23":"tag-republique-francaise","24":"tag-trier"},"share_on_mastodon":{"url":"https:\/\/pubeurope.com\/@fr\/115842625323035328","error":""},"_links":{"self":[{"href":"https:\/\/www.europesays.com\/fr\/wp-json\/wp\/v2\/posts\/642508","targetHints":{"allow":["GET"]}}],"collection":[{"href":"https:\/\/www.europesays.com\/fr\/wp-json\/wp\/v2\/posts"}],"about":[{"href":"https:\/\/www.europesays.com\/fr\/wp-json\/wp\/v2\/types\/post"}],"author":[{"embeddable":true,"href":"https:\/\/www.europesays.com\/fr\/wp-json\/wp\/v2\/users\/2"}],"replies":[{"embeddable":true,"href":"https:\/\/www.europesays.com\/fr\/wp-json\/wp\/v2\/comments?post=642508"}],"version-history":[{"count":0,"href":"https:\/\/www.europesays.com\/fr\/wp-json\/wp\/v2\/posts\/642508\/revisions"}],"wp:featuredmedia":[{"embeddable":true,"href":"https:\/\/www.europesays.com\/fr\/wp-json\/wp\/v2\/media\/642509"}],"wp:attachment":[{"href":"https:\/\/www.europesays.com\/fr\/wp-json\/wp\/v2\/media?parent=642508"}],"wp:term":[{"taxonomy":"category","embeddable":true,"href":"https:\/\/www.europesays.com\/fr\/wp-json\/wp\/v2\/categories?post=642508"},{"taxonomy":"post_tag","embeddable":true,"href":"https:\/\/www.europesays.com\/fr\/wp-json\/wp\/v2\/tags?post=642508"}],"curies":[{"name":"wp","href":"https:\/\/api.w.org\/{rel}","templated":true}]}}