{"id":642513,"date":"2026-01-05T13:04:12","date_gmt":"2026-01-05T13:04:12","guid":{"rendered":"https:\/\/www.europesays.com\/fr\/642513\/"},"modified":"2026-01-05T13:04:12","modified_gmt":"2026-01-05T13:04:12","slug":"ukraine-des-frappes-russes-touchent-une-clinique-a-kiev-et-font-deux-morts-actualites","status":"publish","type":"post","link":"https:\/\/www.europesays.com\/fr\/642513\/","title":{"rendered":"Ukraine: des frappes russes touchent une clinique \u00e0 Kiev et font deux morts : Actualit\u00e9s"},"content":{"rendered":"<p class=\"lead \">Des frappes russes ont touch\u00e9 lundi une clinique \u00e0 Kiev, entra\u00eenant une \u00e9vacuation en pleine nuit et sous un froid polaire, et tu\u00e9 deux personnes dont un patient, \u00e0 la veille d&rsquo;une r\u00e9union des alli\u00e9s de l&rsquo;Ukraine visant \u00e0 relancer les efforts diplomatiques pour r\u00e9gler le conflit.<\/p>\n<p class=\"lead \">Des alertes antia\u00e9riennes ont retenti au cours de la nuit sur tout le territoire ukrainien, vis\u00e9 par 165 drones selon le pr\u00e9sident Volodymyr Zelensky, qui a rapport\u00e9 de nouvelles coupures d&rsquo;\u00e9lectricit\u00e9.<\/p>\n<p class=\"lead \">A Kiev, une clinique priv\u00e9e a \u00e9t\u00e9 touch\u00e9e, provoquant un incendie et faisant un mort et trois bless\u00e9s, selon les services de secours qui ont diffus\u00e9 des images montrant l&rsquo;\u00e9vacuation de patients sur des brancards.<\/p>\n<p class=\"lead \">Margaryta Maliovana, la directrice de la clinique, a t\u00e9moign\u00e9 aupr\u00e8s de l&rsquo;AFP d&rsquo;une \u00ab\u00a0nuit terrible\u00a0\u00bb. Selon elle, 26 patients se trouvaient sur place au moment de l&rsquo;impact et un homme de 30 ans a trouv\u00e9 la mort.<\/p>\n<p class=\"lead \">\u00ab\u00a0Il y a des bless\u00e9s l\u00e9gers, mais ils ont \u00e9t\u00e9 soign\u00e9s \u00e0 la clinique \u2013 quelques \u00e9gratignures ici et l\u00e0, quelques personnes \u00e9taient stress\u00e9es\u00a0\u00bb, a-t-elle ajout\u00e9.<\/p>\n<p class=\"lead \">\u00ab\u00a0Nous dormions, comme d&rsquo;habitude. Et soudain, il y a eu une explosion. Nous nous sommes r\u00e9veill\u00e9s, sans comprendre (&#8230;) Puis nous avons vu de la fum\u00e9e\u00a0\u00bb, a rapport\u00e9 Vitaly Chlia\u00efev, un retrait\u00e9 81 ans qui habite \u00e0 proximit\u00e9.<\/p>\n<p class=\"lead \">Dans la p\u00e9riph\u00e9rie de la capitale, les bombardements ont touch\u00e9 plusieurs habitations et infrastructures essentielles, tuant un homme dans la localit\u00e9 de Fastiv, a indiqu\u00e9 le gouverneur Mykola Kalachnyk sur Telegram.<\/p>\n<p class=\"lead \">Les frappes ont provoqu\u00e9 des coupures de courant, n\u00e9cessitant le d\u00e9clenchement de syst\u00e8mes de secours pour maintenir l&rsquo;approvisionnement en eau et chauffage, a pr\u00e9cis\u00e9 le responsable, alors que les temp\u00e9ratures nocturnes sont tomb\u00e9es \u00e0 -8\u00b0C.<\/p>\n<p class=\"lead \">&#8211; Guerre ou diplomatie &#8211;<\/p>\n<p class=\"lead \">Ces attaques interviennent \u00e0 la veille d&rsquo;une r\u00e9union \u00e0 Paris de pays soutenant Kiev pour tenter d&rsquo;avancer en vue d&rsquo;un r\u00e8glement du conflit qui entrera bient\u00f4t dans sa cinqui\u00e8me ann\u00e9e.<\/p>\n<p class=\"lead \">Pour pr\u00e9parer la rencontre, des conseillers \u00e0 la s\u00e9curit\u00e9 de 15 pays, dont la France, l&rsquo;Allemagne et le Canada, ainsi que des repr\u00e9sentants de l&rsquo;UE et de l&rsquo;Otan, se sont r\u00e9unis \u00e0 Kiev samedi.<\/p>\n<p class=\"lead \">L&rsquo;\u00e9missaire de Donald Trump, Steve Witkoff, a particip\u00e9 \u00e0 distance aux discussions, consacr\u00e9es aux d\u00e9tails de la derni\u00e8re mouture du plan de sortie du conflit pr\u00e9sent\u00e9 par les Etats-Unis et n\u00e9goci\u00e9 avec Kiev.<\/p>\n<p class=\"lead \">Une autre r\u00e9union, pr\u00e9paratoire, entre chefs d&rsquo;\u00e9tat-major, est pr\u00e9vue lundi.<\/p>\n<p class=\"lead \">Cette s\u00e9rie de discussions vise \u00e0 \u00ab\u00a0apporter une contribution suppl\u00e9mentaire \u00e0 la d\u00e9fense (ukrainienne) et \u00e0 acc\u00e9l\u00e9rer la fin de la guerre\u00a0\u00bb, a d\u00e9clar\u00e9 dimanche soir le pr\u00e9sident Volodymyr Zelensky.<\/p>\n<p class=\"lead \">\u00ab\u00a0L&rsquo;Ukraine sera pr\u00eate pour les deux voies possibles: la diplomatie, que nous recherchons, ou la poursuite d&rsquo;une d\u00e9fense active si la pression exerc\u00e9e par nos partenaires sur la Russie s&rsquo;av\u00e8re insuffisante\u00a0\u00bb, a-t-il ajout\u00e9.<\/p>\n<p class=\"lead \">Le pr\u00e9sident russe Vladimir Poutine a lui aussi r\u00e9p\u00e9t\u00e9 ces derni\u00e8res semaines que Moscou atteindrait ses objectifs en Ukraine, soit par la voie des n\u00e9gociations, soit par celle des armes.<\/p>\n<p class=\"lead \">&#8211; Trump met en doute Moscou &#8211;<\/p>\n<p class=\"lead \">Le Kremlin a annonc\u00e9 son intention de \u00ab\u00a0durcir\u00a0\u00bb sa position dans les pourparlers apr\u00e8s avoir accus\u00e9 l&rsquo;Ukraine d&rsquo;avoir voulu viser avec des drones une r\u00e9sidence de Vladimir Poutine, ce que Kiev d\u00e9ment.<\/p>\n<p class=\"lead \">Apr\u00e8s s&rsquo;\u00eatre dans un premier temps dit choqu\u00e9 par l&rsquo;annonce de cette attaque pr\u00e9sum\u00e9e, le pr\u00e9sident am\u00e9ricain Donald Trump a finalement indiqu\u00e9 dimanche ne pas croire \u00ab\u00a0que cette frappe ait eu lieu\u00a0\u00bb.<\/p>\n<p class=\"lead \">Face aux doutes exprim\u00e9s par les Europ\u00e9ens sur la v\u00e9racit\u00e9 de l&rsquo;attaque, Moscou avait diffus\u00e9 une vid\u00e9o montrant des d\u00e9bris d&rsquo;un drone, une carte montrant la trajectoire des engins et le t\u00e9moignage d&rsquo;un homme pr\u00e9sent\u00e9 comme un habitant d&rsquo;un village situ\u00e9 pr\u00e8s de cette r\u00e9sidence.<\/p>\n<p class=\"lead \">Sur le terrain, la Russie a poursuivi ses avanc\u00e9es lundi, revendiquant la capture de la localit\u00e9 de Grabovsk\u00e9 dans la r\u00e9gion de Soumy, dans le nord-est de l&rsquo;Ukraine, o\u00f9 M. Poutine avait ordonn\u00e9 \u00e0 ses troupes de conqu\u00e9rir une \u00ab\u00a0zone tampon\u00a0\u00bb \u00e0 la fronti\u00e8re entre les deux pays.<\/p>\n<p class=\"lead \">L&rsquo;arm\u00e9e russe a r\u00e9alis\u00e9 en Ukraine sa plus forte progression sur le front en 2025 depuis la premi\u00e8re ann\u00e9e de l&rsquo;invasion, s&#8217;emparant de plus de 5.600 km2 de territoire ukrainien, selon l&rsquo;analyse par l&rsquo;AFP de l&rsquo;Institut pour l&rsquo;\u00e9tude de la guerre (ISW), qui travaille avec le Critical Threats Project (CTP), deux centres de r\u00e9flexion am\u00e9ricains sp\u00e9cialis\u00e9s dans l&rsquo;\u00e9tude des conflits.<\/p>\n<p class=\"lead \">La Russie a indiqu\u00e9 pendant le week-end avoir abattu plusieurs centaines de drones ukrainiens, un nombre inhabituellement \u00e9lev\u00e9, dont plusieurs autour de la capitale.<\/p>\n<p class=\"small font-weight-bold text-gray3 \"> publi\u00e9 le 5 janvier \u00e0 12h47, AFP<\/p>\n<p>                             Partager<\/p>\n","protected":false},"excerpt":{"rendered":"Des frappes russes ont touch\u00e9 lundi une clinique \u00e0 Kiev, entra\u00eenant une \u00e9vacuation en pleine nuit et sous&hellip;\n","protected":false},"author":2,"featured_media":642514,"comment_status":"","ping_status":"","sticky":false,"template":"","format":"standard","meta":{"footnotes":""},"categories":[1590],"tags":[11,2120,312,1777,674,12,132,1778,220,308],"class_list":{"0":"post-642513","1":"post","2":"type-post","3":"status-publish","4":"format-standard","5":"has-post-thumbnail","7":"category-ukraine","8":"tag-actualites","9":"tag-conflit","10":"tag-diplomatie","11":"tag-eu","12":"tag-europe","13":"tag-news","14":"tag-russie","15":"tag-ue","16":"tag-ukraine","17":"tag-usa"},"share_on_mastodon":{"url":"https:\/\/pubeurope.com\/@fr\/115842637100209060","error":""},"_links":{"self":[{"href":"https:\/\/www.europesays.com\/fr\/wp-json\/wp\/v2\/posts\/642513","targetHints":{"allow":["GET"]}}],"collection":[{"href":"https:\/\/www.europesays.com\/fr\/wp-json\/wp\/v2\/posts"}],"about":[{"href":"https:\/\/www.europesays.com\/fr\/wp-json\/wp\/v2\/types\/post"}],"author":[{"embeddable":true,"href":"https:\/\/www.europesays.com\/fr\/wp-json\/wp\/v2\/users\/2"}],"replies":[{"embeddable":true,"href":"https:\/\/www.europesays.com\/fr\/wp-json\/wp\/v2\/comments?post=642513"}],"version-history":[{"count":0,"href":"https:\/\/www.europesays.com\/fr\/wp-json\/wp\/v2\/posts\/642513\/revisions"}],"wp:featuredmedia":[{"embeddable":true,"href":"https:\/\/www.europesays.com\/fr\/wp-json\/wp\/v2\/media\/642514"}],"wp:attachment":[{"href":"https:\/\/www.europesays.com\/fr\/wp-json\/wp\/v2\/media?parent=642513"}],"wp:term":[{"taxonomy":"category","embeddable":true,"href":"https:\/\/www.europesays.com\/fr\/wp-json\/wp\/v2\/categories?post=642513"},{"taxonomy":"post_tag","embeddable":true,"href":"https:\/\/www.europesays.com\/fr\/wp-json\/wp\/v2\/tags?post=642513"}],"curies":[{"name":"wp","href":"https:\/\/api.w.org\/{rel}","templated":true}]}}