{"id":642515,"date":"2026-01-05T13:05:15","date_gmt":"2026-01-05T13:05:15","guid":{"rendered":"https:\/\/www.europesays.com\/fr\/642515\/"},"modified":"2026-01-05T13:05:15","modified_gmt":"2026-01-05T13:05:15","slug":"nicolas-maduro-bientot-devant-la-justice-americaine-emmanuel-macron-critique-finalement-la-methode-employee-par-les-etats-unis","status":"publish","type":"post","link":"https:\/\/www.europesays.com\/fr\/642515\/","title":{"rendered":"Nicolas Maduro bient\u00f4t devant la justice am\u00e9ricaine, Emmanuel Macron critique finalement la \u00ab\u00a0m\u00e9thode employ\u00e9e\u00a0\u00bb par les Etats-Unis"},"content":{"rendered":"<p>   Des figures de l\u2019opposition v\u00e9n\u00e9zu\u00e9lienne affirment leur intention de participer \u00e0 la transition politique \u00ab\u00a0quand des garanties seront apport\u00e9es\u00a0\u00bb pour leur s\u00e9curit\u00e9             <\/p>\n<p class=\"post__live-container--answer-text post__space-node\">Au sein de l\u2019opposition v\u00e9n\u00e9zu\u00e9lienne, \u00ab\u00a0le jour\u00a0J, attendu par beaucoup depuis plus d\u2019une d\u00e9cennie [d\u2019un pays sans Nicolas Maduro], n\u2019a pas donn\u00e9 lieu \u00e0 un soul\u00e8vement populaire ni \u00e0 une explosion de joie\u00a0\u00bb, rel\u00e8ve le correspondant du<a href=\"https:\/\/elpais.com\/america\/2026-01-04\/la-paradoja-del-dia-d-de-la-oposicion-venezolana.html\" target=\"_blank\" rel=\"noopener\" title=\"Nouvelle fen\u00eatre\"> journal espagnol El Pais<\/a> dans la r\u00e9gion, Francesco Manetto. Et ce du fait, notamment, de la difficult\u00e9 d\u2019\u00e9valuer les cons\u00e9quences politiques \u00e0 moyen terme de l\u2019op\u00e9ration am\u00e9ricaine.<\/p>\n<p class=\"post__live-container--answer-text post__space-node\">L\u2019opposition est d\u2019ailleurs rest\u00e9e plut\u00f4t silencieuse face \u00e0 la sortie de Donald Trump \u00e9cartant l\u2019option d\u2019amener au pouvoir l\u2019opposante\u00a0Maria Corina Machado, figure de la droite radicale v\u00e9n\u00e9zu\u00e9lienne, estimant qu\u2019elle n\u2019avait \u00ab\u00a0pas le soutien ni le respect au sein de son pays\u00a0\u00bb.<\/p>\n<p class=\"post__live-container--answer-text post__space-node\">Toutefois, plusieurs figures de l\u2019opposition ont affirm\u00e9 \u00e0<a href=\"https:\/\/www.abc.es\/internacional\/lideres-opositores-regresaran-venezuela-den-garantias-20260104195214-nt.html?ref=https%3A%2F%2Fwww.abc.es%2Finternacional%2Flideres-opositores-regresaran-venezuela-den-garantias-20260104195214-nt.html\" target=\"_blank\" rel=\"noopener\" title=\"Nouvelle fen\u00eatre\"> ABC International<\/a> leur d\u00e9termination \u00e0 participer \u00e0 la transition politique v\u00e9n\u00e9zu\u00e9lienne, du moins sur le long terme.<\/p>\n<p class=\"post__live-container--answer-text post__space-node\">\u00ab\u00a0Les leaders de l\u2019opposition reviendront lorsque les conditions de s\u00e9curit\u00e9 seront r\u00e9unies\u00a0\u00bb, assure Estefania Parra, coordinatrice internationale de Volont\u00e9 populaire, parti fond\u00e9 par Leopoldo Lopez, l\u2019une des figures de proue de l\u2019opposition, en exil en Espagne depuis 2020.<\/p>\n<p class=\"post__live-container--answer-text post__space-node\">Son parti affirme \u00eatre d\u00e9termin\u00e9 \u00e0 \u00ab\u00a0accompagner tout processus de transition\u00a0\u00bb, auquel les V\u00e9n\u00e9zu\u00e9liens doivent participer, \u00ab\u00a0car il n\u2019est pas acceptable de remplacer une dictature interne par une dictature externe\u00a0\u00bb. Alors que le Venezuela compte environ 900\u00a0prisonniers politiques, et que la plupart des figures de l\u2019opposition sont en exil, le parti insiste sur la n\u00e9cessit\u00e9 que la r\u00e9pression et la pers\u00e9cution cessent pour permettre leur retour.<\/p>\n<p class=\"post__live-container--answer-text post__space-node\">Carlos Molina Tamayo, un ancien militaire v\u00e9n\u00e9zu\u00e9lien, dissident et r\u00e9fugi\u00e9 en Espagne, d\u00e9ment \u00e9galement aupr\u00e8s du journal ABC l\u2019apparente indiff\u00e9rence de Trump envers l\u2019opposition dans le processus de transition. \u00ab\u00a0A partir de lundi ou au cours de la semaine prochaine, les mesures n\u00e9cessaires \u00e0 la transition commenceront \u00e0 \u00eatre mises en place\u00a0\u00bb. Un processus dans lequel l\u2019opposition \u00ab\u00a0est impliqu\u00e9e\u00a0\u00bb, assure-t-il, m\u00eame si c\u2019est de mani\u00e8re indirecte ou discr\u00e8te au d\u00e9part, afin de prot\u00e9ger ses dirigeants.<\/p>\n","protected":false},"excerpt":{"rendered":"Des figures de l\u2019opposition v\u00e9n\u00e9zu\u00e9lienne affirment leur intention de participer \u00e0 la transition politique \u00ab\u00a0quand des garanties seront&hellip;\n","protected":false},"author":2,"featured_media":642516,"comment_status":"","ping_status":"","sticky":false,"template":"","format":"standard","meta":{"footnotes":""},"categories":[1589],"tags":[11,73,1866,12,1864,1865,1863,308],"class_list":{"0":"post-642515","1":"post","2":"type-post","3":"status-publish","4":"format-standard","5":"has-post-thumbnail","7":"category-etats-unis","8":"tag-actualites","9":"tag-etats-unis","10":"tag-etats-unis-damerique","11":"tag-news","12":"tag-united-states","13":"tag-united-states-of-america","14":"tag-us","15":"tag-usa"},"share_on_mastodon":{"url":"https:\/\/pubeurope.com\/@fr\/115842641000659412","error":""},"_links":{"self":[{"href":"https:\/\/www.europesays.com\/fr\/wp-json\/wp\/v2\/posts\/642515","targetHints":{"allow":["GET"]}}],"collection":[{"href":"https:\/\/www.europesays.com\/fr\/wp-json\/wp\/v2\/posts"}],"about":[{"href":"https:\/\/www.europesays.com\/fr\/wp-json\/wp\/v2\/types\/post"}],"author":[{"embeddable":true,"href":"https:\/\/www.europesays.com\/fr\/wp-json\/wp\/v2\/users\/2"}],"replies":[{"embeddable":true,"href":"https:\/\/www.europesays.com\/fr\/wp-json\/wp\/v2\/comments?post=642515"}],"version-history":[{"count":0,"href":"https:\/\/www.europesays.com\/fr\/wp-json\/wp\/v2\/posts\/642515\/revisions"}],"wp:featuredmedia":[{"embeddable":true,"href":"https:\/\/www.europesays.com\/fr\/wp-json\/wp\/v2\/media\/642516"}],"wp:attachment":[{"href":"https:\/\/www.europesays.com\/fr\/wp-json\/wp\/v2\/media?parent=642515"}],"wp:term":[{"taxonomy":"category","embeddable":true,"href":"https:\/\/www.europesays.com\/fr\/wp-json\/wp\/v2\/categories?post=642515"},{"taxonomy":"post_tag","embeddable":true,"href":"https:\/\/www.europesays.com\/fr\/wp-json\/wp\/v2\/tags?post=642515"}],"curies":[{"name":"wp","href":"https:\/\/api.w.org\/{rel}","templated":true}]}}