{"id":642519,"date":"2026-01-05T13:07:11","date_gmt":"2026-01-05T13:07:11","guid":{"rendered":"https:\/\/www.europesays.com\/fr\/642519\/"},"modified":"2026-01-05T13:07:11","modified_gmt":"2026-01-05T13:07:11","slug":"le-verdissement-de-la-production-delectricite-freine-en-2025","status":"publish","type":"post","link":"https:\/\/www.europesays.com\/fr\/642519\/","title":{"rendered":"le verdissement de la production d&rsquo;\u00e9lectricit\u00e9 frein\u00e9 en 2025"},"content":{"rendered":"<p class=\"fig-paragraph\">La part des \u00e9nergies renouvelables dans la production d&rsquo;<a href=\"http:\/\/www.lefigaro.fr\/conjoncture\/c-est-la-prochaine-generation-qui-devra-payer-premieres-dissensions-dans-le-gouvernement-allemand-sur-la-facture-d-electricite-20250701\" data-fig-type=\"Article\" data-gtm-custom-categorie=\"navigation\" data-gtm-custom-action=\"crossclick\" data-gtm-custom-label=\"Contextuel\" data-gtm-event=\"customEventSPE\" data-fig-domain=\"LEFIGARO\" target=\"_blank\" rel=\"noopener\">\u00e9lectricit\u00e9 allemande\u00a0<\/a>a quasiment stagn\u00e9 en 2025 malgr\u00e9 l&rsquo;essor du solaire, selon des chiffres publi\u00e9s lundi.<\/p>\n<p class=\"fig-paragraph\">L&rsquo;an dernier, les \u00e9nergies propres ont repr\u00e9sent\u00e9 58,8% du mix \u00e9nerg\u00e9tique allemand, soit 0,3 point de pourcentage de plus qu&rsquo;en 2024, d&rsquo;apr\u00e8s le bilan annuel du r\u00e9gulateur allemand de l&rsquo;\u00e9nergie. Le verdissement de la production d&rsquo;\u00e9lectricit\u00e9 marque donc le pas apr\u00e8s de nets progr\u00e8s r\u00e9alis\u00e9s depuis 2021, quand les sources renouvelables (\u00e9olien, solaire, hydraulique&#8230;) ne constituaient que 43% du total.<\/p>\n<p>                                            <a class=\"fig-a11y-skip\" href=\"#fig-a11y-skip-main-inarticle\" data-module=\"a11y-skip\" data-context=\"was @visible\"><br \/>\n    Passer la publicit\u00e9<br \/>\n<\/a>            <\/p>\n<p class=\"fig-paragraph\">Des conditions m\u00e9t\u00e9orologiques d\u00e9favorables &#8211; notamment un vent faible au premier semestre &#8211; se refl\u00e8tent largement dans ces chiffres, explique Konstantin Zerger \u00e0 l&rsquo;AFP, expert de l&rsquo;ONG environnementale DUH. Mais le changement de cap \u00e9nerg\u00e9tique amorc\u00e9 sous le chancelier Friedrich Merz pourrait renforcer cette \u00e9volution. \u00abNous craignons un creux \u00e0 venir\u00bb, la ministre de l&rsquo;\u00e9conomie Katherina Reiche, intronis\u00e9e en mai, ayant promis de r\u00e9duire les subventions aux \u00e9nergies vertes et de s&rsquo;appuyer davantage sur la construction de centrales \u00e0 gaz. La nouvelle coalition men\u00e9e par le conservateur Friedrich Merz pr\u00f4ne une politique \u00e9nerg\u00e9tique plus flexible pour relancer l&rsquo;industrie en crise.<\/p>\n<p>                                            En 2025, l\u2019\u00e9olien est rest\u00e9 la premi\u00e8re source d\u2019\u00e9nergie allemande<\/p>\n<p class=\"fig-paragraph\">En 2025, l&rsquo;\u00e9olien est rest\u00e9 la premi\u00e8re source d&rsquo;\u00e9nergie allemande, avec 30,3% de l&rsquo;\u00e9lectricit\u00e9 totale produite contre 32% en 2024, selon le bilan annuel. Vient ensuite l&rsquo;\u00e9nergie photovolta\u00efque, qui a enregistr\u00e9 la plus forte progression cette ann\u00e9e, grimpant de 14,7% \u00e0 16,9%. \u00abCela s&rsquo;explique principalement par une forte augmentation des capacit\u00e9s de production, de pr\u00e8s de 10 gigawatts, ainsi que par un ensoleillement sup\u00e9rieur \u00e0 la moyenne au printemps et en \u00e9t\u00e9\u00bb, explique le bilan annuel. Le solaire d\u00e9passe ainsi pour la premi\u00e8re fois la part du lignite (charbon brun), qui a recul\u00e9 de 16,4% \u00e0 15,3%.<\/p>\n<p class=\"fig-paragraph\">N\u00e9anmoins, la f\u00e9d\u00e9ration du secteur BSW a demand\u00e9 lundi au gouvernement d&rsquo;\u00ab\u00e9viter absolument une d\u00e9t\u00e9rioration du cadre r\u00e8glementaire\u00bb pour le photovolta\u00efque, notamment des conditions de financement des installations solaires. La part de deux autres \u00e9nergies fossiles, la houille et le gaz naturel, ont pour leur part augment\u00e9 l&rsquo;an dernier.<\/p>\n<p class=\"fig-paragraph\">La coalition allemande assure vouloir pr\u00e9server les objectifs climatiques du pays, c&rsquo;est-\u00e0-dire atteindre 80% d&rsquo;\u00e9nergies vertes dans la production d&rsquo;\u00e9lectricit\u00e9 en 2030 et sortir compl\u00e8tement du charbon d&rsquo;ici 2038. En 2025, l&rsquo;Allemagne est rest\u00e9e importatrice nette d&rsquo;\u00e9lectricit\u00e9, d\u00e9pendante notamment du Danemark et du nucl\u00e9aire fran\u00e7ais, mais a r\u00e9duit l&rsquo;\u00e9cart avec ses exportations, ajoute le rapport.<\/p>\n","protected":false},"excerpt":{"rendered":"La part des \u00e9nergies renouvelables dans la production d&rsquo;\u00e9lectricit\u00e9 allemande\u00a0a quasiment stagn\u00e9 en 2025 malgr\u00e9 l&rsquo;essor du solaire,&hellip;\n","protected":false},"author":2,"featured_media":642520,"comment_status":"","ping_status":"","sticky":false,"template":"","format":"standard","meta":{"footnotes":""},"categories":[1587],"tags":[11,672,1804,1805,1803,579,21253,1777,674,1801,12,1802],"class_list":{"0":"post-642519","1":"post","2":"type-post","3":"status-publish","4":"format-standard","5":"has-post-thumbnail","7":"category-allemagne","8":"tag-actualites","9":"tag-allemagne","10":"tag-bundesrepublik-deutschland","11":"tag-de","12":"tag-deutschland","13":"tag-electricite","14":"tag-energie-renouvelable","15":"tag-eu","16":"tag-europe","17":"tag-germany","18":"tag-news","19":"tag-republique-federale-dallemagne"},"share_on_mastodon":{"url":"https:\/\/pubeurope.com\/@fr\/115842648913184232","error":""},"_links":{"self":[{"href":"https:\/\/www.europesays.com\/fr\/wp-json\/wp\/v2\/posts\/642519","targetHints":{"allow":["GET"]}}],"collection":[{"href":"https:\/\/www.europesays.com\/fr\/wp-json\/wp\/v2\/posts"}],"about":[{"href":"https:\/\/www.europesays.com\/fr\/wp-json\/wp\/v2\/types\/post"}],"author":[{"embeddable":true,"href":"https:\/\/www.europesays.com\/fr\/wp-json\/wp\/v2\/users\/2"}],"replies":[{"embeddable":true,"href":"https:\/\/www.europesays.com\/fr\/wp-json\/wp\/v2\/comments?post=642519"}],"version-history":[{"count":0,"href":"https:\/\/www.europesays.com\/fr\/wp-json\/wp\/v2\/posts\/642519\/revisions"}],"wp:featuredmedia":[{"embeddable":true,"href":"https:\/\/www.europesays.com\/fr\/wp-json\/wp\/v2\/media\/642520"}],"wp:attachment":[{"href":"https:\/\/www.europesays.com\/fr\/wp-json\/wp\/v2\/media?parent=642519"}],"wp:term":[{"taxonomy":"category","embeddable":true,"href":"https:\/\/www.europesays.com\/fr\/wp-json\/wp\/v2\/categories?post=642519"},{"taxonomy":"post_tag","embeddable":true,"href":"https:\/\/www.europesays.com\/fr\/wp-json\/wp\/v2\/tags?post=642519"}],"curies":[{"name":"wp","href":"https:\/\/api.w.org\/{rel}","templated":true}]}}