{"id":642521,"date":"2026-01-05T13:08:16","date_gmt":"2026-01-05T13:08:16","guid":{"rendered":"https:\/\/www.europesays.com\/fr\/642521\/"},"modified":"2026-01-05T13:08:16","modified_gmt":"2026-01-05T13:08:16","slug":"surnomme-le-plus-bel-endroit-du-monde-ce-joyau-de-leurope-est-peu-frequente-et-pas-cher","status":"publish","type":"post","link":"https:\/\/www.europesays.com\/fr\/642521\/","title":{"rendered":"Surnomm\u00e9 \u00ab\u00a0le plus bel endroit du monde\u00a0\u00bb, ce joyau de l&rsquo;Europe est peu fr\u00e9quent\u00e9 et pas cher"},"content":{"rendered":"<p class=\"app_entry_lead\">\n<p>                    <a title=\"\u00a0\u00a9\u00a0Suzanne Plumette - Adobe Stock\" href=\"https:\/\/www.europesays.com\/fr\/wp-content\/uploads\/2026\/01\/83984145.jpg\" class=\"fancy\"><\/p>\n<p>                            <img loading=\"lazy\" decoding=\"async\" src=\"https:\/\/www.europesays.com\/fr\/wp-content\/uploads\/2026\/01\/83984145.jpg\" alt=\"Surnomm\u00e9 &quot;le plus bel endroit du monde&quot;, ce joyau de l'Europe est peu fr\u00e9quent\u00e9 et pas cher\" width=\"1500\" height=\"1000\"\/><\/p>\n<p>                    <\/a><\/p>\n<p>                                    Ce paradis m\u00e9connu en Europe offre des paysages grandioses \u00e0 prix mini et loin de la foule.\n                            <\/p>\n<p>                Je m&rsquo;abonne \u00e0 la newsletter Bons Plans<\/p>\n<p>Vous en avez marre de vous faire bousculer dans les rues des villes les plus touristiques d&rsquo;Europe et de payer vos vacances au prix fort ? Cette destination europ\u00e9enne risque d&rsquo;\u00eatre de plus en plus pris\u00e9e pour ses paysages naturels impressionnants et son absence de foule touristique.\u00a0Cerise sur le g\u00e2teau, elle est l&rsquo;une des moins ch\u00e8res du continent.<\/p>\n<p>Oubliez la Croatie\u00a0: ce pays voisin est la nouvelle perle des Balkans et elle co\u00fbte deux fois moins cher. Avec des nuits \u00e0 30\u00a0euros dans un d\u00e9cor de r\u00eave sans la foule, ce paradis europ\u00e9en est surnomm\u00e9 \u00ab\u00a0le secret le mieux gard\u00e9 du continent\u00a0\u00bb et son lac est d\u00e9crit comme \u00ab\u00a0le plus bel endroit au monde\u00a0\u00bb par les voyageurs.<\/p>\n<p><img decoding=\"async\" alt=\"\" src=\"https:\/\/www.europesays.com\/fr\/wp-content\/uploads\/2026\/01\/83984116.jpg\"\/><br \/>\nLe lac d&rsquo;Ohrid en Mac\u00e9doine du Nord offre un d\u00e9cor de carte postale. \u00a9\u00a0Suzanne Plumette &#8211; Adobe Stock<\/p>\n<p>Etonnamment absente des guides de voyage classiques, la Mac\u00e9doine du Nord offre un d\u00e9cor magique : des sommets sauvages qui se jettent dans des eaux miroir, une nature brute et un calme olympien que les destinations m\u00e9diterran\u00e9ennes ont perdu depuis longtemps.\u00a0L&rsquo;atout majeur du pays est sans conteste le lac d&rsquo;Ohrid class\u00e9 \u00e0 l&rsquo;Unesco : ce r\u00e9servoir d&rsquo;eau cristalline figure parmi les plus anciens et les plus profonds d&rsquo;Europe.\u00a0Entre deux excursions en bateau, on fl\u00e2ne dans ses ruelles pav\u00e9es avant de s&rsquo;installer dans l&rsquo;un des nombreux bars de la rive. L&rsquo;accueil y est chaleureux et l&rsquo;ambiance, apaisante, loin du tumulte des stations m\u00e9diterran\u00e9ennes classiques.<\/p>\n<p>Et c&rsquo;est bien dans ce pays que le terme \u00ab\u00a0bon plan\u00a0\u00bb prend tout son sens. Tandis que l&rsquo;inflation grimpe partout ailleurs, ce territoire propose un co\u00fbt de la vie d\u00e9risoire :\u00a0un repas complet avec des produits locaux gorg\u00e9s de soleil revient au prix d&rsquo;un simple caf\u00e9 en terrasse \u00e0 Paris !\u00a0Les h\u00e9bergements y sont incroyablement accessibles, permettant de prolonger son s\u00e9jour sans jamais v\u00e9rifier son compte en banque&#8230;<\/p>\n<p><img decoding=\"async\" alt=\"\" src=\"https:\/\/www.europesays.com\/fr\/wp-content\/uploads\/2026\/01\/83984158.jpg\"\/><br \/>\nSkopje, capitale de la Mac\u00e9doine du Nord. \u00a9\u00a0kanuman &#8211; stock.adobe.com<\/p>\n<p data-path-to-node=\"5\">\u00c0 trois heures de route, la capitale Skopje surprend par son contraste saisissant. Ville natale de M\u00e8re Teresa, elle m\u00eale modernit\u00e9 audacieuse et charme discret. Le Vieux Bazar, v\u00e9ritable labyrinthe historique, invite \u00e0 la d\u00e9gustation d&rsquo;une rakia traditionnelle dans une atmosph\u00e8re hors du temps.<\/p>\n<p data-path-to-node=\"5\">Mais l&rsquo;aventure ne s&rsquo;arr\u00eate pas \u00e0 la ville. \u00c0 seulement 45\u00a0minutes de bus et \u00e0 un prix du ticket d\u00e9risoire, le canyon de Matka offre \u00e0 la vue des falaises vertigineuses. Entre ses monast\u00e8res m\u00e9di\u00e9vaux, ses sorties en kayak et la grotte de Vrelo (l&rsquo;une des plus profondes du globe), le spectacle naturel est total.<\/p>\n<p>Pour d\u00e9couvrir la Mac\u00e9doine du Nord, la solution la plus simple est l&rsquo;avion. Plusieurs compagnies low-cost comme Wizz Air op\u00e8rent des vols directs vers l&rsquo;a\u00e9roport de Skopje au d\u00e9part de Paris-Beauvais, \u00e0 des tarifs imbattables (comptez entre 50 et 70 euros l&rsquo;aller-retour si vous vous y prenez \u00e0 l&rsquo;avance).\u00a0Une fois sur place, le r\u00e9seau de bus relie la capitale au lac d&rsquo;Ohrid en environ trois heures. Pour plus de libert\u00e9, la location de voiture reste une option peu co\u00fbteuse pour explorer les routes sinueuses des Balkans.<\/p>\n","protected":false},"excerpt":{"rendered":"Ce paradis m\u00e9connu en Europe offre des paysages grandioses \u00e0 prix mini et loin de la foule. Je&hellip;\n","protected":false},"author":2,"featured_media":642522,"comment_status":"","ping_status":"","sticky":false,"template":"","format":"standard","meta":{"footnotes":""},"categories":[1586],"tags":[11,74926,51761,1777,674,51763,1011,27,51979,12,51767,25],"class_list":{"0":"post-642521","1":"post","2":"type-post","3":"status-publish","4":"format-standard","5":"has-post-thumbnail","7":"category-europe","8":"tag-actualites","9":"tag-cms-linternaute-9472632","10":"tag-controller-content","11":"tag-eu","12":"tag-europe","13":"tag-format-papier","14":"tag-fr","15":"tag-france","16":"tag-les-histoires-de-linternaute","17":"tag-news","18":"tag-parallaxeinfeed","19":"tag-republique-francaise"},"share_on_mastodon":{"url":"https:\/\/pubeurope.com\/@fr\/115842652977356594","error":""},"_links":{"self":[{"href":"https:\/\/www.europesays.com\/fr\/wp-json\/wp\/v2\/posts\/642521","targetHints":{"allow":["GET"]}}],"collection":[{"href":"https:\/\/www.europesays.com\/fr\/wp-json\/wp\/v2\/posts"}],"about":[{"href":"https:\/\/www.europesays.com\/fr\/wp-json\/wp\/v2\/types\/post"}],"author":[{"embeddable":true,"href":"https:\/\/www.europesays.com\/fr\/wp-json\/wp\/v2\/users\/2"}],"replies":[{"embeddable":true,"href":"https:\/\/www.europesays.com\/fr\/wp-json\/wp\/v2\/comments?post=642521"}],"version-history":[{"count":0,"href":"https:\/\/www.europesays.com\/fr\/wp-json\/wp\/v2\/posts\/642521\/revisions"}],"wp:featuredmedia":[{"embeddable":true,"href":"https:\/\/www.europesays.com\/fr\/wp-json\/wp\/v2\/media\/642522"}],"wp:attachment":[{"href":"https:\/\/www.europesays.com\/fr\/wp-json\/wp\/v2\/media?parent=642521"}],"wp:term":[{"taxonomy":"category","embeddable":true,"href":"https:\/\/www.europesays.com\/fr\/wp-json\/wp\/v2\/categories?post=642521"},{"taxonomy":"post_tag","embeddable":true,"href":"https:\/\/www.europesays.com\/fr\/wp-json\/wp\/v2\/tags?post=642521"}],"curies":[{"name":"wp","href":"https:\/\/api.w.org\/{rel}","templated":true}]}}