{"id":642527,"date":"2026-01-05T13:11:12","date_gmt":"2026-01-05T13:11:12","guid":{"rendered":"https:\/\/www.europesays.com\/fr\/642527\/"},"modified":"2026-01-05T13:11:12","modified_gmt":"2026-01-05T13:11:12","slug":"direct-vigilance-orange-en-bretagne-premieres-chutes-de-neige-dans-le-finistere-et-les-cotes-darmor","status":"publish","type":"post","link":"https:\/\/www.europesays.com\/fr\/642527\/","title":{"rendered":"DIRECT &#8211; Vigilance orange en Bretagne : premi\u00e8res chutes de neige dans le Finist\u00e8re et les C\u00f4tes-d&rsquo;Armor"},"content":{"rendered":"<p>Neige-verglas : la vigilance orange s&rsquo;\u00e9tend \u00e0 26 d\u00e9partements<\/p>\n<p>La vigilance orange pour neige-verglas a \u00e9t\u00e9 \u00e9tendue \u00e0 26 d\u00e9partements au total, ce lundi, dans les r\u00e9gions s&rsquo;\u00e9tendant de la Bretagne \u00e0 la Normandie et au bassin parisien ainsi que les Pays de Loire et le Poitou-Charentes, a annonc\u00e9 M\u00e9t\u00e9o France. Aux 23 r\u00e9gions d\u00e9j\u00e0 concern\u00e9es en d\u00e9but de matin\u00e9e, l&rsquo;agence de pr\u00e9visions m\u00e9t\u00e9orologiques a ajout\u00e9 dans son bulletin de 10h la Mayenne, la Sarthe et l&rsquo;Eure-et-Loir. M\u00e9t\u00e9o France met en garde contre un \u00ab\u00a0temps toujours tr\u00e8s froid sur la France avec plusieurs perturbations neigeuses p\u00e9n\u00e9trant par les r\u00e9gions c\u00f4ti\u00e8res de la Manche et de la Bretagne en journ\u00e9e de lundi. <\/p>\n<p>\u00ab\u00a0Les chutes de neige ont fait leur apparition lundi matin sur diff\u00e9rents d\u00e9partements normands, perturbant par endroits la circulation routi\u00e8re, dans la Manche ou en Seine-Maritime notamment.\u00a0\u00bb Les valeurs relev\u00e9es vont du saupoudrage \u00e0 3 cm en Normandie, localement 5 \u00e0 7 cm sur les hauteurs\u00a0\u00bb, indique M\u00e9t\u00e9o-France. Les chutes de neige vont continuer \u00e0 se produire dans la matin\u00e9e de lundi sur les d\u00e9partements c\u00f4tiers de la Manche, essentiellement entre Bretagne et Normandie, la tenue au sol est rapide compte-tenu des temp\u00e9ratures n\u00e9gatives, poursuit le bulletin.<\/p>\n","protected":false},"excerpt":{"rendered":"Neige-verglas : la vigilance orange s&rsquo;\u00e9tend \u00e0 26 d\u00e9partements La vigilance orange pour neige-verglas a \u00e9t\u00e9 \u00e9tendue \u00e0&hellip;\n","protected":false},"author":2,"featured_media":642528,"comment_status":"","ping_status":"","sticky":false,"template":"","format":"standard","meta":{"footnotes":""},"categories":[2],"tags":[11,829,2171,765,3321,1011,27,848,3729,10584,74927,12,25,18089],"class_list":{"0":"post-642527","1":"post","2":"type-post","3":"status-publish","4":"format-standard","5":"has-post-thumbnail","7":"category-actualites","8":"tag-actualites","9":"tag-bretagne","10":"tag-cotes-darmor","11":"tag-en-continu","12":"tag-finistere","13":"tag-fr","14":"tag-france","15":"tag-ille-et-vilaine","16":"tag-morbihan","17":"tag-neige","18":"tag-neige-en-bretagne","19":"tag-news","20":"tag-republique-francaise","21":"tag-selection-showcase"},"share_on_mastodon":{"url":"https:\/\/pubeurope.com\/@fr\/115842664656453662","error":""},"_links":{"self":[{"href":"https:\/\/www.europesays.com\/fr\/wp-json\/wp\/v2\/posts\/642527","targetHints":{"allow":["GET"]}}],"collection":[{"href":"https:\/\/www.europesays.com\/fr\/wp-json\/wp\/v2\/posts"}],"about":[{"href":"https:\/\/www.europesays.com\/fr\/wp-json\/wp\/v2\/types\/post"}],"author":[{"embeddable":true,"href":"https:\/\/www.europesays.com\/fr\/wp-json\/wp\/v2\/users\/2"}],"replies":[{"embeddable":true,"href":"https:\/\/www.europesays.com\/fr\/wp-json\/wp\/v2\/comments?post=642527"}],"version-history":[{"count":0,"href":"https:\/\/www.europesays.com\/fr\/wp-json\/wp\/v2\/posts\/642527\/revisions"}],"wp:featuredmedia":[{"embeddable":true,"href":"https:\/\/www.europesays.com\/fr\/wp-json\/wp\/v2\/media\/642528"}],"wp:attachment":[{"href":"https:\/\/www.europesays.com\/fr\/wp-json\/wp\/v2\/media?parent=642527"}],"wp:term":[{"taxonomy":"category","embeddable":true,"href":"https:\/\/www.europesays.com\/fr\/wp-json\/wp\/v2\/categories?post=642527"},{"taxonomy":"post_tag","embeddable":true,"href":"https:\/\/www.europesays.com\/fr\/wp-json\/wp\/v2\/tags?post=642527"}],"curies":[{"name":"wp","href":"https:\/\/api.w.org\/{rel}","templated":true}]}}