{"id":642535,"date":"2026-01-05T13:20:12","date_gmt":"2026-01-05T13:20:12","guid":{"rendered":"https:\/\/www.europesays.com\/fr\/642535\/"},"modified":"2026-01-05T13:20:12","modified_gmt":"2026-01-05T13:20:12","slug":"euskaltel-euskadi-le-velo-2026-actualite","status":"publish","type":"post","link":"https:\/\/www.europesays.com\/fr\/642535\/","title":{"rendered":"Euskaltel-Euskadi : Le v\u00e9lo 2026 &#8211; Actualit\u00e9"},"content":{"rendered":"<p style=\"text-align: justify;\">La formation\u00a0<strong><a href=\"https:\/\/www.directvelo.com\/equipe\/2347\/euskaltel-euskadi\" target=\"_blank\" rel=\"noopener\">Euskaltel-Euskadi<\/a><\/strong> \u00e9voluera toujours en deuxi\u00e8me division mondiale la saison prochaine. La ProTeam basque vient de d\u00e9voiler le v\u00e9lo qu&rsquo;utiliseront le\u00a0sprinteur fran\u00e7ais\u00a0<strong><a href=\"https:\/\/www.directvelo.com\/coureur\/33598\/paul-hennequin\" target=\"_blank\" rel=\"noopener\">Paul Hennequin<\/a>\u00a0<\/strong>et ses co\u00e9quipiers tout au long de la saison. Ils rouleront d\u00e9sormais sur des v\u00e9los Quick Pro, \u00e9quip\u00e9s de roues No Limited. Retrouvez le v\u00e9lo 2026 ci-dessous en photo.\u00a0<\/p>\n<p style=\"text-align: justify;\"><img decoding=\"async\" src=\"https:\/\/www.europesays.com\/fr\/wp-content\/uploads\/2026\/01\/fae3c328-adea-4dc1-93d4-2abb3c2016a2.large.jpg\" alt=\"\" width=\"650\"\/><\/p>\n","protected":false},"excerpt":{"rendered":"La formation\u00a0Euskaltel-Euskadi \u00e9voluera toujours en deuxi\u00e8me division mondiale la saison prochaine. La ProTeam basque vient de d\u00e9voiler le&hellip;\n","protected":false},"author":2,"featured_media":642536,"comment_status":"","ping_status":"","sticky":false,"template":"","format":"standard","meta":{"footnotes":""},"categories":[1411],"tags":[834,828,836,829,837,827,83,826,824,823,1154,207,814,817,815,816,822,821,832,211,839,1011,27,820,818,819,835,831,830,833,838,60,212,208,825],"class_list":{"0":"post-642535","1":"post","2":"type-post","3":"status-publish","4":"format-standard","5":"has-post-thumbnail","7":"category-cyclisme","8":"tag-attaque","9":"tag-belgique","10":"tag-braquet","11":"tag-bretagne","12":"tag-chute","13":"tag-competition","14":"tag-coupe-de-france","15":"tag-coureur","16":"tag-course-cyclisme","17":"tag-course-cycliste","18":"tag-cycling","19":"tag-cyclisme","20":"tag-direct","21":"tag-direct-velo","22":"tag-directvelo","23":"tag-directvelo-com","24":"tag-epreuve","25":"tag-epreuve-cycliste","26":"tag-federation-francaise-de-cyclisme","27":"tag-ffc","28":"tag-flandres","29":"tag-fr","30":"tag-france","31":"tag-live","32":"tag-live-course","33":"tag-live-epreuve","34":"tag-peloton","35":"tag-radio-peloton","36":"tag-radio-tour","37":"tag-ravitaillement","38":"tag-relance","39":"tag-sports","40":"tag-uci","41":"tag-velo","42":"tag-velos"},"share_on_mastodon":{"url":"https:\/\/pubeurope.com\/@fr\/115842700062660382","error":""},"_links":{"self":[{"href":"https:\/\/www.europesays.com\/fr\/wp-json\/wp\/v2\/posts\/642535","targetHints":{"allow":["GET"]}}],"collection":[{"href":"https:\/\/www.europesays.com\/fr\/wp-json\/wp\/v2\/posts"}],"about":[{"href":"https:\/\/www.europesays.com\/fr\/wp-json\/wp\/v2\/types\/post"}],"author":[{"embeddable":true,"href":"https:\/\/www.europesays.com\/fr\/wp-json\/wp\/v2\/users\/2"}],"replies":[{"embeddable":true,"href":"https:\/\/www.europesays.com\/fr\/wp-json\/wp\/v2\/comments?post=642535"}],"version-history":[{"count":0,"href":"https:\/\/www.europesays.com\/fr\/wp-json\/wp\/v2\/posts\/642535\/revisions"}],"wp:featuredmedia":[{"embeddable":true,"href":"https:\/\/www.europesays.com\/fr\/wp-json\/wp\/v2\/media\/642536"}],"wp:attachment":[{"href":"https:\/\/www.europesays.com\/fr\/wp-json\/wp\/v2\/media?parent=642535"}],"wp:term":[{"taxonomy":"category","embeddable":true,"href":"https:\/\/www.europesays.com\/fr\/wp-json\/wp\/v2\/categories?post=642535"},{"taxonomy":"post_tag","embeddable":true,"href":"https:\/\/www.europesays.com\/fr\/wp-json\/wp\/v2\/tags?post=642535"}],"curies":[{"name":"wp","href":"https:\/\/api.w.org\/{rel}","templated":true}]}}