{"id":642541,"date":"2026-01-05T13:23:11","date_gmt":"2026-01-05T13:23:11","guid":{"rendered":"https:\/\/www.europesays.com\/fr\/642541\/"},"modified":"2026-01-05T13:23:11","modified_gmt":"2026-01-05T13:23:11","slug":"le-pastis-henri-bardouin-de-forcalquier-se-pare-des-couleurs-de-lartiste-lea-morichon","status":"publish","type":"post","link":"https:\/\/www.europesays.com\/fr\/642541\/","title":{"rendered":"Le pastis Henri Bardouin de Forcalquier se pare des couleurs de l&rsquo;artiste L\u00e9a Morichon"},"content":{"rendered":"<p>Une collaboration in\u00e9dite qui c\u00e9l\u00e8bre l\u2019art de vivre proven\u00e7al \u00e0 travers une s\u00e9rie exclusive, disponible chez les cavistes et sur l\u2019e-shop depuis octobre\u00a02025. C\u2019est par l\u2019interm\u00e9diaire de l\u2019agence parisienne Collab factory que la rencontre entre <a href=\"https:\/\/www.laprovence.com\/article\/region\/79210049467292\/la-distillerie-de-forcalquier-ouvre-ses-portes-aux-curieux-pour-les-journees-du-patrimoine\" target=\"_blank\" rel=\"noopener\">la distillerie forcalqui\u00e9renne<\/a> et l\u2019artiste parisienne s\u2019est op\u00e9r\u00e9e.<\/p>\n<p>\u00ab\u00a0C\u2019est une petite joie d\u2019enfant qui se r\u00e9alise\u00a0\u00bb<\/p>\n<p>L\u00e9a Morichon raconte puiser son inspiration dans l\u2019atmosph\u00e8re si particuli\u00e8re de la r\u00e9gion\u00a0: la douceur d\u2019un soir d\u2019\u00e9t\u00e9 en Provence, les champs de bl\u00e9 et l\u2019odeur des pins. Ce qui s\u00e9duit l\u2019artiste \u00e0 <a href=\"https:\/\/www.laprovence.com\/alpes-de-haute-provence\/forcalquier-04088\" target=\"_blank\" rel=\"noopener\">Forcalquier <\/a>et en Provence\u00a0? Les couleurs et l\u2019art de vivre. \u00ab\u00a0Si l\u2019on sait appr\u00e9cier et regarder, il y a quelque chose de tr\u00e8s nourrissant pour l\u2019\u00e2me, une \u00e9nergie particuli\u00e8re, assez romantique et r\u00eaveuse, raconte-t-elle. C\u2019est ce que j\u2019ai essay\u00e9 de transmettre dans mes illustrations pour la Distillerie.\u00a0\u00bb<\/p>\n<p>\u00c0 l\u2019id\u00e9e de voir ses cr\u00e9ations orner les tables, L\u00e9a Morichon avoue\u00a0: \u00ab\u00a0Petite, je trouvais \u00e7a g\u00e9nial d\u2019avoir des dessins sur les objets, \u00e7a me faisait r\u00eaver. C\u2019est donc une petite joie d\u2019enfant qui se r\u00e9alise.\u00a0\u00bb Une collaboration qui ajoutera une touche artistique aux tables proven\u00e7ales cette ann\u00e9e.<\/p>\n","protected":false},"excerpt":{"rendered":"Une collaboration in\u00e9dite qui c\u00e9l\u00e8bre l\u2019art de vivre proven\u00e7al \u00e0 travers une s\u00e9rie exclusive, disponible chez les cavistes&hellip;\n","protected":false},"author":2,"featured_media":642542,"comment_status":"","ping_status":"","sticky":false,"template":"","format":"standard","meta":{"footnotes":""},"categories":[1358],"tags":[5734,1348,1384,1385,74929,18493,154,1386,58,59,7350,1011,27,6553,66428,7349,104],"class_list":{"0":"post-642541","1":"post","2":"type-post","3":"status-publish","4":"format-standard","5":"has-post-thumbnail","7":"category-arts-et-design","8":"tag-5734","9":"tag-arts","10":"tag-arts-and-design","11":"tag-arts-et-design","12":"tag-bardouin","13":"tag-couleurs","14":"tag-des","15":"tag-design","16":"tag-divertissement","17":"tag-entertainment","18":"tag-forcalquier","19":"tag-fr","20":"tag-france","21":"tag-henri","22":"tag-pare","23":"tag-pastis","24":"tag-societe"},"share_on_mastodon":{"url":"https:\/\/pubeurope.com\/@fr\/115842711704793532","error":""},"_links":{"self":[{"href":"https:\/\/www.europesays.com\/fr\/wp-json\/wp\/v2\/posts\/642541","targetHints":{"allow":["GET"]}}],"collection":[{"href":"https:\/\/www.europesays.com\/fr\/wp-json\/wp\/v2\/posts"}],"about":[{"href":"https:\/\/www.europesays.com\/fr\/wp-json\/wp\/v2\/types\/post"}],"author":[{"embeddable":true,"href":"https:\/\/www.europesays.com\/fr\/wp-json\/wp\/v2\/users\/2"}],"replies":[{"embeddable":true,"href":"https:\/\/www.europesays.com\/fr\/wp-json\/wp\/v2\/comments?post=642541"}],"version-history":[{"count":0,"href":"https:\/\/www.europesays.com\/fr\/wp-json\/wp\/v2\/posts\/642541\/revisions"}],"wp:featuredmedia":[{"embeddable":true,"href":"https:\/\/www.europesays.com\/fr\/wp-json\/wp\/v2\/media\/642542"}],"wp:attachment":[{"href":"https:\/\/www.europesays.com\/fr\/wp-json\/wp\/v2\/media?parent=642541"}],"wp:term":[{"taxonomy":"category","embeddable":true,"href":"https:\/\/www.europesays.com\/fr\/wp-json\/wp\/v2\/categories?post=642541"},{"taxonomy":"post_tag","embeddable":true,"href":"https:\/\/www.europesays.com\/fr\/wp-json\/wp\/v2\/tags?post=642541"}],"curies":[{"name":"wp","href":"https:\/\/api.w.org\/{rel}","templated":true}]}}