{"id":642543,"date":"2026-01-05T13:25:10","date_gmt":"2026-01-05T13:25:10","guid":{"rendered":"https:\/\/www.europesays.com\/fr\/642543\/"},"modified":"2026-01-05T13:25:10","modified_gmt":"2026-01-05T13:25:10","slug":"incendie-en-suisse-burn-baby-burn-une-star-de-mask-singer-britannique-deprogrammee-a-cause-des-paroles-de-sa-chanson","status":"publish","type":"post","link":"https:\/\/www.europesays.com\/fr\/642543\/","title":{"rendered":"Incendie en Suisse\u00a0: \u00ab\u00a0Burn, Baby, Burn\u00a0\u00bb, une star de \u00ab\u00a0Mask Singer\u00a0\u00bb britannique d\u00e9programm\u00e9e \u00e0 cause des paroles de sa chanson"},"content":{"rendered":"<p class=\"paragraph text_align_left lp-f-body-02\">Un num\u00e9ro qui aurait pu \u00eatre tr\u00e8s mal per\u00e7u. Un candidat a \u00e9t\u00e9 retir\u00e9 de la premi\u00e8re \u00e9mission de \u00ab <a href=\"https:\/\/www.leparisien.fr\/culture-loisirs\/tv\/mask-singer\/\" target=\"_blank\" rel=\"noreferrer noopener\">Mask Singer<\/a> \u00bb au Royaume-Uni en raison du titre et des paroles jug\u00e9es peu appropri\u00e9es de la chanson qu\u2019il devait chanter, suite au tragique incendie d\u2019un bar en Suisse qui a fait 40 victimes, rapporte <a href=\"https:\/\/www.independent.co.uk\/arts-entertainment\/tv\/news\/masked-singer-uk-red-panda-swiss-fire-b2894101.html\" target=\"_blank\" rel=\"noreferrer noopener\">The Independent.<\/a><\/p>\n<p class=\"\">Le personnage de Red Panda a \u00e9t\u00e9 retir\u00e9 du premier \u00e9pisode de la saison 2026 du c\u00e9l\u00e8bre concours de chant diffus\u00e9 samedi 3 d\u00e9cembre sur ITV au Royaume-Uni. Selon The Sun, le diffuseur a coup\u00e9 10 minutes de l\u2019\u00e9pisode pour supprimer la premi\u00e8re prestation de la star myst\u00e8re.<\/p>\n<p class=\"\">\u00ab \u00c0 la lumi\u00e8re des <a href=\"https:\/\/www.leparisien.fr\/faits-divers\/incendie-en-suisse-8-francais-sont-morts-a-crans-montana-une-personne-toujours-disparue-04-01-2026-4C27GQHJGZCIXCO5AOZPINRGNI.php\" target=\"_blank\" rel=\"noreferrer noopener\">\u00e9v\u00e9nements tragiques survenus en Suisse<\/a>, nous avons pris la d\u00e9cision de retirer la performance de Red Panda de la programmation dans l\u2019\u00e9mission The Masked Singer de ce soir en raison du contenu jug\u00e9 ind\u00e9licat du th\u00e8me et des paroles de la chanson \u00bb , a d\u00e9clar\u00e9 un porte-parole de la cha\u00eene de t\u00e9l\u00e9vision publique britannique ITV.<\/p>\n<p>\u00ab Burn, Baby, Burn \u00bb<\/p>\n<p class=\"\">Selon le tablo\u00efd britannique, la star se cachant sous le masque de Red Panda devait chanter le titre \u00ab Disco Inferno \u00bb. Les paroles de cette chanson du groupe The Trammps, datant de 1976, \u00e9voquent une soir\u00e9e tr\u00e8s chaude en bo\u00eete de nuit, avec le refrain r\u00e9p\u00e9titif : \u00ab Burn, Baby, Burn \u00bb (\u00ab Br\u00fble b\u00e9b\u00e9, br\u00fble \u00bb, en fran\u00e7ais).<\/p>\n<p class=\"\">\u00c0 noter que la personnalit\u00e9 qui se cache sous le masque de Red Panda n\u2019est pas \u00e9limin\u00e9e et aura l\u2019occasion de se produire dans les semaines \u00e0 venir, a d\u00e9clar\u00e9 l\u2019\u00e9mission dans un communiqu\u00e9.<\/p>\n<p class=\"\">Pour rappel, un violent incendie s\u2019est d\u00e9clar\u00e9 dans une discoth\u00e8que de la station suisse de Crans-Montana le soir du Nouvel An, <a href=\"https:\/\/www.leparisien.fr\/faits-divers\/barman-etudiante-footballeurs-qui-sont-les-victimes-francaises-de-lincendie-de-crans-montana-04-01-2026-CXBF6RFCDVBWDLP4H7P7O5UQGA.php\" target=\"_blank\" rel=\"noreferrer noopener\">faisant 40 morts et 119 bless\u00e9s<\/a>.<\/p>\n","protected":false},"excerpt":{"rendered":"Un num\u00e9ro qui aurait pu \u00eatre tr\u00e8s mal per\u00e7u. Un candidat a \u00e9t\u00e9 retir\u00e9 de la premi\u00e8re \u00e9mission&hellip;\n","protected":false},"author":2,"featured_media":642544,"comment_status":"","ping_status":"","sticky":false,"template":"","format":"standard","meta":{"footnotes":""},"categories":[1356],"tags":[872,58,59,1011,27,252,2205,1364],"class_list":{"0":"post-642543","1":"post","2":"type-post","3":"status-publish","4":"format-standard","5":"has-post-thumbnail","7":"category-television","8":"tag-culture-et-loisirs","9":"tag-divertissement","10":"tag-entertainment","11":"tag-fr","12":"tag-france","13":"tag-television","14":"tag-television-medias","15":"tag-tv"},"share_on_mastodon":{"url":"https:\/\/pubeurope.com\/@fr\/115842719739510447","error":""},"_links":{"self":[{"href":"https:\/\/www.europesays.com\/fr\/wp-json\/wp\/v2\/posts\/642543","targetHints":{"allow":["GET"]}}],"collection":[{"href":"https:\/\/www.europesays.com\/fr\/wp-json\/wp\/v2\/posts"}],"about":[{"href":"https:\/\/www.europesays.com\/fr\/wp-json\/wp\/v2\/types\/post"}],"author":[{"embeddable":true,"href":"https:\/\/www.europesays.com\/fr\/wp-json\/wp\/v2\/users\/2"}],"replies":[{"embeddable":true,"href":"https:\/\/www.europesays.com\/fr\/wp-json\/wp\/v2\/comments?post=642543"}],"version-history":[{"count":0,"href":"https:\/\/www.europesays.com\/fr\/wp-json\/wp\/v2\/posts\/642543\/revisions"}],"wp:featuredmedia":[{"embeddable":true,"href":"https:\/\/www.europesays.com\/fr\/wp-json\/wp\/v2\/media\/642544"}],"wp:attachment":[{"href":"https:\/\/www.europesays.com\/fr\/wp-json\/wp\/v2\/media?parent=642543"}],"wp:term":[{"taxonomy":"category","embeddable":true,"href":"https:\/\/www.europesays.com\/fr\/wp-json\/wp\/v2\/categories?post=642543"},{"taxonomy":"post_tag","embeddable":true,"href":"https:\/\/www.europesays.com\/fr\/wp-json\/wp\/v2\/tags?post=642543"}],"curies":[{"name":"wp","href":"https:\/\/api.w.org\/{rel}","templated":true}]}}