{"id":642545,"date":"2026-01-05T13:26:10","date_gmt":"2026-01-05T13:26:10","guid":{"rendered":"https:\/\/www.europesays.com\/fr\/642545\/"},"modified":"2026-01-05T13:26:10","modified_gmt":"2026-01-05T13:26:10","slug":"ce-chanteur-a-habite-son-appartement-parisien","status":"publish","type":"post","link":"https:\/\/www.europesays.com\/fr\/642545\/","title":{"rendered":"ce chanteur a habit\u00e9 son appartement parisien"},"content":{"rendered":"<p data-start=\"812\" data-end=\"1138\">Catherine Jacob n\u2019a pas<br \/>\nseulement marqu\u00e9 les \u00e9crans, elle a aussi crois\u00e9 le chemin de<br \/>\nnombreuses figures embl\u00e9matiques du monde artistique. \u00c0 l\u2019occasion<br \/>\nd\u2019un entretien accord\u00e9 \u00e0 Gala, la com\u00e9dienne a lev\u00e9 le voile sur une anecdote<br \/>\ninattendue : un <a href=\"https:\/\/www.lejournaldelamaison.fr\/le-journal-de-la-maison\/reportages-maisons\/maisons-reportages-maisons\/jean-jacques-goldman-marseille-londres-sublimes-proprietes-chanteur-personnalite-preferee-francais-532037.html\" target=\"_blank\" rel=\"noopener\"><br \/>\nchanteur<\/a> de renom a occup\u00e9 son appartement parisien pendant<br \/>\nplusieurs ann\u00e9es.\u00a0L\u2019actrice, connue pour son franc-parler, n\u2019a<br \/>\npas h\u00e9sit\u00e9 \u00e0 livrer cette information surprenante, illustrant au<br \/>\npassage son lien discret mais \u00e9troit avec le monde de la chanson<br \/>\nfran\u00e7aise. Et ce nom risque d\u2019\u00e9tonner plus d\u2019un lecteur.<\/p>\n<p>Catherine Jacob : son sublime<br \/>\nappartement parisien dans un immeuble Art D\u00e9co<\/p>\n<p data-start=\"1423\" data-end=\"1648\">C\u2019est dans un immeuble du<br \/>\n<a href=\"https:\/\/www.lejournaldelamaison.fr\/le-journal-de-la-maison\/reportages-maisons\/laetitia-casta-maison-14e-paris-525629.html\" target=\"_blank\" rel=\"noopener\"><br \/>\n14e arrondissement de Paris<\/a> que Catherine Jacob poss\u00e9dait un<br \/>\nbien qu\u2019elle mettait en location. Ce logement a abrit\u00e9 un locataire<br \/>\npas comme les autres pendant plusieurs ann\u00e9es.<\/p>\n<p data-start=\"1650\" data-end=\"1899\">\u00a0Son c\u00e9l\u00e8bre locataire \u00ab<br \/>\nest rest\u00e9 17 ans.\u00a0Il est entr\u00e9 dans cet<br \/>\nappartement et malheureusement, il est mort du Covid \u00e0<br \/>\nBrest\u00a0\u00bb, a-t-elle confi\u00e9 dans l\u00a0\u00bb\u00e9mission Un dimanche<br \/>\n\u00e0 la campagne.<\/p>\n<p>Catherine Jacob : son<br \/>\nappartement parisien, lou\u00e9 \u00e0 un c\u00e9l\u00e8bre chanteur<\/p>\n<p data-start=\"2017\" data-end=\"2251\">Interpr\u00e8te de \u00ab\u00a0Aline\u00a0\u00bb et ic\u00f4ne<br \/>\nde la sc\u00e8ne fran\u00e7aise, Christophe cultivait un go\u00fbt certain pour la<br \/>\ndiscr\u00e9tion\u2026 et les ambiances nocturnes. \u00ab Un jour j\u2019ai eu un<br \/>\nappel me disant\u00a0: \u201cBonjour,\u00a0je suis Christophe,<br \/>\nAline et Les mots bleus\u00a0\u201d Le mec se pr\u00e9sente comme<br \/>\n\u00e7a.\u00a0J\u2019avais d\u00e9j\u00e0 d\u00e9m\u00e9nag\u00e9 ailleurs c\u2019est pour \u00e7a<br \/>\nqu\u2019on m\u2019avait dit que \u00e7a l\u2019int\u00e9ressait\u00a0\u00bb, a expliqu\u00e9<br \/>\nCatherine Jacob. \u00ab Je me suis retrouv\u00e9e 2-3 fois la nuit seule<br \/>\navec Christophe dans mon appartement vide \u00e0 lui expliquer les joies<br \/>\ndu quartier. C\u2019est comme \u00e7a qu\u2019on s\u2019est connu\u00a0\u00bb,<\/p>\n<p data-start=\"2253\" data-end=\"2502\">L\u2019actrice pr\u00e9cise d\u2019ailleurs<br \/>\nque tout s\u2019est bien pass\u00e9, malgr\u00e9 une vie apparemment tr\u00e8s anim\u00e9e \u00e0<br \/>\n<a href=\"https:\/\/www.lejournaldelamaison.fr\/le-journal-de-la-maison\/reportages-maisons\/appartements\/brigitte-bardot-a-vecu-ici-ce-sublime-duplex-parisien-est-desormais-en-vente-chez-les-kretz-pour-une-coquette-somme-532018.html\" target=\"_blank\" rel=\"noopener\"><br \/>\nParis<\/a>. Elle s&rsquo;est amus\u00e9e de cette situation improbable, rest\u00e9e<br \/>\nlongtemps confidentielle.<\/p>\n<blockquote class=\"instagram-media\" style=\"background: #ffffff;border: 0;margin: 1px;width: 100%;padding: 0;max-width: 500px;\" data-instgrm-permalink=\"https:\/\/www.instagram.com\/p\/COS8cVdsZHz\/\" data-instgrm-version=\"14\"\/>\n<p>Catherine Jacob, une actrice au ton franc et \u00e0 l&rsquo;humour<br \/>\ntranchant<\/p>\n<p data-start=\"2589\" data-end=\"2877\">Catherine Jacob reste tr\u00e8s<br \/>\nactive dans le paysage culturel fran\u00e7ais. L\u2019ann\u00e9e 2024 a \u00e9t\u00e9<br \/>\nmarqu\u00e9e par sa participation \u00e0 plusieurs projets, dont une pi\u00e8ce de<br \/>\nth\u00e9\u00e2tre salu\u00e9e par la critique, ainsi que des apparitions dans des<br \/>\n<strong>fictions t\u00e9l\u00e9vis\u00e9es grand public<\/strong>.<\/p>\n<p data-start=\"2879\" data-end=\"3220\">Connue pour son<br \/>\n<strong data-start=\"2895\" data-end=\"2908\">ton franc<\/strong>, son<br \/>\nhumour tranchant et sa capacit\u00e9 \u00e0 incarner des personnages hauts en<br \/>\ncouleur, elle continue de s\u00e9duire un large public. Toujours aussi<br \/>\npr\u00e9sente dans les m\u00e9dias, elle n\u2019h\u00e9site pas \u00e0 livrer des<br \/>\n<strong data-start=\"3105\" data-end=\"3129\">confidences<br \/>\nd\u00e9cal\u00e9es<\/strong>, comme celle sur Christophe, qui renforcent son<br \/>\nimage d\u2019ic\u00f4ne populaire\u2026 et insaisissable.<\/p>\n<p><script async src=\"\/\/www.instagram.com\/embed.js\"><\/script><\/p>\n","protected":false},"excerpt":{"rendered":"Catherine Jacob n\u2019a pas seulement marqu\u00e9 les \u00e9crans, elle a aussi crois\u00e9 le chemin de nombreuses figures embl\u00e9matiques&hellip;\n","protected":false},"author":2,"featured_media":642546,"comment_status":"","ping_status":"","sticky":false,"template":"","format":"standard","meta":{"footnotes":""},"categories":[1355],"tags":[930,7788,9273,13041,1764,9071,74933,3869,3734,3396,74931,21509,17488,3010,1696,1446,1805,8117,58,59,932,1011,27,46380,3707,74930,45952,1361,873,36461,3837,3138,13537,9066,74932],"class_list":{"0":"post-642545","1":"post","2":"type-post","3":"status-publish","4":"format-standard","5":"has-post-thumbnail","7":"category-musique","8":"tag-le","9":"tag-14e","10":"tag-9273","11":"tag-a","12":"tag-ans","13":"tag-appartement","14":"tag-arr","15":"tag-arrondissement","16":"tag-art","17":"tag-avec","18":"tag-baies","19":"tag-catherine","20":"tag-ce","21":"tag-celebre","22":"tag-chanteur","23":"tag-dans","24":"tag-de","25":"tag-deco","26":"tag-divertissement","27":"tag-entertainment","28":"tag-est","29":"tag-fr","30":"tag-france","31":"tag-grandes","32":"tag-il","33":"tag-jacob","34":"tag-loue","35":"tag-music","36":"tag-musique","37":"tag-parisien","38":"tag-quelle","39":"tag-reste","40":"tag-sublime","41":"tag-un","42":"tag-vitrees"},"share_on_mastodon":{"url":"https:\/\/pubeurope.com\/@fr\/115842723804263132","error":""},"_links":{"self":[{"href":"https:\/\/www.europesays.com\/fr\/wp-json\/wp\/v2\/posts\/642545","targetHints":{"allow":["GET"]}}],"collection":[{"href":"https:\/\/www.europesays.com\/fr\/wp-json\/wp\/v2\/posts"}],"about":[{"href":"https:\/\/www.europesays.com\/fr\/wp-json\/wp\/v2\/types\/post"}],"author":[{"embeddable":true,"href":"https:\/\/www.europesays.com\/fr\/wp-json\/wp\/v2\/users\/2"}],"replies":[{"embeddable":true,"href":"https:\/\/www.europesays.com\/fr\/wp-json\/wp\/v2\/comments?post=642545"}],"version-history":[{"count":0,"href":"https:\/\/www.europesays.com\/fr\/wp-json\/wp\/v2\/posts\/642545\/revisions"}],"wp:featuredmedia":[{"embeddable":true,"href":"https:\/\/www.europesays.com\/fr\/wp-json\/wp\/v2\/media\/642546"}],"wp:attachment":[{"href":"https:\/\/www.europesays.com\/fr\/wp-json\/wp\/v2\/media?parent=642545"}],"wp:term":[{"taxonomy":"category","embeddable":true,"href":"https:\/\/www.europesays.com\/fr\/wp-json\/wp\/v2\/categories?post=642545"},{"taxonomy":"post_tag","embeddable":true,"href":"https:\/\/www.europesays.com\/fr\/wp-json\/wp\/v2\/tags?post=642545"}],"curies":[{"name":"wp","href":"https:\/\/api.w.org\/{rel}","templated":true}]}}