{"id":642559,"date":"2026-01-05T13:33:12","date_gmt":"2026-01-05T13:33:12","guid":{"rendered":"https:\/\/www.europesays.com\/fr\/642559\/"},"modified":"2026-01-05T13:33:12","modified_gmt":"2026-01-05T13:33:12","slug":"israel-refuse-toujours-lacces-des-journalistes-a-la-bande-de-gaza-malgre-le-cessez-le-feu-invoquant-des-raisons-de-securite","status":"publish","type":"post","link":"https:\/\/www.europesays.com\/fr\/642559\/","title":{"rendered":"Isra\u00ebl refuse toujours l\u2019acc\u00e8s des journalistes \u00e0\u00a0la\u00a0bande de\u00a0Gaza malgr\u00e9 le\u00a0cessez-le-feu, invoquant \u00ab\u00a0des raisons de\u00a0s\u00e9curit\u00e9\u00a0\u00bb"},"content":{"rendered":"<p>                      <img loading=\"lazy\" decoding=\"async\" src=\"https:\/\/www.europesays.com\/fr\/wp-content\/uploads\/2026\/01\/d83c2d5_ftp-1-gkskzdwbppms-5791885-01-06.jpg\" alt=\"A Gaza, le 3\u00a0janvier 2026. \"   width=\"664\" height=\"443\"\/>    A Gaza, le 3\u00a0janvier 2026.  OMAR AL-QATTAA \/ AFP                          <\/p>\n<p class=\"article__paragraph  \">Isra\u00ebl estime que le cessez-le-feu \u00e0 Gaza ne justifie pas de laisser les journalistes \u00e9trangers y p\u00e9n\u00e9trer, selon un document du gouvernement adress\u00e9 \u00e0 la cour, obtenu lundi 5\u00a0janvier par l\u2019Agence France-Presse (AFP). \u00ab\u00a0Malgr\u00e9 un changement de la situation factuelle sur le terrain, l\u2019entr\u00e9e de journalistes (tant \u00e9trangers que non \u00e9trangers) dans la bande de Gaza sans escorte (\u2026) ne doit pas \u00eatre autoris\u00e9e\u00a0\u00bb, estime le procureur, repr\u00e9sentant le gouvernement.<\/p>\n<p>                                            Lire aussi |  Article r\u00e9serv\u00e9 \u00e0 nos abonn\u00e9s  <a href=\"https:\/\/www.lemonde.fr\/guerre-au-proche-orient\/article\/2026\/01\/03\/retour-sur-2025-a-gaza-la-desolation-absolue_6660454_6325529.html\" class=\"js-article-read-also catcher--favoris__link\" data-premium=\"1\" id=\"article-title-3450064\" target=\"_blank\" rel=\"noopener\">Retour sur 2025\u00a0: \u00e0 Gaza, la d\u00e9solation absolue<\/a>    <\/p>\n<p>   Lire plus tard  <\/p>\n<p class=\"article__paragraph  \">\u00ab\u00a0Cela est li\u00e9 \u00e0 des raisons de s\u00e9curit\u00e9, sur la base de la position des autorit\u00e9s militaires, qui estiment qu\u2019il existe encore un risque s\u00e9curitaire\u00a0\u00bb, ajoute-t-il, \u00e9voquant \u00ab\u00a0la persistance de menaces et d\u2019incidents\u00a0\u00bb.<\/p>\n<p class=\"article__paragraph  \">L\u2019Association de la presse \u00e9trang\u00e8re \u00e0 J\u00e9rusalem (FPA), qui repr\u00e9sente les m\u00e9dias internationaux en Isra\u00ebl et dans les territoires palestiniens, et compte des centaines de membres, avait demand\u00e9 en\u00a02024 \u00e0 la justice isra\u00e9lienne de permettre un acc\u00e8s imm\u00e9diat \u00e0 Gaza. Apr\u00e8s plusieurs reports proc\u00e9duraux, le gouvernement avait jusqu\u2019\u00e0 lundi pour r\u00e9pondre formellement \u00e0 cette requ\u00eate.<\/p>\n<p class=\"article__paragraph  \">Depuis le d\u00e9but de la guerre \u00e0 Gaza, en octobre\u00a02023, d\u00e9clench\u00e9e par l\u2019attaque sans pr\u00e9c\u00e9dent du mouvement islamiste Hamas, les autorit\u00e9s isra\u00e9liennes ont emp\u00each\u00e9 les journalistes \u00e9trangers d\u2019entrer de mani\u00e8re ind\u00e9pendante dans le territoire d\u00e9vast\u00e9. Isra\u00ebl a seulement autoris\u00e9 au cas par cas une poign\u00e9e de reporters \u2013 dont notre correspondant \u00e0 J\u00e9rusalem Luc Bronner \u2013 \u00e0 accompagner ses troupes dans le territoire palestinien sous blocus isra\u00e9lien.<\/p>\n<p>                                       Retrouvez notre reportage |  Article r\u00e9serv\u00e9 \u00e0 nos abonn\u00e9s  <a href=\"https:\/\/www.lemonde.fr\/international\/article\/2025\/10\/04\/trois-heures-dans-gaza-ville-aneantie-et-videe-de-sa-population_6644420_3210.html\" class=\"js-article-read-also catcher--favoris__link\" data-premium=\"1\" id=\"article-title-3440884\" target=\"_blank\" rel=\"noopener\">Trois heures dans Gaza, ville an\u00e9antie et vid\u00e9e de sa population<\/a>    <\/p>\n<p>   Lire plus tard  <\/p>\n<p>                          \u00ab\u00a0Tactiques dilatoires\u00a0\u00bb                    <\/p>\n<p class=\"article__paragraph  \">A plusieurs reprises depuis le d\u00e9but de la proc\u00e9dure, la FPA a d\u00e9nonc\u00e9 les \u00ab\u00a0tactiques dilatoires\u00a0\u00bb d\u2019Isra\u00ebl \u00ab\u00a0pour emp\u00eacher l\u2019entr\u00e9e des journalistes\u00a0\u00bb dans le territoire. Selon elle, le gouvernement emp\u00eache les journalistes de \u00ab\u00a0remplir leur devoir journalistique\u00a0\u00bb et entrave \u00ab\u00a0le droit du public \u00e0 l\u2019information\u00a0\u00bb.<\/p>\n<p class=\"article__paragraph  \">En d\u00e9pit de l\u2019accord de cessez-le-feu en place depuis le 10\u00a0octobre, les tirs sont quotidiens dans la bande de Gaza. Au total, 420\u00a0Palestiniens ont \u00e9t\u00e9 tu\u00e9s depuis cette date, selon le minist\u00e8re de la sant\u00e9 du gouvernement du Hamas. L\u2019arm\u00e9e isra\u00e9lienne a fait \u00e9tat de trois soldats tu\u00e9s.<\/p>\n<p class=\"article__paragraph  \">\u00ab\u00a0Il convient \u00e9galement de noter que l\u2019otage d\u00e9c\u00e9d\u00e9, Ran Gvili, est toujours d\u00e9tenu dans la bande de Gaza\u00a0\u00bb, rappelle le gouvernement dans son argumentaire \u00e0 la cour. Ce sous-officier de l\u2019unit\u00e9 d\u2019\u00e9lite Yassam de la police isra\u00e9lienne avait \u00e9t\u00e9 tu\u00e9 au combat le jour de l\u2019attaque en Isra\u00ebl du Hamas, le 7\u00a0octobre\u00a02023. Son corps avait ensuite \u00e9t\u00e9 emmen\u00e9 dans la bande de Gaza.<\/p>\n<p class=\"article__paragraph  \">Il est le seul des 251\u00a0personnes enlev\u00e9es \u2013 Isra\u00e9liens et \u00e9trangers, civils et militaires, morts ou vivants \u2013 \u00e0 ne pas avoir \u00e9t\u00e9 rendu \u00e0 Isra\u00ebl, conform\u00e9ment \u00e0 la premi\u00e8re phase de l\u2019accord de cessez-le-feu avec le Hamas.<\/p>\n<p> Le Monde M\u00e9morable  <\/p>\n<p> <a href=\"https:\/\/www.lemonde.fr\/memorable\/?rfextension=inread\" class=\"inread__link js-services-inread-link\" target=\"_blank\" rel=\"noopener\">  <\/p>\n<p>Testez votre culture g\u00e9n\u00e9rale avec la r\u00e9daction du \u00ab Monde \u00bb<\/p>\n<p>Testez votre culture g\u00e9n\u00e9rale avec la r\u00e9daction du \u00ab Monde \u00bb<\/p>\n<p>D\u00e9couvrir<\/p>\n<p> <\/a>      <\/p>\n<p> Newsletter  <\/p>\n<p> <a href=\"https:\/\/www.lemonde.fr\/newsletters\/a-la-une\/\" class=\"inread__link js-services-inread-link\" target=\"_blank\" rel=\"noopener\">  <\/p>\n<p>\u00ab A la une \u00bb<\/p>\n<p>Chaque matin, parcourez l&rsquo;essentiel de l&rsquo;actualit\u00e9 du jour avec les derniers titres du \u00ab Monde \u00bb<\/p>\n<p>S&rsquo;inscrire<\/p>\n<p> <\/a>          <\/p>\n<p> Le Monde Application  <\/p>\n<p> <a href=\"https:\/\/lamatinale.onelink.me\/gKMy\/ahw2ubr3\" class=\"inread__link js-services-inread-link\" target=\"_blank\" rel=\"noopener\">  <\/p>\n<p>La Matinale du Monde<\/p>\n<p>Chaque matin, retrouvez notre s\u00e9lection de 20 articles \u00e0 ne pas manquer <\/p>\n<p>T\u00e9l\u00e9charger l&rsquo;application<\/p>\n<p> <\/a>      <\/p>\n<p> Newsletter abonn\u00e9s  <\/p>\n<p> <a href=\"https:\/\/www.lemonde.fr\/newsletters\/international\/\" class=\"inread__link js-services-inread-link\" target=\"_blank\" rel=\"noopener\">  <\/p>\n<p>\u00ab International \u00bb<\/p>\n<p>L\u2019essentiel de l\u2019actualit\u00e9 internationale de la semaine<\/p>\n<p>S&rsquo;inscrire<\/p>\n<p> <\/a>             <\/p>\n<p class=\"article__paragraph  \">Le mouvement islamiste palestinien affirme aujourd\u2019hui ne pas disposer du mat\u00e9riel n\u00e9cessaire pour localiser son corps au milieu des d\u00e9combres de Gaza. Ce dossier est aujourd\u2019hui pr\u00e9sent\u00e9 par Isra\u00ebl comme devant \u00eatre r\u00e9gl\u00e9 avant d\u2019entamer les tractations de la deuxi\u00e8me phase de l\u2019accord, au m\u00eame titre que le d\u00e9sarmement du Hamas ou la gouvernance du territoire c\u00f4tier, entres autres sujets.<\/p>\n<p>                                       Lire aussi |  Article r\u00e9serv\u00e9 \u00e0 nos abonn\u00e9s  <a href=\"https:\/\/www.lemonde.fr\/economie\/article\/2025\/09\/01\/a-gaza-des-journalistes-meurent-et-chacun-se-dit-que-le-prochain-sera-peut-etre-l-un-des-deux-qui-travaillent-pour-nous_6638008_3234.html\" class=\"js-article-read-also catcher--favoris__link\" data-premium=\"1\" id=\"article-title-3435969\" target=\"_blank\" rel=\"noopener\">A Gaza, \u00ab\u00a0des journalistes meurent, et chacun se dit que le prochain sera peut-\u00eatre l\u2019un des deux qui travaillent pour nous\u00a0\u00bb<\/a>    <\/p>\n<p>   Lire plus tard  <\/p>\n<p class=\"author__detail\">  Le Monde avec AFP  <\/p>\n<p>                <a href=\"https:\/\/www.lemonde.fr\/syndication\/\" class=\"reuse__content\" title=\"R\u00e9utiliser ce contenu\" target=\"_blank\" rel=\"noopener\">R\u00e9utiliser ce contenu<\/a>      <\/p>\n","protected":false},"excerpt":{"rendered":"A Gaza, le 3\u00a0janvier 2026. OMAR AL-QATTAA \/ AFP Isra\u00ebl estime que le cessez-le-feu \u00e0 Gaza ne justifie&hellip;\n","protected":false},"author":2,"featured_media":642560,"comment_status":"","ping_status":"","sticky":false,"template":"","format":"standard","meta":{"footnotes":""},"categories":[5],"tags":[11,1011,27,14,12,28],"class_list":{"0":"post-642559","1":"post","2":"type-post","3":"status-publish","4":"format-standard","5":"has-post-thumbnail","7":"category-international","8":"tag-actualites","9":"tag-fr","10":"tag-france","11":"tag-international","12":"tag-news","13":"tag-world"},"share_on_mastodon":{"url":"https:\/\/pubeurope.com\/@fr\/115842751183058505","error":""},"_links":{"self":[{"href":"https:\/\/www.europesays.com\/fr\/wp-json\/wp\/v2\/posts\/642559","targetHints":{"allow":["GET"]}}],"collection":[{"href":"https:\/\/www.europesays.com\/fr\/wp-json\/wp\/v2\/posts"}],"about":[{"href":"https:\/\/www.europesays.com\/fr\/wp-json\/wp\/v2\/types\/post"}],"author":[{"embeddable":true,"href":"https:\/\/www.europesays.com\/fr\/wp-json\/wp\/v2\/users\/2"}],"replies":[{"embeddable":true,"href":"https:\/\/www.europesays.com\/fr\/wp-json\/wp\/v2\/comments?post=642559"}],"version-history":[{"count":0,"href":"https:\/\/www.europesays.com\/fr\/wp-json\/wp\/v2\/posts\/642559\/revisions"}],"wp:featuredmedia":[{"embeddable":true,"href":"https:\/\/www.europesays.com\/fr\/wp-json\/wp\/v2\/media\/642560"}],"wp:attachment":[{"href":"https:\/\/www.europesays.com\/fr\/wp-json\/wp\/v2\/media?parent=642559"}],"wp:term":[{"taxonomy":"category","embeddable":true,"href":"https:\/\/www.europesays.com\/fr\/wp-json\/wp\/v2\/categories?post=642559"},{"taxonomy":"post_tag","embeddable":true,"href":"https:\/\/www.europesays.com\/fr\/wp-json\/wp\/v2\/tags?post=642559"}],"curies":[{"name":"wp","href":"https:\/\/api.w.org\/{rel}","templated":true}]}}