{"id":642565,"date":"2026-01-05T13:36:12","date_gmt":"2026-01-05T13:36:12","guid":{"rendered":"https:\/\/www.europesays.com\/fr\/642565\/"},"modified":"2026-01-05T13:36:12","modified_gmt":"2026-01-05T13:36:12","slug":"pas-de-rentree-pour-les-eleves-ce-lundi","status":"publish","type":"post","link":"https:\/\/www.europesays.com\/fr\/642565\/","title":{"rendered":"pas de rentr\u00e9e pour les \u00e9l\u00e8ves ce lundi"},"content":{"rendered":"<p>\u00ab\u00a0En 26 ans de carri\u00e8re, \u00e7a, je ne l\u2019avais jamais eu\u00a0\u00bb, constate Isabelle Giraudeau, principale du coll\u00e8ge Pierre-Joannon, \u00e0 Saint-Chamond. L\u2019\u00e9tablissement n\u2019a pas fait sa rentr\u00e9e, ce lundi 5\u00a0janvier, en raison d\u2019une panne de chauffage. Les 466 \u00e9l\u00e8ves ont d\u00fb rester chez eux, apr\u00e8s avoir \u00e9t\u00e9 pr\u00e9venus d\u00e8s vendredi que les cours ne pourraient pas \u00eatre assur\u00e9s.<\/p>\n<p>C\u2019est le personnel log\u00e9 sur place qui s\u2019est rendu compte que le chauffage ne fonctionnait plus et qui a donn\u00e9 l\u2019alerte\u00a0: \u00ab\u00a0La soci\u00e9t\u00e9 d\u2019astreinte est venue d\u00e8s vendredi, est revenue le samedi. Nous avons constat\u00e9 un d\u00e9g\u00e2t des eaux dans un bureau de gestion, sans doute li\u00e9 au fait que le chauffage s\u2019\u00e9tait mis en interruption\u00a0\u00bb, explique la principale. Au d\u00e9but des vacances, la temp\u00e9rature avait \u00e9t\u00e9 r\u00e9gl\u00e9e sur 16\u00a0\u00b0C.<\/p>\n<p>  Une canalisation bris\u00e9e par le gel<\/p>\n<p>Les techniciens d\u00e9tectent finalement le probl\u00e8me\u00a0: une canalisation d\u2019alimentation du chauffage, situ\u00e9e sous le r\u00e9fectoire, a l\u00e2ch\u00e9, sans doute en raison du gel, comme cela a \u00e9t\u00e9 le cas en fin de semaine, par exemple <a href=\"https:\/\/www.leprogres.fr\/economie\/2026\/01\/04\/pas-d-eau-courante-route-fermee-cette-rupture-de-canalisation-qui-chamboule-tout-un-quartier\" target=\"_blank\" rel=\"noopener\">dans le quartier du Portail rouge, \u00e0 Saint-Etienne<\/a>. Les temp\u00e9ratures n\u00e9gatives entra\u00eenent un gel de l\u2019eau dans les canalisations. La glace fait augmenter le volume et peut briser les tuyaux.<\/p>\n<p>Ce lundi, il s\u2019agissait surtout d\u2019\u00e9tablir un diagnostic permettant de pr\u00e9voir la dur\u00e9e des travaux et donc de planifier la reprise des cours. Le chauffage a cependant pu \u00eatre r\u00e9activ\u00e9 dans certaines parties du b\u00e2timent, notamment le r\u00e9fectoire, l\u2019infirmerie, la salle du foyer. Tout le b\u00e2timent des salles de classe est hors service.<\/p>\n<p>Pour les \u00e9l\u00e8ves, m\u00eame si cette rentr\u00e9e a encore un petit go\u00fbt de vacances, pas question de retourner faire la grasse matin\u00e9e\u00a0: ils sont invit\u00e9s \u00e0 se connecter au logiciel de vie scolaire Pronote, dans le cadre d\u2019un \u00ab\u00a0plan de continuit\u00e9 des apprentissages\u00a0\u00bb, pour recevoir les consignes des enseignants.<\/p>\n<p>  Les cours d\u2019EPS maintenus au gymnase<\/p>\n<p>Petite exception tout de m\u00eame\u00a0: les cours d\u2019EPS sont assur\u00e9s, \u00e0 partir de ce lundi apr\u00e8s-midi, car le gymnase, municipal, est chauff\u00e9 par un syst\u00e8me ind\u00e9pendant des b\u00e2timents du coll\u00e8ge. \u00c0 noter que les visites m\u00e9dicales pour les 6e\u00a0 sont \u00e9galement maintenues, puisque l\u2019infirmerie est chauff\u00e9e.<\/p>\n<p>Le standard du coll\u00e8ge reste ouvert pour toutes questions. \u00ab\u00a0Concernant les \u00e9l\u00e8ves \u00e0 besoins \u00e9ducatifs particuliers, ceux qui sont accompagn\u00e9s auront un contact avec leur AESH de r\u00e9f\u00e9rence, indique Isabelle Giraudeau. Et nous avons aussi propos\u00e9 aux familles qui ont des difficult\u00e9s \u00e0 se connecter \u00e0 Pronote \u00e0 venir nous voir de 10\u00a0h \u00e0 15\u00a0h.\u00a0\u00bb<\/p>\n","protected":false},"excerpt":{"rendered":"\u00ab\u00a0En 26 ans de carri\u00e8re, \u00e7a, je ne l\u2019avais jamais eu\u00a0\u00bb, constate Isabelle Giraudeau, principale du coll\u00e8ge Pierre-Joannon,&hellip;\n","protected":false},"author":2,"featured_media":642566,"comment_status":"","ping_status":"","sticky":false,"template":"","format":"standard","meta":{"footnotes":""},"categories":[9653],"tags":[1111,11,2430,9323,3599,7539,1057,436,1777,674,1011,27,8423,12,5140,25,9669,9670,4001],"class_list":{"0":"post-642565","1":"post","2":"type-post","3":"status-publish","4":"format-standard","5":"has-post-thumbnail","7":"category-saint-etienne","8":"tag-actu","9":"tag-actualites","10":"tag-auvergne-rhone-alpes","11":"tag-catastrophes","12":"tag-college-lycee","13":"tag-edition-loire-sud","14":"tag-education","15":"tag-environnement","16":"tag-eu","17":"tag-europe","18":"tag-fr","19":"tag-france","20":"tag-meteorologie-climat","21":"tag-news","22":"tag-rechauffement-climatique","23":"tag-republique-francaise","24":"tag-saint-chamond","25":"tag-saint-chamond-ville","26":"tag-saint-etienne"},"share_on_mastodon":{"url":"https:\/\/pubeurope.com\/@fr\/115842762952235417","error":""},"_links":{"self":[{"href":"https:\/\/www.europesays.com\/fr\/wp-json\/wp\/v2\/posts\/642565","targetHints":{"allow":["GET"]}}],"collection":[{"href":"https:\/\/www.europesays.com\/fr\/wp-json\/wp\/v2\/posts"}],"about":[{"href":"https:\/\/www.europesays.com\/fr\/wp-json\/wp\/v2\/types\/post"}],"author":[{"embeddable":true,"href":"https:\/\/www.europesays.com\/fr\/wp-json\/wp\/v2\/users\/2"}],"replies":[{"embeddable":true,"href":"https:\/\/www.europesays.com\/fr\/wp-json\/wp\/v2\/comments?post=642565"}],"version-history":[{"count":0,"href":"https:\/\/www.europesays.com\/fr\/wp-json\/wp\/v2\/posts\/642565\/revisions"}],"wp:featuredmedia":[{"embeddable":true,"href":"https:\/\/www.europesays.com\/fr\/wp-json\/wp\/v2\/media\/642566"}],"wp:attachment":[{"href":"https:\/\/www.europesays.com\/fr\/wp-json\/wp\/v2\/media?parent=642565"}],"wp:term":[{"taxonomy":"category","embeddable":true,"href":"https:\/\/www.europesays.com\/fr\/wp-json\/wp\/v2\/categories?post=642565"},{"taxonomy":"post_tag","embeddable":true,"href":"https:\/\/www.europesays.com\/fr\/wp-json\/wp\/v2\/tags?post=642565"}],"curies":[{"name":"wp","href":"https:\/\/api.w.org\/{rel}","templated":true}]}}