{"id":642573,"date":"2026-01-05T13:41:11","date_gmt":"2026-01-05T13:41:11","guid":{"rendered":"https:\/\/www.europesays.com\/fr\/642573\/"},"modified":"2026-01-05T13:41:11","modified_gmt":"2026-01-05T13:41:11","slug":"top-14-toulon-un-sacrifice-qui-devra-payer-la-jeune-garde-varoise-lancee-dans-le-grand-bain-du-haut-niveau","status":"publish","type":"post","link":"https:\/\/www.europesays.com\/fr\/642573\/","title":{"rendered":"Top 14 &#8211; Toulon : \u00ab\u00a0Un sacrifice qui devra payer\u00a0\u00bb : la jeune garde varoise lanc\u00e9e dans le grand bain du haut niveau"},"content":{"rendered":"<p>\n                La volont\u00e9 de la jeune garde varoise n\u2019a pas suffi pour rivaliser sur la pelouse de La Rochelle. Les effets de cette revue d\u2019effectif sont attendus dans les prochaines semaines.\n            <\/p>\n<p>Pierre Mignoni a rapidement compris que le courage ne serait pas suffisant pour \u00e9viter de prendre une d\u00e9culott\u00e9e \u00e0 Marcel-Deflandre, expliquant tr\u00e8s vite au micro du diffuseur que \u00ab\u00a0chaque erreur individuelle se transforme en essai.\u00a0\u00bb Avec autant de jeunes joueurs dans le XV de d\u00e9part concoct\u00e9 par le manager varois, les erreurs individuelles \u00e9taient malheureusement nombreuses, la faute \u00e0 un manque d\u2019exp\u00e9rience du tr\u00e8s haut niveau qui ne peut pas \u00eatre compens\u00e9 m\u00eame par la meilleure volont\u00e9 du monde. Ainsi, la jeune garde toulonnaise n\u2019a pas eu beaucoup de munitions pour s\u2019exprimer, contrainte de faire ses preuves dans le secteur d\u00e9fensif o\u00f9 il \u00e9tait bien difficile de contenir la puissance rochelaise. Le terrain \u00e9tait finalement bien trop hostile pour esp\u00e9rer faire trembler La Rochelle malgr\u00e9 l\u2019\u00e9nergie de la vingtaine.<\/p>\n<p>Verdict en Champions Cup<\/p>\n<p>Pierre Mignoni savait qu\u2019il tentait un pari, avec un retour sur investissement qui ne serait pas imm\u00e9diat : \u00ab\u00a0Comme tous les clubs, c\u2019est une p\u00e9riode de quinze jours avec tr\u00e8s peu d\u2019entra\u00eenements avec les f\u00eates au milieu. On a l\u2019habitude de cela. Ce qui est compliqu\u00e9 pour nous et ce n\u2019est pas du tout une excuse, mais nous avons dix-huit joueurs en moins. C\u2019est une p\u00e9riode difficile car nous avons quatre matchs par la suite qui vont \u00eatre tr\u00e8s importants.\u00a0\u00bb Clairement, le manager varois voulait pr\u00e9parer la suite en offrant de l\u2019exp\u00e9rience \u00e0 sa jeune garde tout en permettant \u00e0 de nombreux cadres de se focaliser sur les prochaines \u00e9ch\u00e9ances en Champions Cup, tout en leur rappelant qu\u2019il n\u2019avait pas appr\u00e9ci\u00e9 la copie rendue par certains lors du pr\u00e9c\u00e9dent d\u00e9placement \u00e0 Bordeaux (d\u00e9faite 46-7).<\/p>\n<p>Avec une d\u00e9faite lors de la journ\u00e9e d\u2019ouverture sur la pelouse d\u2019Edimbourg, le RCT n\u2019a plus le droit \u00e0 l\u2019erreur. Ni face au Munster \u00e0 domicile, ni lors du d\u00e9placement \u00e0 Gloucester o\u00f9 Charles Ollivon et ses partenaires veulent terminer la phase de poule en bonne position. Ils esp\u00e8rent ainsi se qualifier et ainsi viser une belle phase finale avec le souvenir d\u2019un quart disput\u00e9 la saison derni\u00e8re qui avait laiss\u00e9 des regrets tout en nourrissant une certaine ambition pour l\u2019avenir.<\/p>\n<p>Les Toulonnais peuvent toujours viser la premi\u00e8re place de leur poule puisqu\u2019aucune \u00e9quipe n\u2019a r\u00e9alis\u00e9 un sans-faute au mois de d\u00e9cembre. L\u2019espoir de vivre un nouveau quart de finale \u00e0 domicile est donc toujours r\u00e9el. Puisqu\u2019une d\u00e9faite en terre rochelaise n\u2019hypoth\u00e9quait en rien l\u2019avenir du RCT en Top 14, il est facile de comprendre la volont\u00e9 de Pierre Mignoni et de son staff de sacrifier ce match de la quatorzi\u00e8me journ\u00e9e pour amadouer les dieux du rugby, m\u00eame si l\u2019apprentissage fut rude. Mais les minutes pass\u00e9es sur la pelouse sont n\u00e9cessaires \u00e0 la formation des talents de demain, m\u00eame si les nombreux points encaiss\u00e9s ont certainement remplac\u00e9 les \u00e9toiles qui brillaient dans les yeux des n\u00e9ophytes au moment de sortir du couloir de Marcel-Deflandre.<\/p>\n","protected":false},"excerpt":{"rendered":"La volont\u00e9 de la jeune garde varoise n\u2019a pas suffi pour rivaliser sur la pelouse de La Rochelle.&hellip;\n","protected":false},"author":2,"featured_media":642574,"comment_status":"","ping_status":"","sticky":false,"template":"","format":"standard","meta":{"footnotes":""},"categories":[9619],"tags":[1111,11,1777,674,1011,27,12,882,25,68796,478,2310],"class_list":{"0":"post-642573","1":"post","2":"type-post","3":"status-publish","4":"format-standard","5":"has-post-thumbnail","7":"category-toulon","8":"tag-actu","9":"tag-actualites","10":"tag-eu","11":"tag-europe","12":"tag-fr","13":"tag-france","14":"tag-news","15":"tag-provence-alpes-cote-dazur","16":"tag-republique-francaise","17":"tag-rugby-u00e0-xv","18":"tag-top-14","19":"tag-toulon"},"share_on_mastodon":{"url":"https:\/\/pubeurope.com\/@fr\/115842782549174327","error":""},"_links":{"self":[{"href":"https:\/\/www.europesays.com\/fr\/wp-json\/wp\/v2\/posts\/642573","targetHints":{"allow":["GET"]}}],"collection":[{"href":"https:\/\/www.europesays.com\/fr\/wp-json\/wp\/v2\/posts"}],"about":[{"href":"https:\/\/www.europesays.com\/fr\/wp-json\/wp\/v2\/types\/post"}],"author":[{"embeddable":true,"href":"https:\/\/www.europesays.com\/fr\/wp-json\/wp\/v2\/users\/2"}],"replies":[{"embeddable":true,"href":"https:\/\/www.europesays.com\/fr\/wp-json\/wp\/v2\/comments?post=642573"}],"version-history":[{"count":0,"href":"https:\/\/www.europesays.com\/fr\/wp-json\/wp\/v2\/posts\/642573\/revisions"}],"wp:featuredmedia":[{"embeddable":true,"href":"https:\/\/www.europesays.com\/fr\/wp-json\/wp\/v2\/media\/642574"}],"wp:attachment":[{"href":"https:\/\/www.europesays.com\/fr\/wp-json\/wp\/v2\/media?parent=642573"}],"wp:term":[{"taxonomy":"category","embeddable":true,"href":"https:\/\/www.europesays.com\/fr\/wp-json\/wp\/v2\/categories?post=642573"},{"taxonomy":"post_tag","embeddable":true,"href":"https:\/\/www.europesays.com\/fr\/wp-json\/wp\/v2\/tags?post=642573"}],"curies":[{"name":"wp","href":"https:\/\/api.w.org\/{rel}","templated":true}]}}