{"id":64260,"date":"2025-04-30T11:33:08","date_gmt":"2025-04-30T11:33:08","guid":{"rendered":"https:\/\/www.europesays.com\/fr\/64260\/"},"modified":"2025-04-30T11:33:08","modified_gmt":"2025-04-30T11:33:08","slug":"ce-pecheur-du-port-de-nice-enrage-contre-le-sommet-des-oceans-on-est-mis-dehors","status":"publish","type":"post","link":"https:\/\/www.europesays.com\/fr\/64260\/","title":{"rendered":"Ce p\u00eacheur du port de Nice enrage contre le sommet des Oc\u00e9ans: \u00ab\u00a0On est mis dehors\u00a0\u00bb"},"content":{"rendered":"<p>            Par<br \/>\n        <strong><br \/>\n            <a href=\"https:\/\/actu.fr\/auteur\/ugo-maillard\" title=\"Consulter tous les articles de Ugo Maillard\" target=\"_blank\" rel=\"noopener\">Ugo Maillard<\/a><br \/>\n        <\/strong><\/p>\n<p>        Publi\u00e9 le<\/p>\n<p>            30 avr. 2025 \u00e0 13h30        <\/p>\n<p>Du 9 au 13\u00a0juin 2025, la ville de Nice (<a href=\"https:\/\/actu.fr\/provence-alpes-cote-d-azur\/alpes-maritimes_06\" target=\"_blank\" rel=\"noopener\">Alpes-Maritimes<\/a>) accueille le <a href=\"https:\/\/actu.fr\/dossier\/sommet-des-oceans-a-nice-tout-ce-qu-il-faut-savoir-sur-la-conference-de-l-onu_62542007.html\" target=\"_blank\" rel=\"noopener\">sommet des Oc\u00e9ans<\/a> de l\u2019ONU durant lequel des <strong>milliers de congressistes<\/strong> et de d\u00e9l\u00e9gations vont d\u00e9ferler dans le secteur du port Lympia.<\/p>\n<p>    <a href=\"https:\/\/www.google.com\/maps\/embed?pb=!1m18!1m12!1m3!1d11538.914516317707!2d7.274838772388265!3d43.69540480204811!2m3!1f0!2f0!3f0!3m2!1i1024!2i768!4f13.1!3m3!1m2!1s0x12cddab8ca5ed2d1%3A0x35d6e3ec8c9f63cb!2sPort%20Lympia!5e0!3m2!1sfr!2sfr!4v1746003155297!5m2!1sfr!2sfr\" title=\"Ouvrie le lien\" target=\"_blank\" rel=\"noopener\">Cliquez ici pour visualiser le contenu<\/a><\/p>\n<p class=\" wall-content\">Dans l\u2019optique de garantir une <strong>s\u00e9curit\u00e9<\/strong> maximale aux participants du sommet, des <a href=\"https:\/\/actu.fr\/provence-alpes-cote-d-azur\/nice_06088\/nice-zones-protegees-pour-le-sommet-de-l-onu-comment-passer-les-controles_62524508.html\" target=\"_blank\" rel=\"noopener\">restrictions de circulation<\/a> et des <a href=\"https:\/\/actu.fr\/provence-alpes-cote-d-azur\/nice_06088\/sommet-des-oceans-a-nice-ces-zones-seront-totalement-interdites-d-acces_62523723.html\" target=\"_blank\" rel=\"noopener\">p\u00e9rim\u00e8tres interdits<\/a> au grand public vont \u00eatre mis en place.<\/p>\n<p class=\" wall-content\">Une d\u00e9cision des services de s\u00e9curit\u00e9 qui va impacter l\u2019activit\u00e9 \u00e9conomique dans le quartier du port de Nice. Lo\u00efc, p\u00eacheur qui vend ses poissons sur le quai de l\u2019Amiral-Infernet redoute cette p\u00e9riode.<\/p>\n<p>\u00ab\u2009On est mis dehors\u2009\u00bb<\/p>\n<p class=\" wall-content\">Ce mardi 29 avril, le ballet des camions et ouvriers de chantier est d\u00e9j\u00e0 intense \u00e0 proximit\u00e9 du futur palais des congr\u00e8s du sommet des Oc\u00e9ans.<\/p>\n<p>Vid\u00e9os : en ce moment sur Actu<\/p>\n<p class=\" wall-content\">Entre deux tentes, Lo\u00efc n\u2019a pas l\u00e2ch\u00e9 son stand de vente de poissons frais. Interrog\u00e9 par <a href=\"https:\/\/actu.fr\/nice\/\" target=\"_blank\" rel=\"noopener\">actu Nice<\/a> sur sa crainte de voir son activit\u00e9 impact\u00e9e lors du sommet, le p\u00eacheur ni\u00e7ois fait la moue\u2009: \u00ab\u2009\u00c7a nous emb\u00eate d\u00e9j\u00e0, regardez, les clients ne peuvent d\u00e9j\u00e0 plus se garer.\u2009\u00bb<\/p>\n<blockquote class=\"ac-article-quote wall-content\">\n<p>Le sommet des Oc\u00e9ans, ce seront des mecs en costume, des politiques et des scientifiques. Ils ne sont pas connect\u00e9s avec la mer. Ils n&rsquo;ont rien \u00e0 voir avec la mer. Ils ne sont pas l\u00e0 tous les jours sur le terrain. Et quand ils font un sommet pour la mer, on est mis dehors.<\/p>\n<p>    <strong>Lo\u00efc<\/strong><br \/>\n        P\u00eacheur ni\u00e7ois    <\/p><\/blockquote>\n<p class=\" wall-content\">Le Ni\u00e7ois de 40\u00a0ans se projette et imagine un avenir tr\u00e8s sombre. \u00ab\u2009On s\u2019attendait \u00e0 une semaine compliqu\u00e9e, mais ce sont trois mois compliqu\u00e9s. \u00c7a tombe mal, parce que c\u2019est la bonne saison pour le poisson en M\u00e9diterran\u00e9e\u2009\u00bb, peste Lo\u00efc.<\/p>\n<p>Accueilli au port de Villefranche<\/p>\n<p class=\" wall-content\">P\u00eacheur \u00e0 Nice depuis neuf ans, Lo\u00efc reconna\u00eet que des discussions ont \u00e9t\u00e9 mises en place avec la mairie de Nice et la pr\u00e9fecture des Alpes-Maritimes. Rien de suffisant selon lui.<\/p>\n<blockquote class=\"ac-article-quote wall-content\">\n<p>Qu&rsquo;ils le fassent ailleurs, leur sommet.<\/p>\n<p>    <strong>Lo\u00efc<\/strong>\n            <\/p><\/blockquote>\n<p class=\" wall-content\">Une solution temporaire a tout de m\u00eame \u00e9t\u00e9 trouv\u00e9e, puisque son stand de vente de poissons sera<strong> d\u00e9localis\u00e9 \u00e0 Villefranche-sur-Mer<\/strong>, durant le sommet des Oc\u00e9ans. \u00ab\u2009Je ne suis pas convaincu\u2009\u00bb, r\u00e9pond s\u00e8chement Lo\u00efc.<\/p>\n<p class=\" wall-content\">Si les \u00e9changes qui se tiendront du 9 au 13 juin semblent \u00eatre loin de sa r\u00e9alit\u00e9, le p\u00eacheur du port de Nice regrette que sa voix ne soit pas port\u00e9e. \u00ab\u2009Moi, je peux leur parler de pollution\u2026 \u00c7a aurait \u00e9t\u00e9 bien d\u2019avoir un repr\u00e9sentant des p\u00eacheurs locaux qui prenne la parole.\u2009\u00bb<\/p>\n<p class=\" wall-content\">Suivez toute l\u2019actualit\u00e9 de vos villes et m\u00e9dias favoris en vous inscrivant \u00e0 <a href=\"https:\/\/moncompte.actu.fr\" title=\"D\u00e9couvez Mon Actu\" rel=\"nofollow noopener\" data-trk=\"{&quot;cta&quot;:{&quot;action&quot;:&quot;https:\\\/\\\/moncompte.actu.fr&quot;,&quot;category&quot;:&quot;mon compte&quot;,&quot;from&quot;:&quot;article footer&quot;,&quot;name&quot;:&quot;Mon actu&quot;,&quot;type&quot;:&quot;cta&quot;}}\" target=\"_blank\">Mon Actu<\/a>.<\/p>\n","protected":false},"excerpt":{"rendered":"Par Ugo Maillard Publi\u00e9 le 30 avr. 2025 \u00e0 13h30 Du 9 au 13\u00a0juin 2025, la ville de&hellip;\n","protected":false},"author":2,"featured_media":64261,"comment_status":"","ping_status":"","sticky":false,"template":"","format":"standard","meta":{"footnotes":""},"categories":[2819],"tags":[1111,11,1777,674,1011,27,12,2401,4838,882,25,104],"class_list":{"0":"post-64260","1":"post","2":"type-post","3":"status-publish","4":"format-standard","5":"has-post-thumbnail","7":"category-nice","8":"tag-actu","9":"tag-actualites","10":"tag-eu","11":"tag-europe","12":"tag-fr","13":"tag-france","14":"tag-news","15":"tag-nice","16":"tag-peche","17":"tag-provence-alpes-cote-dazur","18":"tag-republique-francaise","19":"tag-societe"},"share_on_mastodon":{"url":"https:\/\/pubeurope.com\/@fr\/114426701862100064","error":""},"_links":{"self":[{"href":"https:\/\/www.europesays.com\/fr\/wp-json\/wp\/v2\/posts\/64260","targetHints":{"allow":["GET"]}}],"collection":[{"href":"https:\/\/www.europesays.com\/fr\/wp-json\/wp\/v2\/posts"}],"about":[{"href":"https:\/\/www.europesays.com\/fr\/wp-json\/wp\/v2\/types\/post"}],"author":[{"embeddable":true,"href":"https:\/\/www.europesays.com\/fr\/wp-json\/wp\/v2\/users\/2"}],"replies":[{"embeddable":true,"href":"https:\/\/www.europesays.com\/fr\/wp-json\/wp\/v2\/comments?post=64260"}],"version-history":[{"count":0,"href":"https:\/\/www.europesays.com\/fr\/wp-json\/wp\/v2\/posts\/64260\/revisions"}],"wp:featuredmedia":[{"embeddable":true,"href":"https:\/\/www.europesays.com\/fr\/wp-json\/wp\/v2\/media\/64261"}],"wp:attachment":[{"href":"https:\/\/www.europesays.com\/fr\/wp-json\/wp\/v2\/media?parent=64260"}],"wp:term":[{"taxonomy":"category","embeddable":true,"href":"https:\/\/www.europesays.com\/fr\/wp-json\/wp\/v2\/categories?post=64260"},{"taxonomy":"post_tag","embeddable":true,"href":"https:\/\/www.europesays.com\/fr\/wp-json\/wp\/v2\/tags?post=64260"}],"curies":[{"name":"wp","href":"https:\/\/api.w.org\/{rel}","templated":true}]}}