{"id":642608,"date":"2026-01-05T14:01:09","date_gmt":"2026-01-05T14:01:09","guid":{"rendered":"https:\/\/www.europesays.com\/fr\/642608\/"},"modified":"2026-01-05T14:01:09","modified_gmt":"2026-01-05T14:01:09","slug":"grosse-interruption-sur-la-ligne-1-du-metro-de-lille-ce-lundi","status":"publish","type":"post","link":"https:\/\/www.europesays.com\/fr\/642608\/","title":{"rendered":"grosse interruption sur la ligne 1 du m\u00e9tro de Lille ce lundi"},"content":{"rendered":"<p>                    Par<br \/>\n        <strong><br \/>\n            <a href=\"https:\/\/actu.fr\/auteur\/nicolas-demollien\" title=\"Consulter tous les articles de Nicolas Demollien\" target=\"_blank\" rel=\"noopener\">Nicolas Demollien<\/a><br \/>\n                    <\/strong><\/p>\n<p>        Publi\u00e9 le<\/p>\n<p>            5 janv. 2026 \u00e0 13h18        <\/p>\n<p>L\u2019ann\u00e9e 2026 d\u00e9marre de fa\u00e7on compliqu\u00e9e pour les <b>usagers<\/b> du <a href=\"https:\/\/actu.fr\/tag\/metro\" target=\"_blank\" rel=\"noopener\">m\u00e9tro<\/a> de <a href=\"https:\/\/actu.fr\/hauts-de-france\/lille_59350\" target=\"_blank\" rel=\"noopener\">Lille<\/a> (Nord) <a href=\"https:\/\/actu.fr\/tag\/ilevia\" target=\"_blank\" rel=\"noopener\">Il\u00e9via<\/a> ! Ce <b>lundi 5 janvier,<\/b> la <b>ligne 1 du r\u00e9seau a \u00e9t\u00e9 interrompue<\/b> et g\u00e9n\u00e8re \u00e0 nouveau la <b>col\u00e8re des clients<\/b>.<\/p>\n<p>La ligne 1 du m\u00e9tro de Lille Il\u00e9via interrompue ce lundi<\/p>\n<p class=\" wall-content\">Comme souvent, c\u2019est seulement une partie de la ligne qui a \u00e9t\u00e9 arr\u00eat\u00e9e. Et comme la plupart du temps, c\u2019est un \u00ab\u00a0<b>d\u00e9faut du nouveau pilote automatique<\/b>\u00a0\u00bb qui est mis en cause par Il\u00e9via.<\/p>\n<p class=\" wall-content\">Ce lundi, l\u2019interruption \u00e9tait effective <b>entre les stations R\u00e9publique Beaux-Arts et Villeneuve d\u2019Ascq H\u00f4tel de Ville<\/b>. Autant dire qu\u2019elle a p\u00e9nalis\u00e9 notamment de nombreux \u00e9tudiants. Sur les r\u00e9seaux, ils sont d\u2019ailleurs beaucoup \u00e0 s\u2019inqui\u00e9ter puisqu\u2019ils ont des examens pr\u00e9vus ce jour.<\/p>\n<p class=\" wall-content\">L\u2019interruption a \u00e9t\u00e9 annonc\u00e9e aux alentours de 12h25. La ligne a finalement red\u00e9marr\u00e9 un peu avant 13h20.<\/p>\n<p class=\" wall-content\">\n<p class=\" wall-content\">Notons qu\u2019aucun bus-relais n\u2019a \u00e9t\u00e9 d\u00e9ploy\u00e9.<\/p>\n<p class=\" wall-content\">Personnalisez votre actualit\u00e9 en ajoutant vos villes et m\u00e9dias en favori avec <a href=\"https:\/\/moncompte.actu.fr\" title=\"D\u00e9couvez Mon Actu\" rel=\"nofollow noopener\" data-trk=\"{&quot;cta&quot;:{&quot;action&quot;:&quot;https:\\\/\\\/moncompte.actu.fr&quot;,&quot;category&quot;:&quot;mon compte&quot;,&quot;from&quot;:&quot;article footer&quot;,&quot;name&quot;:&quot;Mon actu&quot;,&quot;type&quot;:&quot;cta&quot;}}\" target=\"_blank\">Mon Actu<\/a>.<\/p>\n","protected":false},"excerpt":{"rendered":"Par Nicolas Demollien Publi\u00e9 le 5 janv. 2026 \u00e0 13h18 L\u2019ann\u00e9e 2026 d\u00e9marre de fa\u00e7on compliqu\u00e9e pour les&hellip;\n","protected":false},"author":2,"featured_media":642609,"comment_status":"","ping_status":"","sticky":false,"template":"","format":"standard","meta":{"footnotes":""},"categories":[2815],"tags":[1111,11,1777,674,1011,27,811,4288,1307,4047,12,25,104,2803],"class_list":{"0":"post-642608","1":"post","2":"type-post","3":"status-publish","4":"format-standard","5":"has-post-thumbnail","7":"category-lille","8":"tag-actu","9":"tag-actualites","10":"tag-eu","11":"tag-europe","12":"tag-fr","13":"tag-france","14":"tag-hauts-de-france","15":"tag-ilevia","16":"tag-lille","17":"tag-metro","18":"tag-news","19":"tag-republique-francaise","20":"tag-societe","21":"tag-transport"},"share_on_mastodon":{"url":"https:\/\/pubeurope.com\/@fr\/115842861549714378","error":""},"_links":{"self":[{"href":"https:\/\/www.europesays.com\/fr\/wp-json\/wp\/v2\/posts\/642608","targetHints":{"allow":["GET"]}}],"collection":[{"href":"https:\/\/www.europesays.com\/fr\/wp-json\/wp\/v2\/posts"}],"about":[{"href":"https:\/\/www.europesays.com\/fr\/wp-json\/wp\/v2\/types\/post"}],"author":[{"embeddable":true,"href":"https:\/\/www.europesays.com\/fr\/wp-json\/wp\/v2\/users\/2"}],"replies":[{"embeddable":true,"href":"https:\/\/www.europesays.com\/fr\/wp-json\/wp\/v2\/comments?post=642608"}],"version-history":[{"count":0,"href":"https:\/\/www.europesays.com\/fr\/wp-json\/wp\/v2\/posts\/642608\/revisions"}],"wp:featuredmedia":[{"embeddable":true,"href":"https:\/\/www.europesays.com\/fr\/wp-json\/wp\/v2\/media\/642609"}],"wp:attachment":[{"href":"https:\/\/www.europesays.com\/fr\/wp-json\/wp\/v2\/media?parent=642608"}],"wp:term":[{"taxonomy":"category","embeddable":true,"href":"https:\/\/www.europesays.com\/fr\/wp-json\/wp\/v2\/categories?post=642608"},{"taxonomy":"post_tag","embeddable":true,"href":"https:\/\/www.europesays.com\/fr\/wp-json\/wp\/v2\/tags?post=642608"}],"curies":[{"name":"wp","href":"https:\/\/api.w.org\/{rel}","templated":true}]}}