{"id":642614,"date":"2026-01-05T14:04:13","date_gmt":"2026-01-05T14:04:13","guid":{"rendered":"https:\/\/www.europesays.com\/fr\/642614\/"},"modified":"2026-01-05T14:04:13","modified_gmt":"2026-01-05T14:04:13","slug":"les-gens-refont-des-creches-la-foire-aux-santons-de-marseille-encore-plus-frequentee-que-lan-passe","status":"publish","type":"post","link":"https:\/\/www.europesays.com\/fr\/642614\/","title":{"rendered":"\u00ab\u00a0Les gens refont des cr\u00e8ches\u00a0!\u00a0\u00bb\u00a0: la foire aux santons de Marseille encore plus fr\u00e9quent\u00e9e que l\u2019an pass\u00e9"},"content":{"rendered":"<p class=\"paragraph text_align_left lp-f-body-02\">Avec 450 000 visiteurs, contre 400 000 l\u2019an dernier, la 223e Foire aux santons de Marseille (Bouches-du-Rh\u00f4ne), install\u00e9e sur le Vieux-Port, a \u00e9t\u00e9 un grand cru comme toutes celles de la r\u00e9gion. Conclue ce dimanche 4 janvier apr\u00e8s une ouverture d\u00e8s le 15 novembre, la plus ancienne foire sp\u00e9cialis\u00e9e de Provence a r\u00e9uni 21 santonniers et cr\u00e9chistes qui constatent tous <a href=\"https:\/\/www.leparisien.fr\/bouches-du-rhone-13\/ce-nest-pas-un-truc-de-vieux-en-provence-les-santons-soffrent-une-cure-de-jouvence-22-11-2024-E3RZPXD6TNFIDBBPG6CUCQSNKU.php\" target=\"_self\" rel=\"noopener\">un regain d\u2019int\u00e9r\u00eat pour leurs productions traditionnelles et artisanales<\/a>.<\/p>\n<p class=\"\">\u00ab On a eu \u00e9norm\u00e9ment de monde, des Marseillais de tous les \u00e2ges mais avec beaucoup de jeunes, et \u00e9galement des touristes fran\u00e7ais ou \u00e9trangers qui ne faisaient pas que passer mais achetaient aussi. On est sur le chemin des croisi\u00e9ristes, on a eu beaucoup d\u2019Espagnols et d\u2019Italiens qui, eux aussi, ont cette culture de la cr\u00e8che \u00bb, confirment, derri\u00e8re leur stand, Brigitte et Gilbert Markoyan de l\u2019atelier Vickens install\u00e9 \u00e0 Roquevaire et pr\u00e9sents sur la foire marseillaise depuis plus de trente ans.<\/p>\n<p><img decoding=\"async\" class=\"image \" loading=\"lazy\" src=\"https:\/\/www.europesays.com\/fr\/wp-content\/uploads\/2026\/01\/RKEEA7WAMBB6FGKFECCJP4ZJIQ.jpg\" alt=\"\u00ab\u00a0On a eu beaucoup de clients espagnols et italiens\u00a0\u00bb, notent Brigitte et Gilbert Markoyan, sur leur stand de l\u2019atelier Vickens install\u00e9 \u00e0 Roquevaire.\/LP\/Marc Leras\" align=\"\" data-rubrique-principale=\"\" data-article-type=\"\" fetchpriority=\"auto\"\/>\u00ab\u00a0On a eu beaucoup de clients espagnols et italiens\u00a0\u00bb, notent Brigitte et Gilbert Markoyan, sur leur stand de l\u2019atelier Vickens install\u00e9 \u00e0 Roquevaire.\/LP\/Marc Leras<\/p>\n<p class=\"\">\u00ab Les gens refont des cr\u00e8ches, se r\u00e9jouit le couple, il y a un vrai renouveau, un retour aux racines et les visiteurs d\u00e9couvrent que chacun des santonniers pr\u00e9sents a son propre style. On essaye de se renouveler, on cr\u00e9e des d\u00e9cors. Cette ann\u00e9e, on a propos\u00e9 des fontaines reproduisant celles des villages de la r\u00e9gion. \u00bb<\/p>\n<p>\u00ab Je suis loin d\u2019avoir tous les personnages \u00bb<\/p>\n<p class=\"\">D\u00e9j\u00e0 soulign\u00e9e ces derni\u00e8res ann\u00e9es, la pr\u00e9sence massive d\u2019une client\u00e8le de jeunes ou de jeunes parents dans les trav\u00e9es de la foire s\u2019est encore confirm\u00e9e lors de cette \u00e9dition. \u00ab Comme les autres santonniers, j\u2019ai vendu beaucoup de Sainte Famille cette ann\u00e9e : l\u2019enfant J\u00e9sus, Marie, Joseph, l\u2019\u00e2ne et le b\u0153uf. C\u2019est ce qu\u2019on ach\u00e8te en premier quand on d\u00e9marre une cr\u00e8che, ensuite, chaque ann\u00e9e, on se procure d\u2019autres santons pour la compl\u00e9ter \u00bb, raconte Patrice Gateau, santonnier depuis quarante ans \u00e0 Simiane-Collongue. \u00ab Clairement, on vend plus de Nativit\u00e9 qu\u2019avant : il se passe vraiment quelque chose, un retour \u00e0 la tradition. \u00bb<\/p>\n<p><img decoding=\"async\" class=\"image \" loading=\"lazy\" src=\"https:\/\/www.europesays.com\/fr\/wp-content\/uploads\/2026\/01\/4BLJDWR5CVFB3PXRHDFTHTU7BU.jpg\" alt=\"Pour Patrice Gateau, santonnier depuis quarante ans \u00e0 Simiane-Collongue, \u00ab\u00a0il se passe vraiment quelque chose, un retour \u00e0 la tradition\u00a0\u00bb.\/LP\/Marc Leras\" align=\"\" data-rubrique-principale=\"\" data-article-type=\"\" fetchpriority=\"auto\"\/>Pour Patrice Gateau, santonnier depuis quarante ans \u00e0 Simiane-Collongue, \u00ab\u00a0il se passe vraiment quelque chose, un retour \u00e0 la tradition\u00a0\u00bb.\/LP\/Marc Leras<\/p>\n<p class=\"\">\u00ab Je suis venu acheter un dernier santon avant la fermeture, celui du berger. Je prends un peu d\u2019avance sur l\u2019an prochain \u00bb, nous a confi\u00e9 ce dimanche R\u00e9mi, un jeune informaticien marseillais. \u00ab J\u2019ai commenc\u00e9 \u00e0 faire la cr\u00e8che il y a deux ans apr\u00e8s la naissance de mon fils et je suis loin d\u2019avoir tous les personnages. \u00bb<\/p>\n<p class=\"\">Ces santons fabriqu\u00e9s et peints \u00e0 la main tout au long de l\u2019ann\u00e9e sont vendus entre 8 et plus d\u2019une centaine d\u2019euros selon les tailles. Environ 150 santonniers traditionnels exercent en Provence, mais aussi dans la Dr\u00f4me, le Gard et l\u2019H\u00e9rault et les f\u00eates de fin d\u2019ann\u00e9e repr\u00e9sentent autour de 70 % de leur chiffre d\u2019affaires. Face au risque av\u00e9r\u00e9 de concurrence d\u00e9loyale, l\u2019Union des fabricants de santons de Provence a lanc\u00e9 une demande d\u2019Indication G\u00e9ographique Prot\u00e9g\u00e9e (IGP) pour les santons.<\/p>\n<p class=\"\">\u00ab Le cahier des charges est termin\u00e9 et nous allons le d\u00e9poser en janvier \u00e0 l\u2019INPI avant une enqu\u00eate publique qui durera quelques mois \u00bb, confirme Michel Bouvier, le pr\u00e9sident de l\u2019association. \u00ab D\u2019ici un an ou deux, plus personne ne pourra se pr\u00e9valoir de vendre des santons de Provence s\u2019il n\u2019a pas l\u2019estampille IGP. Tout sera fait dans la zone de la Provence historique, c\u2019est un moyen de se pr\u00e9munir contre une concurrence d\u00e9localis\u00e9e et \u00e0 bas co\u00fbt avec un prix de revient six fois inf\u00e9rieur au n\u00f4tre ! \u00bb<\/p>\n","protected":false},"excerpt":{"rendered":"Avec 450 000 visiteurs, contre 400 000 l\u2019an dernier, la 223e Foire aux santons de Marseille (Bouches-du-Rh\u00f4ne), install\u00e9e&hellip;\n","protected":false},"author":2,"featured_media":642615,"comment_status":"","ping_status":"","sticky":false,"template":"","format":"standard","meta":{"footnotes":""},"categories":[2814],"tags":[1111,917,11,11004,459,1777,674,1011,27,884,12,882,25,104],"class_list":{"0":"post-642614","1":"post","2":"type-post","3":"status-publish","4":"format-standard","5":"has-post-thumbnail","7":"category-marseille","8":"tag-actu","9":"tag-actu-locale","10":"tag-actualites","11":"tag-bouches-du-rhone-13","12":"tag-departements-horsidfo","13":"tag-eu","14":"tag-europe","15":"tag-fr","16":"tag-france","17":"tag-marseille","18":"tag-news","19":"tag-provence-alpes-cote-dazur","20":"tag-republique-francaise","21":"tag-societe"},"share_on_mastodon":{"url":"https:\/\/pubeurope.com\/@fr\/115842873319287673","error":""},"_links":{"self":[{"href":"https:\/\/www.europesays.com\/fr\/wp-json\/wp\/v2\/posts\/642614","targetHints":{"allow":["GET"]}}],"collection":[{"href":"https:\/\/www.europesays.com\/fr\/wp-json\/wp\/v2\/posts"}],"about":[{"href":"https:\/\/www.europesays.com\/fr\/wp-json\/wp\/v2\/types\/post"}],"author":[{"embeddable":true,"href":"https:\/\/www.europesays.com\/fr\/wp-json\/wp\/v2\/users\/2"}],"replies":[{"embeddable":true,"href":"https:\/\/www.europesays.com\/fr\/wp-json\/wp\/v2\/comments?post=642614"}],"version-history":[{"count":0,"href":"https:\/\/www.europesays.com\/fr\/wp-json\/wp\/v2\/posts\/642614\/revisions"}],"wp:featuredmedia":[{"embeddable":true,"href":"https:\/\/www.europesays.com\/fr\/wp-json\/wp\/v2\/media\/642615"}],"wp:attachment":[{"href":"https:\/\/www.europesays.com\/fr\/wp-json\/wp\/v2\/media?parent=642614"}],"wp:term":[{"taxonomy":"category","embeddable":true,"href":"https:\/\/www.europesays.com\/fr\/wp-json\/wp\/v2\/categories?post=642614"},{"taxonomy":"post_tag","embeddable":true,"href":"https:\/\/www.europesays.com\/fr\/wp-json\/wp\/v2\/tags?post=642614"}],"curies":[{"name":"wp","href":"https:\/\/api.w.org\/{rel}","templated":true}]}}