{"id":642616,"date":"2026-01-05T14:05:15","date_gmt":"2026-01-05T14:05:15","guid":{"rendered":"https:\/\/www.europesays.com\/fr\/642616\/"},"modified":"2026-01-05T14:05:15","modified_gmt":"2026-01-05T14:05:15","slug":"nouvelle-fermeture-administrative-du-bar-the-truth-a-lyon","status":"publish","type":"post","link":"https:\/\/www.europesays.com\/fr\/642616\/","title":{"rendered":"nouvelle fermeture administrative du bar The Truth \u00e0 Lyon"},"content":{"rendered":"<p>La pr\u00e9f\u00e8te du Rh\u00f4ne a sign\u00e9, le 29 d\u00e9cembre 2025, un arr\u00eat\u00e9 pronon\u00e7ant la fermeture administrative du bar The Truth, situ\u00e9 au 38 cours de Verdun, \u00e0 Lyon 2\u1d49. La mesure est prise \u00ab\u00a0pour \u00e9viter toute nouvelle atteinte \u00e0 l\u2019ordre public, la s\u00e9curit\u00e9 ou la tranquillit\u00e9 publique\u00a0\u00bb, au regard de multiples incidents survenus en 2025.<\/p>\n<p>Cette nouvelle fermeture intervient pr\u00e8s d\u2019un an apr\u00e8s une premi\u00e8re sanction administrative. Le 10 janvier 2025, la pr\u00e9fecture du Rh\u00f4ne avait d\u00e9j\u00e0 ordonn\u00e9 la fermeture du bar pour une dur\u00e9e de trois mois, notamment en raison de d\u00e9tention et de vente de tabac de contrebande, \u00e0 l\u2019issue de plusieurs contr\u00f4les et interventions polici\u00e8res.<\/p>\n<p>Selon ce nouvel\u00a0arr\u00eat\u00e9 pr\u00e9fectoral, les services de police sont intervenus le 11 novembre 2025, entre 7h20 et 8h30, \u00ab\u00a0sur plusieurs rixes opposant des clients de l\u2019\u00e9tablissement\u00a0\u00bb. Ces faits s\u2019inscrivent dans un contexte de troubles r\u00e9currents, d\u00e9j\u00e0 relev\u00e9s \u00e0 plusieurs reprises par les forces de l\u2019ordre.<\/p>\n<p>La pr\u00e9fecture rappelle \u00e9galement qu\u2019un pr\u00e9c\u00e9dent arr\u00eat\u00e9 de fermeture administrative d\u2019une dur\u00e9e de huit jours avait \u00e9t\u00e9 pris le 31 octobre 2025 \u00ab\u00a0en raison d\u2019un attroupement de clients pr\u00eats \u00e0 en d\u00e9coudre\u00a0\u00bb. Un rapport de la division ouest de la direction interd\u00e9partementale de la police nationale, \u00e9tabli le 14 novembre 2025, a nourri la d\u00e9cision des services de l&rsquo;\u00c9tat.<\/p>\n<p>La g\u00e9rante de l\u2019\u00e9tablissement a \u00e9t\u00e9 invit\u00e9e \u00e0 pr\u00e9senter ses observations par courrier recommand\u00e9 le 19 novembre 2025. Celles-ci ont \u00e9t\u00e9 transmises par son conseil, me Vahit Polat, dans un courrier dat\u00e9 du 22 d\u00e9cembre 2025. Malgr\u00e9 ces \u00e9l\u00e9ments, la pr\u00e9fecture estime que \u00ab\u00a0la multiplicit\u00e9 des infractions relev\u00e9es en 2025\u00a0\u00bb justifie une nouvelle sanction administrative.<\/p>\n<p>Par arr\u00eat\u00e9, il est donc \u00ab\u00a0prononc\u00e9e pour une dur\u00e9e de deux mois \u00e0 compter de 48 heures apr\u00e8s la notification du pr\u00e9sent arr\u00eat\u00e9, la fermeture de l\u2019\u00e9tablissement sis \u00e0 Lyon 2\u1d49, 38 cours de Verdun \u00e0 l\u2019enseigne &lsquo;The Truth'\u00a0\u00bb. Une affichette officielle devra \u00eatre appos\u00e9e sur la devanture pendant toute la dur\u00e9e de la fermeture.<\/p>\n","protected":false},"excerpt":{"rendered":"La pr\u00e9f\u00e8te du Rh\u00f4ne a sign\u00e9, le 29 d\u00e9cembre 2025, un arr\u00eat\u00e9 pronon\u00e7ant la fermeture administrative du bar&hellip;\n","protected":false},"author":2,"featured_media":642617,"comment_status":"","ping_status":"","sticky":false,"template":"","format":"standard","meta":{"footnotes":""},"categories":[1889],"tags":[1111,11,2813,2190,2430,1109,251,1112,2811,1777,674,118,1011,27,1922,1110,1114,2428,2810,12,241,316,25,2812,517,800],"class_list":{"0":"post-642616","1":"post","2":"type-post","3":"status-publish","4":"format-standard","5":"has-post-thumbnail","7":"category-lyon","8":"tag-actu","9":"tag-actualites","10":"tag-article","11":"tag-asvel","12":"tag-auvergne-rhone-alpes","13":"tag-breves","14":"tag-culture","15":"tag-depeches","16":"tag-economique","17":"tag-eu","18":"tag-europe","19":"tag-faits-divers","20":"tag-fr","21":"tag-france","22":"tag-info","23":"tag-informations","24":"tag-infos","25":"tag-lyon","26":"tag-lyonmag","27":"tag-news","28":"tag-ol","29":"tag-politique","30":"tag-republique-francaise","31":"tag-sociale","32":"tag-sport","33":"tag-transports"},"share_on_mastodon":{"url":"https:\/\/pubeurope.com\/@fr\/115842877227212431","error":""},"_links":{"self":[{"href":"https:\/\/www.europesays.com\/fr\/wp-json\/wp\/v2\/posts\/642616","targetHints":{"allow":["GET"]}}],"collection":[{"href":"https:\/\/www.europesays.com\/fr\/wp-json\/wp\/v2\/posts"}],"about":[{"href":"https:\/\/www.europesays.com\/fr\/wp-json\/wp\/v2\/types\/post"}],"author":[{"embeddable":true,"href":"https:\/\/www.europesays.com\/fr\/wp-json\/wp\/v2\/users\/2"}],"replies":[{"embeddable":true,"href":"https:\/\/www.europesays.com\/fr\/wp-json\/wp\/v2\/comments?post=642616"}],"version-history":[{"count":0,"href":"https:\/\/www.europesays.com\/fr\/wp-json\/wp\/v2\/posts\/642616\/revisions"}],"wp:featuredmedia":[{"embeddable":true,"href":"https:\/\/www.europesays.com\/fr\/wp-json\/wp\/v2\/media\/642617"}],"wp:attachment":[{"href":"https:\/\/www.europesays.com\/fr\/wp-json\/wp\/v2\/media?parent=642616"}],"wp:term":[{"taxonomy":"category","embeddable":true,"href":"https:\/\/www.europesays.com\/fr\/wp-json\/wp\/v2\/categories?post=642616"},{"taxonomy":"post_tag","embeddable":true,"href":"https:\/\/www.europesays.com\/fr\/wp-json\/wp\/v2\/tags?post=642616"}],"curies":[{"name":"wp","href":"https:\/\/api.w.org\/{rel}","templated":true}]}}