{"id":642623,"date":"2026-01-05T14:10:11","date_gmt":"2026-01-05T14:10:11","guid":{"rendered":"https:\/\/www.europesays.com\/fr\/642623\/"},"modified":"2026-01-05T14:10:11","modified_gmt":"2026-01-05T14:10:11","slug":"incendie-de-crans-montana-le-prefet-de-police-annonce-une-vague-de-controles-dans-les-etablissements-de-nuit-de-paris","status":"publish","type":"post","link":"https:\/\/www.europesays.com\/fr\/642623\/","title":{"rendered":"Incendie de Crans-Montana : Le pr\u00e9fet de police annonce une vague de contr\u00f4les dans les \u00e9tablissements de nuit de Paris"},"content":{"rendered":"<p class=\"mb-4 text-lg md:leading-8 break-words\"><strong>Plus s\u00fbre la nuit &#8211; Apr\u00e8s le drame de Crans-Montana et ses 40 morts, le pr\u00e9fet de police de Paris a annonc\u00e9 une vague de contr\u00f4les dans les \u00e9tablissements de nuit pour s\u2019assurer du respect des r\u00e8glementations<\/strong><\/p>\n<p class=\"mb-4 text-lg md:leading-8 break-words\">Le Pr\u00e9fet de police de <a href=\"https:\/\/www.20minutes.fr\/paris\/?at_medium=RSS%20feed&amp;at_campaign=ynews&amp;utm_source=yahoo&amp;utm_medium=rss&amp;utm_campaign=news_feed&amp;utm_content=in_article_link\" rel=\"nofollow noopener\" target=\"_blank\" data-ylk=\"slk:Paris;elm:context_link;itc:0;sec:content-canvas\" class=\"link \">Paris <\/a>a annonc\u00e9 des contr\u00f4les dans les <a href=\"https:\/\/www.20minutes.fr\/dossier\/boite_de_nuit?at_medium=RSS%20feed&amp;at_campaign=ynews&amp;utm_source=yahoo&amp;utm_medium=rss&amp;utm_campaign=news_feed&amp;utm_content=in_article_link\" rel=\"nofollow noopener\" target=\"_blank\" data-ylk=\"slk:\u00e9tablissements de nuit;elm:context_link;itc:0;sec:content-canvas\" class=\"link \">\u00e9tablissements de nuit<\/a> parisiens <a href=\"https:\/\/www.20minutes.fr\/faits_divers\/4194365-20260105-incendie-crans-montana-dj-barman-etudiante-neuf-victimes-francaises-drame?at_medium=RSS%20feed&amp;at_campaign=ynews&amp;utm_source=yahoo&amp;utm_medium=rss&amp;utm_campaign=news_feed&amp;utm_content=in_article_link\" rel=\"nofollow noopener\" target=\"_blank\" data-ylk=\"slk:apr\u00e8s l\u2019incendie meurtrier de Crans-Montana;elm:context_link;itc:0;sec:content-canvas\" class=\"link \">apr\u00e8s l\u2019incendie meurtrier de Crans-Montana<\/a>, dans un courrier adress\u00e9 \u00e0 diverses f\u00e9d\u00e9rations de professionnels de la restauration et de la vie nocturne.<\/p>\n<p class=\"mb-4 text-lg md:leading-8 break-words\">Dans ce courrier, le pr\u00e9fet de police annonce \u00ab\u00a0que des contr\u00f4les seront prochainement diligent\u00e9s afin de s\u2019assurer du respect de la r\u00e8glementation\u00a0\u00bb sur la s\u00e9curit\u00e9 s\u2019appliquant aux \u00e9tablissements recevant du public, notamment la nuit. \u00ab\u00a0Je tiens \u00e0 vous rappeler les obligations auxquelles sont assujettis vos adh\u00e9rents, responsables de la s\u00e9curit\u00e9 incendie des \u00e9tablissements dont ils assurent l\u2019exploitation et la gestion\u00a0\u00bb, souligne le pr\u00e9fet.<\/p>\n<p>Jauges, issues, interdictions des bougies\u2026<\/p>\n<p class=\"mb-4 text-lg md:leading-8 break-words\">\u00ab\u00a0Le r\u00e9cent drame survenu chez nos voisins suisses [\u2026] m\u2019incite \u00e0 vous demander d\u2019attirer plus particuli\u00e8rement l\u2019attention des exploitants\u00a0\u00bb sur plusieurs points, indique-t-il encore\u00a0: Respect de la jauge du public, maintien libre des issues, interdiction d\u2019utilisation de bougies et flammes nues, v\u00e9rification du bon fonctionnement des \u00e9quipements de s\u00e9curit\u00e9, entre autres.<\/p>\n<p class=\"mb-4 text-lg md:leading-8 break-words\">\u00ab\u00a0Ce drame rappelle \u00f4 combien la s\u00e9curit\u00e9 du public doit \u00eatre, au quotidien, la priorit\u00e9 absolue de tous les professionnels\u00a0\u00bb, a relev\u00e9 Catherine Qu\u00e9rard, pr\u00e9sidente du GHR, dans un communiqu\u00e9 lundi o\u00f9 il est fait mention du courrier de la pr\u00e9fecture de police de Paris.<\/p>\n<p class=\"mb-4 text-lg md:leading-8 break-words\">Elle estime que la trag\u00e9die de Crans-Montana \u00ab\u00a0doit \u00e9galement nous conduire, \u00e0 titre pr\u00e9ventif, \u00e0 nous interrog(&#8230;)<\/p>\n<p class=\"mb-4 text-lg md:leading-8 break-words\"><a href=\"https:\/\/www.20minutes.fr\/societe\/4194416-20260105-incendie-crans-montana-prefet-police-annonce-vague-controles-etablissements-nuit-paris?at_medium=RSS%20feed&amp;at_campaign=ynews&amp;utm_source=yahoo&amp;utm_medium=rss&amp;utm_campaign=news_feed&amp;utm_content=read_more_link&quot;\" rel=\"nofollow noopener\" target=\"_blank\" data-ylk=\"slk:Lire la suite sur 20minutes;elm:context_link;itc:0;sec:content-canvas\" class=\"link \">Lire la suite sur 20minutes<\/a><\/p>\n<p>\u00c0 lire aussi :<br \/><a href=\"https:\/\/www.20minutes.fr\/societe\/4194199-20260104-incendie-crans-montana-arthur-parti-faire-fete-paradis-maman-annonce-mort-fils?at_medium=RSS%20feed&amp;at_campaign=ynews&amp;utm_source=yahoo&amp;utm_medium=rss&amp;utm_campaign=news_feed&amp;utm_content=related_content_link\" rel=\"nofollow noopener\" target=\"_blank\" data-ylk=\"slk:Incendie de Crans-Montana\u00a0: \u00ab\u00a0Arthur est parti faire la f\u00eate au paradis\u00a0\u00bb\u2026 Cette maman annonce la mort de son fils;elm:context_link;itc:0;sec:content-canvas\" class=\"link \">Incendie de Crans-Montana\u00a0: \u00ab\u00a0Arthur est parti faire la f\u00eate au paradis\u00a0\u00bb\u2026 Cette maman annonce la mort de son fils<\/a><br \/><a href=\"https:\/\/www.20minutes.fr\/monde\/4194015-20260102-incendie-mortel-crans-montana-bar-normes?at_medium=RSS%20feed&amp;at_campaign=ynews&amp;utm_source=yahoo&amp;utm_medium=rss&amp;utm_campaign=news_feed&amp;utm_content=related_content_link\" rel=\"nofollow noopener\" target=\"_blank\" data-ylk=\"slk:Incendie mortel \u00e0 Crans-Montana\u00a0: Le bar \u00e9tait-il aux normes\u00a0?;elm:context_link;itc:0;sec:content-canvas\" class=\"link \">Incendie mortel \u00e0 Crans-Montana\u00a0: Le bar \u00e9tait-il aux normes\u00a0?<\/a><\/p>\n","protected":false},"excerpt":{"rendered":"Plus s\u00fbre la nuit &#8211; Apr\u00e8s le drame de Crans-Montana et ses 40 morts, le pr\u00e9fet de police&hellip;\n","protected":false},"author":2,"featured_media":642624,"comment_status":"","ping_status":"","sticky":false,"template":"","format":"standard","meta":{"footnotes":""},"categories":[1888],"tags":[1111,1928,11,1927,43885,60549,74936,1777,674,1011,27,12,1926,626,1925,15003,74937,25],"class_list":{"0":"post-642623","1":"post","2":"type-post","3":"status-publish","4":"format-standard","5":"has-post-thumbnail","7":"category-paris","8":"tag-actu","9":"tag-actu-paris","10":"tag-actualites","11":"tag-actualites-paris","12":"tag-crans-montana","13":"tag-equipements-de-securite","14":"tag-etablissements-recevant-du-public","15":"tag-eu","16":"tag-europe","17":"tag-fr","18":"tag-france","19":"tag-news","20":"tag-news-paris","21":"tag-paris","22":"tag-paris-news","23":"tag-prefet-de-police","24":"tag-professionnels-de-la-restauration","25":"tag-republique-francaise"},"share_on_mastodon":{"url":"https:\/\/pubeurope.com\/@fr\/115842896623171765","error":""},"_links":{"self":[{"href":"https:\/\/www.europesays.com\/fr\/wp-json\/wp\/v2\/posts\/642623","targetHints":{"allow":["GET"]}}],"collection":[{"href":"https:\/\/www.europesays.com\/fr\/wp-json\/wp\/v2\/posts"}],"about":[{"href":"https:\/\/www.europesays.com\/fr\/wp-json\/wp\/v2\/types\/post"}],"author":[{"embeddable":true,"href":"https:\/\/www.europesays.com\/fr\/wp-json\/wp\/v2\/users\/2"}],"replies":[{"embeddable":true,"href":"https:\/\/www.europesays.com\/fr\/wp-json\/wp\/v2\/comments?post=642623"}],"version-history":[{"count":0,"href":"https:\/\/www.europesays.com\/fr\/wp-json\/wp\/v2\/posts\/642623\/revisions"}],"wp:featuredmedia":[{"embeddable":true,"href":"https:\/\/www.europesays.com\/fr\/wp-json\/wp\/v2\/media\/642624"}],"wp:attachment":[{"href":"https:\/\/www.europesays.com\/fr\/wp-json\/wp\/v2\/media?parent=642623"}],"wp:term":[{"taxonomy":"category","embeddable":true,"href":"https:\/\/www.europesays.com\/fr\/wp-json\/wp\/v2\/categories?post=642623"},{"taxonomy":"post_tag","embeddable":true,"href":"https:\/\/www.europesays.com\/fr\/wp-json\/wp\/v2\/tags?post=642623"}],"curies":[{"name":"wp","href":"https:\/\/api.w.org\/{rel}","templated":true}]}}