{"id":642629,"date":"2026-01-05T14:14:25","date_gmt":"2026-01-05T14:14:25","guid":{"rendered":"https:\/\/www.europesays.com\/fr\/642629\/"},"modified":"2026-01-05T14:14:25","modified_gmt":"2026-01-05T14:14:25","slug":"volodymyr-zelensky-prend-le-maitre-espion-kyrylo-boudanov-comme-numero-deux","status":"publish","type":"post","link":"https:\/\/www.europesays.com\/fr\/642629\/","title":{"rendered":"Volodymyr Zelensky prend le ma\u00eetre espion Kyrylo Boudanov comme num\u00e9ro deux"},"content":{"rendered":"<p>\n    <strong>D\u00c9CRYPTAGE <\/strong>&#8211; Le chef de l\u2019\u00c9tat ukrainien a annonc\u00e9 plusieurs nominations cl\u00e9s dans l\u2019appareil s\u00e9curitaire, dont celle du populaire chef du renseignement militaire \u00e0 la t\u00eate de l\u2019administration pr\u00e9sidentielle.<\/p>\n<p class=\"fig-paragraph\">Les yeux pliss\u00e9s et toujours prompt aux formules sibyllines,\u00a0<a href=\"http:\/\/www.lefigaro.fr\/flash-actu\/ukraine-le-chef-du-renseignement-militaire-futur-ministre-de-la-defense-20230205\" data-fig-type=\"NewsFlash\" data-gtm-custom-categorie=\"navigation\" data-gtm-custom-action=\"crossclick\" data-gtm-custom-label=\"Contextuel\" data-gtm-event=\"customEventSPE\" data-fig-domain=\"LEFIGARO\" target=\"_blank\" rel=\"noopener\">Kyrylo Boudanov<\/a>\u00a0est une figure embl\u00e9matique et populaire en Ukraine. Le chef du renseignement militaire est d\u00e9sormais le deuxi\u00e8me personnage le plus puissant du pays, depuis sa nomination, le 2\u00a0janvier, \u00e0 la t\u00eate du bureau pr\u00e9sidentiel. Ce poste aux contours flous est devenu au fil des ann\u00e9es post-ind\u00e9pendance \u00e0 la fois celui de conseiller strat\u00e9gique, de gestionnaire administratif et m\u00eame de quasi-vice-pr\u00e9sident.<\/p>\n<p class=\"fig-paragraph\">Cette nomination, tr\u00e8s attendue, a \u00e9t\u00e9 longtemps diff\u00e9r\u00e9e, tant la succession paraissait difficile \u00e0 assumer apr\u00e8s la d\u00e9mission fin novembre d\u2019<a href=\"http:\/\/www.lefigaro.fr\/international\/perquisitions-anticorruption-en-ukraine-le-chef-de-cabinet-de-zelensky-a-remis-sa-demission-20251128\" data-fig-type=\"NewsFlash\" data-gtm-custom-categorie=\"navigation\" data-gtm-custom-action=\"crossclick\" data-gtm-custom-label=\"Contextuel\" data-gtm-event=\"customEventSPE\" data-fig-domain=\"LEFIGARO\" target=\"_blank\" rel=\"noopener\">Andriy Yermak<\/a>, compagnon de route controvers\u00e9\u00a0<a href=\"http:\/\/www.lefigaro.fr\/international\/volodymyr-zelensky-dit-que-si-moscou-fait-echouer-la-diplomatie-l-ukraine-devra-continuer-a-se-defendre-20260103\" data-fig-type=\"NewsFlash\" data-gtm-custom-categorie=\"navigation\" data-gtm-custom-action=\"crossclick\" data-gtm-custom-label=\"Contextuel\" data-gtm-event=\"customEventSPE\" data-fig-domain=\"LEFIGARO\" target=\"_blank\" rel=\"noopener\">de Zelensky<\/a>. Cet ancien avocat dans le cin\u00e9ma dirigeait le bureau pr\u00e9sidentiel d\u2019une main de fer et contr\u00f4lait tous les acc\u00e8s au pr\u00e9sident. Son nom a \u00e9merg\u00e9 dans une affaire de corruption \u00e0 100\u00a0millions de dollars dans le secteur \u00e9nerg\u00e9tique, entra\u00eenant sa chute, ainsi que celle de deux ministres. Trouver un rempla\u00e7ant s\u2019est av\u00e9r\u00e9 complexe&amp;nbsp\u2026<\/p>\n<p class=\"fig-premium-paywall__infos\">\n        Cet article est r\u00e9serv\u00e9 aux abonn\u00e9s.        Il vous reste 79% \u00e0 d\u00e9couvrir.\n    <\/p>\n<p>                <img  data- alt=\"Le Figaro\" class=\"fig-img--complete fig-img\"\/><\/p>\n<p class=\"fig-premium-paywall__title\">Vous avez envie de lire la suite ?<\/p>\n<p class=\"fig-premium-paywall__subtitle\">D\u00e9bloquez tous les articles imm\u00e9diatement.<\/p>\n<p class=\"fig-premium-paywall__connect\">\n                D\u00e9j\u00e0 abonn\u00e9\u00a0?                <a class=\"fig-premium-paywall__connect-link\" href=\"https:\/\/connect.lefigaro.fr\/login?client=horizon_web&amp;type=main&amp;redirect_uri=https%3A%2F%2Fwww.lefigaro.fr%2Finternational%2Fukraine-volodymyr-zelensky-prend-le-maitre-espion-kyrylo-boudanov-comme-numero-deux-20260105\" data-js-gtm=\"{&quot;customCategorie&quot;: &quot;conversion&quot;, &quot;customAction&quot;: &quot;before_Landing_Connexion_paywall_auto&quot;, &quot;customLabel&quot;: &quot;bGVmaWdhcm8uZnJfXzFmMGVhMjk5LWZmMzItNjk1Ni1iNzJkLWE5NzNlMjgzNmNjOV9fQXJ0aWNsZQ==_Ukraine\u00a0: Volodymyr Zelensky prend le ma\u00eetre espion Kyrylo Boudanov comme num\u00e9ro deux_522&quot;, &quot;customIDSPE&quot;: &quot;bGVmaWdhcm8uZnJfXzFmMGVhMjk5LWZmMzItNjk1Ni1iNzJkLWE5NzNlMjgzNmNjOV9fQXJ0aWNsZQ==&quot;, &quot;event&quot;: &quot;customEventSPE&quot;}\" target=\"_blank\" rel=\"noopener\"><br \/>\n                    Connectez-vous<br \/>\n                <\/a>\n            <\/p>\n","protected":false},"excerpt":{"rendered":"D\u00c9CRYPTAGE &#8211; Le chef de l\u2019\u00c9tat ukrainien a annonc\u00e9 plusieurs nominations cl\u00e9s dans l\u2019appareil s\u00e9curitaire, dont celle du&hellip;\n","protected":false},"author":2,"featured_media":642630,"comment_status":"","ping_status":"","sticky":false,"template":"","format":"standard","meta":{"footnotes":""},"categories":[1590],"tags":[11,1777,674,131,12,220,134],"class_list":{"0":"post-642629","1":"post","2":"type-post","3":"status-publish","4":"format-standard","5":"has-post-thumbnail","7":"category-ukraine","8":"tag-actualites","9":"tag-eu","10":"tag-europe","11":"tag-guerre-en-ukraine","12":"tag-news","13":"tag-ukraine","14":"tag-volodymyr-zelensky"},"share_on_mastodon":{"url":"https:\/\/pubeurope.com\/@fr\/115842912327471492","error":""},"_links":{"self":[{"href":"https:\/\/www.europesays.com\/fr\/wp-json\/wp\/v2\/posts\/642629","targetHints":{"allow":["GET"]}}],"collection":[{"href":"https:\/\/www.europesays.com\/fr\/wp-json\/wp\/v2\/posts"}],"about":[{"href":"https:\/\/www.europesays.com\/fr\/wp-json\/wp\/v2\/types\/post"}],"author":[{"embeddable":true,"href":"https:\/\/www.europesays.com\/fr\/wp-json\/wp\/v2\/users\/2"}],"replies":[{"embeddable":true,"href":"https:\/\/www.europesays.com\/fr\/wp-json\/wp\/v2\/comments?post=642629"}],"version-history":[{"count":0,"href":"https:\/\/www.europesays.com\/fr\/wp-json\/wp\/v2\/posts\/642629\/revisions"}],"wp:featuredmedia":[{"embeddable":true,"href":"https:\/\/www.europesays.com\/fr\/wp-json\/wp\/v2\/media\/642630"}],"wp:attachment":[{"href":"https:\/\/www.europesays.com\/fr\/wp-json\/wp\/v2\/media?parent=642629"}],"wp:term":[{"taxonomy":"category","embeddable":true,"href":"https:\/\/www.europesays.com\/fr\/wp-json\/wp\/v2\/categories?post=642629"},{"taxonomy":"post_tag","embeddable":true,"href":"https:\/\/www.europesays.com\/fr\/wp-json\/wp\/v2\/tags?post=642629"}],"curies":[{"name":"wp","href":"https:\/\/api.w.org\/{rel}","templated":true}]}}